{"id":151719,"date":"2025-10-02T00:13:09","date_gmt":"2025-10-02T00:13:09","guid":{"rendered":"https:\/\/www.europesays.com\/es\/151719\/"},"modified":"2025-10-02T00:13:09","modified_gmt":"2025-10-02T00:13:09","slug":"francisco-lopez-serrano-gana-el-premio-de-literatura-jose-emilio-pacheco-2025","status":"publish","type":"post","link":"https:\/\/www.europesays.com\/es\/151719\/","title":{"rendered":"Francisco L\u00f3pez Serrano gana el Premio de Literatura Jos\u00e9 Emilio Pacheco 2025"},"content":{"rendered":"<p class=\"text-align-justify\">Por su libro <strong>Hoy es el apocalipsis<\/strong>, presentado con el seud\u00f3nimo Belerofonte, un jurado integrado por M\u00f3nica Lav\u00edn, Claudia Cabrera y Gabi Mart\u00ednez decidi\u00f3 otorgar, de forma un\u00e1nime, el d\u00e9cimo <strong>Premio de Literatura Ciudad y Naturaleza Jos\u00e9 Emilio Pacheco<\/strong> al escritor espa\u00f1ol <strong>Francisco L\u00f3pez Serrano<\/strong>.<\/p>\n<p class=\"text-align-justify\">Se trata de \u201cun vertiginoso <strong>conjunto h\u00edbrido que hace de la obra una apasionante experiencia contempor\u00e1nea y simb\u00f3lica<\/strong>, que invita a reflexionar sobre qui\u00e9nes somos desde \u00e1ngulos originales\u201d, se\u00f1al\u00f3 el jurado calificador en su acta resolutiva. El premio se entregar\u00e1 durante la edici\u00f3n 39 de la\u00a0<a href=\"https:\/\/www.fil.com.mx\/\" rel=\"nofollow noopener\" target=\"_blank\"><strong>Feria Internacional del Libro de Guadalajara<\/strong><\/a><strong>.<\/strong><\/p>\n<p class=\"text-align-justify\">Los 10 cuentos que conforman Hoy es el apocalipsis \u201crevelan las m\u00faltiples posibilidades del g\u00e9nero. <strong>El autor confronta ciudad y naturaleza<\/strong> recurriendo igual a la iron\u00eda que al humor o a escenarios casi apocal\u00edpticos, a la vez que combina realismo con elementos sobrenaturales y fant\u00e1sticos\u201d, consideraron los jurados del certamen.<\/p>\n<p class=\"text-align-justify\">La d\u00e9cima edici\u00f3n de este premio, concebido y bautizado en memoria del escritor mexicano <strong>Jos\u00e9 Emilio Pacheco<\/strong> para incentivar la creaci\u00f3n literaria y la apreciaci\u00f3n est\u00e9tica y emocional de la naturaleza, <strong>convoc\u00f3 a 419 trabajos provenientes de 28 pa\u00edses y de 30 entidades federativas mexicanas.<\/strong><\/p>\n<p class=\"text-align-justify\">Francisco L\u00f3pez Serrano (\u00c9pila, Zaragoza, 1960), ha publicado novelas, libros de relatos y poes\u00eda, as\u00ed como traducciones, lo que le ha valido obtener numerosos premios, entre los que destacan el <strong>Setenil\u00a0<\/strong>al mejor libro de cuentos publicado en Espa\u00f1a, en 2009; el Ignacio Aldecoa, el Gabriel Aresti, el Generaci\u00f3n del 27, el Manuel Llano y el Ciudad de Alcal\u00e1 de Narrativa.<\/p>\n<p class=\"text-align-justify\">Tambi\u00e9n ha sido finalista del<strong> Premio Hispanoamericano de Cuento Gabriel Garc\u00eda M\u00e1rquez<\/strong>. Actualmente colabora en revistas literarias y peri\u00f3dicos como Clar\u00edn, Turia o Heraldo de Arag\u00f3n.<\/p>\n<p class=\"text-align-justify\">Dotado con 10 mil d\u00f3lares estadounidenses, el Premio de Literatura Ciudad y Naturaleza Jos\u00e9 Emilio Pacheco es convocado por la Universidad de Guadalajara, mediante el\u00a0<a href=\"https:\/\/museodecienciasambientales.org.mx\/\" rel=\"nofollow noopener\" target=\"_blank\"><strong>Museo de Ciencias Ambientales<\/strong><\/a> del Centro Cultural Universitario, en colaboraci\u00f3n con la Feria Internacional del Libro de Guadalajara.<\/p>\n<p><strong>Diez a\u00f1os de literatura, ciudad y naturaleza<\/strong><\/p>\n<p class=\"text-align-justify\">A lo largo de 10 a\u00f1os, el Premio de Literatura Ciudad y Naturaleza Jos\u00e9 Emilio Pacheco ha contribuido a la difusi\u00f3n de la escritura y su relaci\u00f3n con la naturaleza en el mundo hispanohablante, como la traducci\u00f3n al ingl\u00e9s de segmentos de las obras ganadoras por el colectivo Women in Translation de la Universidad de Wisconsin-Madison, en Estados Unidos.\u00a0<\/p>\n<p class=\"text-align-justify\">Como parte de los festejos, este a\u00f1o se presentar\u00e1, en el marco de la FIL Guadalajara, <strong>un libro conmemorativo con testimonios de las y los ganadores<\/strong>, as\u00ed como de los jurados en los g\u00e9neros de poes\u00eda y cuento.<\/p>\n<p class=\"text-align-justify\">En sus 10 ediciones el premio ha acumulado a once ganadores, con mil 682 obras provenientes de los 32 estados de la rep\u00fablica mexicana y de 35 pa\u00edses de Am\u00e9rica, Asia, Europa, Medio Oriente y Ocean\u00eda.<\/p>\n<p class=\"text-align-justify\">Este a\u00f1o la convocatoria estuvo dedicada al cuento: se recibieron 419 trabajos provenientes de 28 pa\u00edses y 30 entidades federativas mexicanas. El porcentaje de autoras mujeres tambi\u00e9n ha ido creciendo paulatinamente cada a\u00f1o, <strong>alcanzando 41 por ciento en poes\u00eda y 30 por ciento en cuento<\/strong>.<\/p>\n<p class=\"text-align-justify\">La primera edici\u00f3n del Premio fue recibida ex aequo por los poetas mexicanos Le\u00f3n Plascencia \u00d1ol y Jorge Guti\u00e9rrez Reyna. La segunda edici\u00f3n fue para la argentina Brenda Becette, por La parte profunda. El venezolano Santiago Acosta, con su poemario El pr\u00f3ximo desierto, fue acreedor al galard\u00f3n en su tercera edici\u00f3n.<\/p>\n<p class=\"text-align-justify\">La cuarta edici\u00f3n recay\u00f3 en la narradora mexicana Claudia Cabrera Espinosa, por Posibilidad de los mundos. El poeta mexicano Marco Antonio Rodr\u00edguez Murillo obtuvo la quinta edici\u00f3n por Tal vez el crecimiento de un jard\u00edn sea la \u00fanica forma en que los muertos pueden hablarnos.\u00a0<\/p>\n<p class=\"text-align-justify\">En la sexta edici\u00f3n fue premiada Una ciudad para el fin del mundo, del mexicano Oswaldo Hern\u00e1ndez Trujillo. El poeta salvadore\u00f1o Jorge Gal\u00e1n fue el ganador de la s\u00e9ptima edici\u00f3n del Premio, con Equinoccio, y la octava edici\u00f3n fue para Alejandro von D\u00fcben con su obra En todo cuerpo hay vac\u00edo. En 2024 Un silencio tan blanco, de la escritora Valeria Guzm\u00e1n P\u00e9rez, fue la obra ganadora.<\/p>\n","protected":false},"excerpt":{"rendered":"Por su libro Hoy es el apocalipsis, presentado con el seud\u00f3nimo Belerofonte, un jurado integrado por M\u00f3nica Lav\u00edn,&hellip;\n","protected":false},"author":2,"featured_media":151720,"comment_status":"","ping_status":"","sticky":false,"template":"","format":"standard","meta":{"footnotes":""},"categories":[172],"tags":[224,146,147,25,24,225,45944,45945,23],"class_list":{"0":"post-151719","1":"post","2":"type-post","3":"status-publish","4":"format-standard","5":"has-post-thumbnail","7":"category-libros","8":"tag-books","9":"tag-entertainment","10":"tag-entretenimiento","11":"tag-es","12":"tag-espana","13":"tag-libros","14":"tag-museo-de-ciencias-ambientales","15":"tag-premio-de-literatura-jose-emilio-pacheco","16":"tag-spain"},"share_on_mastodon":{"url":"","error":""},"_links":{"self":[{"href":"https:\/\/www.europesays.com\/es\/wp-json\/wp\/v2\/posts\/151719","targetHints":{"allow":["GET"]}}],"collection":[{"href":"https:\/\/www.europesays.com\/es\/wp-json\/wp\/v2\/posts"}],"about":[{"href":"https:\/\/www.europesays.com\/es\/wp-json\/wp\/v2\/types\/post"}],"author":[{"embeddable":true,"href":"https:\/\/www.europesays.com\/es\/wp-json\/wp\/v2\/users\/2"}],"replies":[{"embeddable":true,"href":"https:\/\/www.europesays.com\/es\/wp-json\/wp\/v2\/comments?post=151719"}],"version-history":[{"count":0,"href":"https:\/\/www.europesays.com\/es\/wp-json\/wp\/v2\/posts\/151719\/revisions"}],"wp:featuredmedia":[{"embeddable":true,"href":"https:\/\/www.europesays.com\/es\/wp-json\/wp\/v2\/media\/151720"}],"wp:attachment":[{"href":"https:\/\/www.europesays.com\/es\/wp-json\/wp\/v2\/media?parent=151719"}],"wp:term":[{"taxonomy":"category","embeddable":true,"href":"https:\/\/www.europesays.com\/es\/wp-json\/wp\/v2\/categories?post=151719"},{"taxonomy":"post_tag","embeddable":true,"href":"https:\/\/www.europesays.com\/es\/wp-json\/wp\/v2\/tags?post=151719"}],"curies":[{"name":"wp","href":"https:\/\/api.w.org\/{rel}","templated":true}]}}