{"id":151723,"date":"2025-10-02T00:15:11","date_gmt":"2025-10-02T00:15:11","guid":{"rendered":"https:\/\/www.europesays.com\/es\/151723\/"},"modified":"2025-10-02T00:15:11","modified_gmt":"2025-10-02T00:15:11","slug":"estar-en-el-estudio-es-mi-corazon-mariah-carey-presenta-el-disco-que-marca-su-regreso","status":"publish","type":"post","link":"https:\/\/www.europesays.com\/es\/151723\/","title":{"rendered":"\u201cEstar en el estudio es mi coraz\u00f3n\u201d, Mariah Carey presenta el disco que marca su regreso"},"content":{"rendered":"<p>Mariah Carey regresa con nuevo \u00e1lbum y reafirma su versatilidad art\u00edstica<\/p>\n<p class=\"paragraph\"><a href=\"https:\/\/www.infobae.com\/tag\/mariah-carey\/\" target=\"_blank\" rel=\"noreferrer nofollow noopener\" title=\"https:\/\/www.infobae.com\/tag\/mariah-carey\/\"><b>Mariah Carey<\/b><\/a> vuelve al centro de la escena musical con el lanzamiento de <a href=\"https:\/\/www.infobae.com\/entretenimiento\/2025\/09\/26\/mariah-carey-lanzo-here-for-it-all-y-renueva-su-influencia-en-la-musica-pop\/\" target=\"_blank\" rel=\"noreferrer nofollow noopener\" title=\"https:\/\/www.infobae.com\/entretenimiento\/2025\/09\/26\/mariah-carey-lanzo-here-for-it-all-y-renueva-su-influencia-en-la-musica-pop\/\"><b>Here For It All<\/b><\/a>, su primer disco de estudio en siete a\u00f1os. Para la cantante, este nuevo \u00e1lbum es mucho m\u00e1s que un regreso; simboliza una etapa de reinvenci\u00f3n y confianza en su proceso creativo. <\/p>\n<p class=\"paragraph\">Durante una entrevista exclusiva con Elle, Carey detall\u00f3 c\u00f3mo las sesiones de grabaci\u00f3n se transformaron en un espacio de libertad, alejado de todo c\u00e1lculo comercial. <\/p>\n<p class=\"paragraph\">\u201c<b>Empec\u00e9 a hacer algunos discos y luego ten\u00eda tres, despu\u00e9s cuatro<\/b>. Segu\u00ed escribiendo y grabando diferentes canciones. Decid\u00ed que, ahora que tenemos cinco nuevos sencillos, hag\u00e1moslos todos\u201d, explic\u00f3 la artista. <\/p>\n<p><img alt=\"La cantante equilibra su carrera\" class=\"global-image\" decoding=\"async\" fetchpriority=\"low\" height=\"2966\" loading=\"lazy\" src=\"https:\/\/www.europesays.com\/es\/wp-content\/uploads\/2025\/10\/23XNUIUJAJA33GCF54PDZMJCDE.JPG\" width=\"4450\"\/>La cantante equilibra su carrera musical con la crianza de sus hijos gemelos (REUTERS\/Brendan Mcdermid)<\/p>\n<p class=\"paragraph\">El resultado es un proyecto construido a partir de la experimentaci\u00f3n, donde destaca una balada hom\u00f3nima que entrelaza su cl\u00e1sico estilo vocal con la potencia del g\u00f3spel.<\/p>\n<p class=\"paragraph\">Carey, que ya transit\u00f3 varias d\u00e9cadas en la industria, explora aqu\u00ed <b>nuevos sonidos<\/b> y <b>colaboraciones<\/b>, permiti\u00e9ndose arriesgar y sumar matices diferentes en cada tema. De este modo, reafirma que, m\u00e1s all\u00e1 del \u00e9xito, su prioridad est\u00e1 puesta en el arte real y en la conexi\u00f3n con su propia voz.<\/p>\n<p class=\"paragraph\">Lejos de los focos, <b>Carey<\/b> profundiza su rol como madre de <b>Monroe<\/b> y <b>Moroccan<\/b>, sus hijos gemelos de 14 a\u00f1os. Ambos compartieron escenario con ella durante su tradicional espect\u00e1culo navide\u00f1o en la \u00faltima temporada, pero este a\u00f1o eligieron no acompa\u00f1arla en Las Vegas. <\/p>\n<p><img alt=\"La artista prioriza la autenticidad\" class=\"global-image\" decoding=\"async\" fetchpriority=\"low\" height=\"1485\" loading=\"lazy\" src=\"https:\/\/www.europesays.com\/es\/wp-content\/uploads\/2025\/10\/LZ73QL5U4JKVYJMVWFWRS4XM4Q.jpg\" width=\"2353\"\/>La artista prioriza la autenticidad y la conexi\u00f3n personal en su m\u00fasica (REUTERS\/Mario Anzuoni)<\/p>\n<p class=\"paragraph\">Ese intercambio familiar \u2014incluida una videollamada en la que Carey trat\u00f3 de convencer a Monroe, que luc\u00eda una camiseta de <b>Olivia Rodrigo<\/b>\u2014 refleja la naturalidad y el v\u00ednculo genuino que la artista sostiene en la intimidad. <\/p>\n<p class=\"paragraph\">Para Carey, el equilibrio entre la m\u00fasica y la maternidad no responde a f\u00f3rmulas, sino a decisiones cotidianas y sensibilidad, una faceta que rara vez es expuesta bajo los reflectores.<\/p>\n<p class=\"paragraph\">El regreso discogr\u00e1fico de <b>Carey<\/b> se da en un contexto de nuevos homenajes. Este verano obtuvo el <b>Ultimate Icon Award<\/b> de BET y, en septiembre, recibi\u00f3 el <b>Video Vanguard Award<\/b> de MTV, que reconoce su larga trayectoria. <\/p>\n<p><img alt=\"Ariana Grande destac\u00f3 la influencia\" class=\"global-image\" decoding=\"async\" fetchpriority=\"low\" height=\"1940\" loading=\"lazy\" src=\"https:\/\/www.europesays.com\/es\/wp-content\/uploads\/2025\/10\/JCE222M64ZF7TK4ZAI426ZKQAA.JPG\" width=\"2673\"\/>Ariana Grande destac\u00f3 la influencia de Carey en la cultura pop durante la ceremonia de MTV (REUTERS\/Brendan Mcdermid)<\/p>\n<p class=\"paragraph\">La pasi\u00f3n por la m\u00fasica sigue intacta. \u201c<b>Estar en el estudio es mi coraz\u00f3n<\/b>\u201d, afirm\u00f3 Carey a Elle. Su presente est\u00e1 definido por la honestidad art\u00edstica, el valor del hogar y la decisi\u00f3n de mantenerse siempre fiel a s\u00ed misma. <\/p>\n<p class=\"paragraph\">Ariana Grande, encargada de presentarla en la ceremonia de MTV, resumi\u00f3 su influencia con la frase: \u201cLa raz\u00f3n por la que tantas de nosotras cantamos\u201d, s\u00edntesis de una huella profunda en la cultura pop. Sin embargo, Carey toma distancia frente al r\u00f3tulo de \u201cicono\u201d que suelen asignarle: <b>\u201cNo creo que lo sea. Todos me dicen que lo soy, pero no lo s\u00e9\u201d<\/b>, confes\u00f3. <\/p>\n<p class=\"paragraph\">Su respuesta, lejos de una falsa modestia, abre un espacio de reflexi\u00f3n sobre el propio camino y la dificultad de asimilar la magnitud de un legado mientras sigue activo.<\/p>\n<p><img alt=\"Mariah Carey explora nuevos g\u00e9neros\" class=\"global-image\" decoding=\"async\" fetchpriority=\"low\" height=\"4000\" loading=\"lazy\" src=\"https:\/\/www.europesays.com\/es\/wp-content\/uploads\/2025\/10\/ETHUOK6URPSYCN6QMWKVV5GH74.jpg\" width=\"6000\"\/>Mariah Carey explora nuevos g\u00e9neros y reafirma su autenticidad en su \u00faltimo disco (REUTERS\/Mario Anzuoni)<\/p>\n<p class=\"paragraph\">El disco incluye canciones como Sugar Sweet, grabada con <b>Kehlani<\/b> y <b>Shenseea<\/b>, en la que Carey despliega una veta pop delicada, y Type Dangerous, donde muestra un tono m\u00e1s desenfadado y directo. <\/p>\n<p class=\"paragraph\">En este \u00faltimo tema, se detiene en versos como <b>\u201cNo conocen el significado de agua ni de jab\u00f3n\u201d<\/b>, dejando claro que puede moverse entre g\u00e9neros y estilos con soltura. <\/p>\n<p class=\"paragraph\">La artista tambi\u00e9n coment\u00f3 a Elle que valora los \u00e9xitos cl\u00e1sicos, aunque no siempre desea interpretarlos en sus shows. <b>\u201cEstoy muy agradecida por \u2018Hero\u2019, pero no siempre quiero cantarla porque la hemos hecho bastante\u201d<\/b>, coment\u00f3, mostrando autenticidad al exponer lo que siente en relaci\u00f3n con su repertorio hist\u00f3rico.<\/p>\n<p><img alt=\"La cantante observa con iron\u00eda\" class=\"global-image\" decoding=\"async\" fetchpriority=\"low\" height=\"1306\" loading=\"lazy\" src=\"https:\/\/www.europesays.com\/es\/wp-content\/uploads\/2025\/10\/XG3AR6QFONA5E67UIII4OH6ITM.jpg\" width=\"1707\"\/>La cantante observa con iron\u00eda la diversidad de voces en la escena pop actual (AP\/Damian Dovarganes)<\/p>\n<p class=\"paragraph\">En cuanto a la escena del pop actual, Carey observa la diversidad de nuevas voces con distancia e iron\u00eda: \u201cAlgunas de las chicas nuevas, pienso: \u2018Eso es interesante\u2019. Y otras, simplemente, \u2018Eso es interesante\u2019\u201d. La declaraci\u00f3n marca una posici\u00f3n genuina frente al fen\u00f3meno de renovaciones y tendencias dentro del ciclo musical.<\/p>\n<p class=\"paragraph\">Con Here For It All, la artista demuestra que su historia a\u00fan tiene cap\u00edtulos cruciales por recorrer y que cada regreso responde m\u00e1s a una necesidad vital que a una exigencia del mercado.<\/p>\n","protected":false},"excerpt":{"rendered":"Mariah Carey regresa con nuevo \u00e1lbum y reafirma su versatilidad art\u00edstica Mariah Carey vuelve al centro de la&hellip;\n","protected":false},"author":2,"featured_media":151724,"comment_status":"","ping_status":"","sticky":false,"template":"","format":"standard","meta":{"footnotes":""},"categories":[170],"tags":[3118,43114,146,147,25,24,184,185,3119,23],"class_list":{"0":"post-151723","1":"post","2":"type-post","3":"status-publish","4":"format-standard","5":"has-post-thumbnail","7":"category-musica","8":"tag-arts-culture-entertainment","9":"tag-elmont","10":"tag-entertainment","11":"tag-entretenimiento","12":"tag-es","13":"tag-espana","14":"tag-music","15":"tag-musica","16":"tag-north-america","17":"tag-spain"},"share_on_mastodon":{"url":"","error":""},"_links":{"self":[{"href":"https:\/\/www.europesays.com\/es\/wp-json\/wp\/v2\/posts\/151723","targetHints":{"allow":["GET"]}}],"collection":[{"href":"https:\/\/www.europesays.com\/es\/wp-json\/wp\/v2\/posts"}],"about":[{"href":"https:\/\/www.europesays.com\/es\/wp-json\/wp\/v2\/types\/post"}],"author":[{"embeddable":true,"href":"https:\/\/www.europesays.com\/es\/wp-json\/wp\/v2\/users\/2"}],"replies":[{"embeddable":true,"href":"https:\/\/www.europesays.com\/es\/wp-json\/wp\/v2\/comments?post=151723"}],"version-history":[{"count":0,"href":"https:\/\/www.europesays.com\/es\/wp-json\/wp\/v2\/posts\/151723\/revisions"}],"wp:featuredmedia":[{"embeddable":true,"href":"https:\/\/www.europesays.com\/es\/wp-json\/wp\/v2\/media\/151724"}],"wp:attachment":[{"href":"https:\/\/www.europesays.com\/es\/wp-json\/wp\/v2\/media?parent=151723"}],"wp:term":[{"taxonomy":"category","embeddable":true,"href":"https:\/\/www.europesays.com\/es\/wp-json\/wp\/v2\/categories?post=151723"},{"taxonomy":"post_tag","embeddable":true,"href":"https:\/\/www.europesays.com\/es\/wp-json\/wp\/v2\/tags?post=151723"}],"curies":[{"name":"wp","href":"https:\/\/api.w.org\/{rel}","templated":true}]}}