{"id":151725,"date":"2025-10-02T00:16:09","date_gmt":"2025-10-02T00:16:09","guid":{"rendered":"https:\/\/www.europesays.com\/es\/151725\/"},"modified":"2025-10-02T00:16:09","modified_gmt":"2025-10-02T00:16:09","slug":"maria-fernanda-cabal-revelo-la-millonada-que-les-costo-a-los-colombianos-el-documental-sobre-petro-es-propaganda-pagada","status":"publish","type":"post","link":"https:\/\/www.europesays.com\/es\/151725\/","title":{"rendered":"Mar\u00eda Fernanda Cabal revel\u00f3 la millonada que les cost\u00f3 a los colombianos el documental sobre Petro: \u201cEs propaganda pagada\u201d"},"content":{"rendered":"<p><img alt=\"Mar\u00eda Fernanda Cabal calific\u00f3 el\" class=\"global-image\" decoding=\"async\" fetchpriority=\"high\" height=\"1080\" loading=\"eager\" src=\"https:\/\/www.europesays.com\/es\/wp-content\/uploads\/2025\/10\/LPBLCQDPRFD4PORVNEUTSESINM.jpg\" width=\"1920\"\/>Mar\u00eda Fernanda Cabal calific\u00f3 el documental de Petro como un acto de propaganda disfrazado de contenido cultural &#8211; cr\u00e9dito Jes\u00fas Aviles\/Infobae<\/p>\n<p class=\"paragraph\">La senadora y precandidata presidencial Mar\u00eda Fernanda Cabal critic\u00f3 con firmeza el estreno del documental Petro: d\u00e9cadas de lucha. Un pueblo decide, al se\u00f1alar que se usaron recursos p\u00fablicos para promover la imagen del presidente Gustavo Petro. Para la congresista, esta producci\u00f3n representa un acto de autopromoci\u00f3n financiado por el Estado.<\/p>\n<p class=\"paragraph\">La legisladora del Centro Democr\u00e1tico, conocida por su rol opositor, expres\u00f3 su rechazo en forma directa y sin ambig\u00fcedades. A trav\u00e9s de sus redes sociales,<b> acus\u00f3 a RTVC \u2014el sistema de medios p\u00fablicos\u2014 de utilizar fondos del Estado para financiar una producci\u00f3n que, seg\u00fan sus palabras, \u201calimenta el ego del presidente\u201d.<\/b><\/p>\n<p class=\"paragraph\"><b>Ahora puede seguirnos en<\/b><a rel=\"noopener nofollow\" href=\"https:\/\/www.facebook.com\/infobaecolombia\" target=\"_blank\"><b> Facebook<\/b><\/a><b> y en nuestro<\/b><a rel=\"noopener nofollow\" href=\"https:\/\/whatsapp.com\/channel\/0029Va4oNEALikgEL4Y8mb2K\" target=\"_blank\"><b> WhatsApp Channel<\/b><\/a><b>.<\/b><\/p>\n<p class=\"paragraph\">El documental, dirigido por el cineasta estadounidense Sean Mattison, se estren\u00f3 la noche del domingo 21 de septiembre por Se\u00f1al Colombia. Con una duraci\u00f3n de 98 minutos, la obra recorre momentos clave de la vida pol\u00edtica de Gustavo Petro, desde sus inicios en el M-19 hasta su llegada a la Presidencia en 2022. <\/p>\n<p><img alt=\"Ya son varias las producciones\" class=\"global-image\" decoding=\"async\" fetchpriority=\"low\" height=\"1080\" loading=\"lazy\" src=\"https:\/\/www.europesays.com\/es\/wp-content\/uploads\/2025\/10\/VX5U2M3C6VDSTHOG5CDC44COLM.png\" width=\"1920\"\/>Ya son varias las producciones que quieren mostrar la vida de Gustavo Petro. El domingo 21 de septiembre se estren\u00f3 el documental &#8211; cr\u00e9dito senalcolombiatv\/Instagram<\/p>\n<p class=\"paragraph\">Seg\u00fan los responsables de la producci\u00f3n, el documental pretende ofrecer una visi\u00f3n sobre las transformaciones pol\u00edticas del pa\u00eds y el papel del actual jefe de Estado en ese proceso.<\/p>\n<p class=\"paragraph\">Sin embargo, para Cabal, el proyecto no responde a intereses informativos ni culturales; la senadora sostiene que se trata de propaganda financiada con dinero p\u00fablico. En su primer mensaje, anticip\u00f3 la revelaci\u00f3n de los detalles financieros del contrato.<\/p>\n<p class=\"paragraph\">\u201cEn minutos revelar\u00e9 el costo de este \u2018documental\u2019 que le hicieron a Petro con recursos p\u00fablicos para alimentar su ego de narciso.<b> No hay derecho que aqu\u00ed los colombianos trabajen para que \u00e9l ordene documentales para hacerse autopropaganda\u201d<\/b>, escribi\u00f3.<\/p>\n<p><img alt=\"La congresista del Centro Democr\u00e1tico\" class=\"global-image\" decoding=\"async\" fetchpriority=\"low\" height=\"742\" loading=\"lazy\" src=\"https:\/\/www.europesays.com\/es\/wp-content\/uploads\/2025\/10\/2ZPL5I5CIFEX7NKQOD6AMIY22U.png\" width=\"635\"\/>La congresista del Centro Democr\u00e1tico acus\u00f3 al Gobierno de utilizar Se\u00f1al Colombia para promover la imagen del presidente, a costa del erario p\u00fablico &#8211; cr\u00e9dito @MariaFdaCabal\/X<\/p>\n<p class=\"paragraph\">Minutos despu\u00e9s, la congresista public\u00f3 la informaci\u00f3n que, seg\u00fan ella, demuestra el despilfarro por parte de los medios del Estado.<\/p>\n<p class=\"paragraph\"><b>\u201cEl video \u2018documental\u2019 sobre Petro que emiti\u00f3 RTVC fue comprado por un valor de USD 10.000. Cada una de las emisiones seg\u00fan el contrato cuesta USD 3.333. No hay derecho que est\u00e9n gastando la plata de los colombianos en la megaloman\u00eda de Petro, que se siente todo un Ner\u00f3n mientras Colombia arde (sic)\u201d<\/b>, afirm\u00f3 Cabal en su cuenta oficial.<\/p>\n<p class=\"paragraph\">Junto al mensaje, la senadora comparti\u00f3 una imagen del contrato donde se especifica el costo y las condiciones del licenciamiento. El documento est\u00e1 suscrito con Parkway Pictures LLC y establece la compra del derecho de uso de la obra audiovisual.<\/p>\n<p><img alt=\"La senadora Mar\u00eda Fernanda Cabal\" class=\"global-image\" decoding=\"async\" fetchpriority=\"low\" height=\"506\" loading=\"lazy\" src=\"https:\/\/www.europesays.com\/es\/wp-content\/uploads\/2025\/10\/4K2DGLNRSVFNJLIPAJ5OYOW3UE.png\" width=\"1046\"\/>La senadora Mar\u00eda Fernanda Cabal denunci\u00f3 que el documental \u201cPetro: d\u00e9cadas de lucha\u201d fue financiado con recursos p\u00fablicos &#8211; cr\u00e9dito @MariaFdaCabal\/X<\/p>\n<p class=\"paragraph\">Seg\u00fan la copia difundida, el acuerdo contempla lo siguiente:<\/p>\n<ul data-icon=\"\u2b24\" class=\"list\">\n<li data-icon=\"\u2b24\"><b>T\u00edtulo<\/b>: Petro<\/li>\n<li data-icon=\"\u2b24\"><b>Duraci\u00f3n<\/b>: 98 minutos<\/li>\n<li data-icon=\"\u2b24\"><b>Valor<\/b>: 10.000 d\u00f3lares estadounidenses (USD10.000)<\/li>\n<li data-icon=\"\u2b24\"><b>N\u00famero de emisiones<\/b>: 4<\/li>\n<li data-icon=\"\u2b24\"><b>Tipo de licencia<\/b>: Emisi\u00f3n por se\u00f1al abierta, plataformas OTT y otros medios autorizados por Se\u00f1al Colombia. Los derechos de uso son intransferibles.<\/li>\n<\/ul>\n<p class=\"paragraph\">Mar\u00eda Fernanda Cabal calific\u00f3 el gasto como un acto injustificable, en un momento donde, seg\u00fan su visi\u00f3n, el pa\u00eds enfrenta m\u00faltiples dificultades. La congresista denunci\u00f3 que el Gobierno prioriza la imagen del presidente mientras persisten problemas graves en sectores clave como la econom\u00eda, la seguridad y el empleo.<\/p>\n<p><img alt=\"Cabal public\u00f3 el contrato del\" class=\"global-image\" decoding=\"async\" fetchpriority=\"low\" height=\"1221\" loading=\"lazy\" src=\"https:\/\/www.europesays.com\/es\/wp-content\/uploads\/2025\/10\/ZTIFBJ3BWFEK5CL5S4IYZEATLQ.jpg\" width=\"1600\"\/>Cabal public\u00f3 el contrato del documental \u201cPetro\u201d, afirmando que el gasto es injustificable en un pa\u00eds con serias dificultades econ\u00f3micas y sociales &#8211; cr\u00e9dito @MariaFdaCabal\/X<\/p>\n<p class=\"paragraph\">El debate alrededor del uso de recursos del Estado para este tipo de producciones no es nuevo. En esta ocasi\u00f3n; sin embargo, gan\u00f3 fuerza debido al protagonismo del presidente en la obra, y al hecho de que la compra se realiz\u00f3 a una productora internacional en d\u00f3lares, a trav\u00e9s de un canal p\u00fablico financiado por el presupuesto nacional.<\/p>\n<p class=\"paragraph\">Hasta el momento, el documental contin\u00faa disponible en la plataforma se\u00f1alada y ni el Gobierno ni Rtvc informaron sobre nuevas emisiones o precisado el costo total del proyecto, aparte de la cifra divulgada por la senadora.<\/p>\n<p class=\"paragraph\">Petro: d\u00e9cadas de lucha es un documental producido por Rtvc que narra la trayectoria pol\u00edtica y personal de Gustavo Petro, actual presidente de Colombia. <\/p>\n<p><img alt=\"El documental, dirigido por el\" class=\"global-image\" decoding=\"async\" fetchpriority=\"low\" height=\"1080\" loading=\"lazy\" src=\"https:\/\/www.europesays.com\/es\/wp-content\/uploads\/2025\/10\/UNQ2KKGDFRGLJG6575VYX2X32I.jpg\" width=\"1920\"\/>El documental, dirigido por el cineasta Sean Mattison, narra la trayectoria pol\u00edtica de Petro desde su militancia en el M-19 hasta su llegada a la presidencia &#8211; cr\u00e9dito Jes\u00fas Aviles\/Infobae<\/p>\n<p class=\"paragraph\">A trav\u00e9s de material de archivo, entrevistas y testimonios, el documental recorre los momentos clave de su vida: <b>desde sus inicios como militante del movimiento M-19, pasando por su papel como congresista y alcalde de Bogot\u00e1, hasta llegar a la presidencia del pa\u00eds. <\/b><\/p>\n<p class=\"paragraph\">La producci\u00f3n busca ofrecer una mirada cr\u00edtica y contextualizada sobre las luchas sociales, pol\u00edticas e ideol\u00f3gicas que han marcado su camino, as\u00ed como los desaf\u00edos que ha enfrentado en su lucha por transformar Colombia.<\/p>\n","protected":false},"excerpt":{"rendered":"Mar\u00eda Fernanda Cabal calific\u00f3 el documental de Petro como un acto de propaganda disfrazado de contenido cultural &#8211;&hellip;\n","protected":false},"author":2,"featured_media":151726,"comment_status":"","ping_status":"","sticky":false,"template":"","format":"standard","meta":{"footnotes":""},"categories":[169],"tags":[177,146,147,25,24,176,175,23],"class_list":{"0":"post-151725","1":"post","2":"type-post","3":"status-publish","4":"format-standard","5":"has-post-thumbnail","7":"category-cine","8":"tag-cine","9":"tag-entertainment","10":"tag-entretenimiento","11":"tag-es","12":"tag-espana","13":"tag-film","14":"tag-movies","15":"tag-spain"},"share_on_mastodon":{"url":"","error":""},"_links":{"self":[{"href":"https:\/\/www.europesays.com\/es\/wp-json\/wp\/v2\/posts\/151725","targetHints":{"allow":["GET"]}}],"collection":[{"href":"https:\/\/www.europesays.com\/es\/wp-json\/wp\/v2\/posts"}],"about":[{"href":"https:\/\/www.europesays.com\/es\/wp-json\/wp\/v2\/types\/post"}],"author":[{"embeddable":true,"href":"https:\/\/www.europesays.com\/es\/wp-json\/wp\/v2\/users\/2"}],"replies":[{"embeddable":true,"href":"https:\/\/www.europesays.com\/es\/wp-json\/wp\/v2\/comments?post=151725"}],"version-history":[{"count":0,"href":"https:\/\/www.europesays.com\/es\/wp-json\/wp\/v2\/posts\/151725\/revisions"}],"wp:featuredmedia":[{"embeddable":true,"href":"https:\/\/www.europesays.com\/es\/wp-json\/wp\/v2\/media\/151726"}],"wp:attachment":[{"href":"https:\/\/www.europesays.com\/es\/wp-json\/wp\/v2\/media?parent=151725"}],"wp:term":[{"taxonomy":"category","embeddable":true,"href":"https:\/\/www.europesays.com\/es\/wp-json\/wp\/v2\/categories?post=151725"},{"taxonomy":"post_tag","embeddable":true,"href":"https:\/\/www.europesays.com\/es\/wp-json\/wp\/v2\/tags?post=151725"}],"curies":[{"name":"wp","href":"https:\/\/api.w.org\/{rel}","templated":true}]}}