{"id":151727,"date":"2025-10-02T00:17:11","date_gmt":"2025-10-02T00:17:11","guid":{"rendered":"https:\/\/www.europesays.com\/es\/151727\/"},"modified":"2025-10-02T00:17:11","modified_gmt":"2025-10-02T00:17:11","slug":"al-athletic-no-le-alcanza-con-la-segunda-parte-y-cae-en-dortmund-el-pais","status":"publish","type":"post","link":"https:\/\/www.europesays.com\/es\/151727\/","title":{"rendered":"Al Athletic no le alcanza con la segunda parte y cae en Dortmund &#8211; EL PA\u00cdS"},"content":{"rendered":"<ol>\n<li><a href=\"https:\/\/news.google.com\/rss\/articles\/CBMitgFBVV95cUxOX3VfYTNQclNhbHcwTEZpcXd5aEdDbHFfYXBmRTY3N0hTdi1jbHlOLThfX1ZWMjRBamRnZDBCVDBlZ3p0a2lzcWg5M1NEQmM4Z0tzaGxuQ3NGeG5welpiNC1ORnZpNHM2akNMSWUtQWVyclNBQVhwNnprOVU0NGc3bHFzUldDcGlzOG9CeFJVQnl0RUhiU3d2ZlpOUEV6UUs5YUJHQXRXMXpmRk1hUnI4WjAwTE9vd9IBygFBVV95cUxQeFdfdlVhb0dKSjR5ZGtVRkFGVGpCNEloTFZJZGhWQ3lBNFpSMk5IQ2kwc01WaGhOdGhvMXM1YjZZN05EVDRhS2d2OHNDMjMyY3ZWZkw1TkVaeXBZUEdweGY3V0s1dmpzZV9nMWFXM2dTcjhQYlpKNWtZOWFHaXJadnJTalVUck9MOERZSzRiUDhXQUQzU0tNVHltM3VJdzNfa1o5T2RpYjYtX193WndtbEQyVXIwZGN1dkFCUExxeC03UDNUUjNUemJn?oc=5\" target=\"_blank\" rel=\"nofollow noopener\">Al Athletic no le alcanza con la segunda parte y cae en Dortmund<\/a>&nbsp;&nbsp;EL PA\u00cdS<\/li>\n<li><a href=\"https:\/\/news.google.com\/rss\/articles\/CBMib0FVX3lxTE5EUDNCN1hlQ3FmZlR4ai1sT1pyQ2VaMXk5bVlDelZCQ1BMR0ZyTFI2WVJqZGk2VjZ2c3A2cHJiUlE1Q1ZjQjhLZ0x5R1NwTWNzU0hZODY3SnZraWVXdFREV09KR3p5blFzT2RiVUpRbw?oc=5\" target=\"_blank\" rel=\"nofollow noopener\">La Champions se le indigesta al Athletic<\/a>&nbsp;&nbsp;Diario AS<\/li>\n<li><a href=\"https:\/\/news.google.com\/rss\/articles\/CBMinAFBVV95cUxPNFl4X2hUMEpOX0xtd0QxS0pCTzJGcWIzc0dLUVdyUDR4bWFUMjU5QVo0NnJiOGJLc3lXMDhXOWcyR0prQkdkdFF0VVhJUjVoWXJkSXF1aXlCelQ2Q29xOE1LeU1NX1RmNGJfQzZuY1JXQW5mN3B3dVZwb2hTR1NVMmx0WlBpMGRuYUlCVnZVbjlTLTI0TWZvT0FKQW4?oc=5\" target=\"_blank\" rel=\"nofollow noopener\">Champions: Un Athletic anticompetitivo se condena en Dortmund | Champions League 2025 &#8211; 2026<\/a>&nbsp;&nbsp;El Mundo<\/li>\n<li><a href=\"https:\/\/news.google.com\/rss\/articles\/CBMiwAFBVV95cUxOWkg1S2NCNm5DZ09ldVRTYmxzYWUxaDR5ekdPeHV1QUhGT0p2WF9FaHVEY05wYmRTZzkxU3hWVGNMUTJQNkNka2FCN01pbkdULURlR3hiRnRYcGlXSXJfbGJvcVdIU1lpdzdiNzFUYXIyQlZCWml4UGlvbF9POThqd3ZGcXhVTlhkbTlRM2NPR2JqWXpBekNydEZiN2JzVmlnWk5QeVZWODRWZ3RoUVlzQW1PZ2M2Q2hlZjAyWlJlSTnSAcYBQVVfeXFMTUhtb1ZOWExiTUxSUjZyUHNxdTR2bDRNWG1GbWdmV1d4c1VoZTg0R0N1Qm1vaFF6RTNJMkpTT3pLb0puWlR4MzlUT2lkZnBCVGtaU2psRVFfTGZ3QW91Uy1TN09BVmNmbGVzLU1QNDY0OGpINURnbXA0aVVuQ0xIS0VkV1VoLUdoQmYxb1kyVFp3Vy1sb0lvOS00a0RlSWx6emRVZ18yakFiUGsxZE9qNlVIdWlnREVkMDJnMnNmQkFQc3JLM09B?oc=5\" target=\"_blank\" rel=\"nofollow noopener\">El Borussia Dortmund aplasta al Athletic (4-1) y el Villarreal rasca un empate contra la Juventus (1-1)<\/a>&nbsp;&nbsp;El Confidencial<\/li>\n<li><a href=\"https:\/\/news.google.com\/rss\/articles\/CBMiqgFBVV95cUxOc2FWWmlmR2lkOUpXQjdLc1B5T0JpYkhnLVRMaUpjLW5DSjdTLWFxUXNrOEhXZGFoU0ItcUZQaGtLWGp5RXU1NTNTRzdybWxNSHczUnJIU19pYXhRV0twNUxadTZVTnRhSHdUNW40YWtMUTZtallwVWlGVEFtNVFnRVB2Z3NkbW9sR0FTcmVLcGNYSnR4NkVZZl93VVNBdHlCNnNrQi1ZY1ptQQ?oc=5\" target=\"_blank\" rel=\"nofollow noopener\">As\u00ed rugi\u00f3 ante el Athletic el muro amarillo, la grada de animaci\u00f3n m\u00e1s potente de Europa<\/a>&nbsp;&nbsp;El Correo<\/li>\n<\/ol>\n","protected":false},"excerpt":{"rendered":"Al Athletic no le alcanza con la segunda parte y cae en Dortmund&nbsp;&nbsp;EL PA\u00cdS La Champions se le&hellip;\n","protected":false},"author":2,"featured_media":151271,"comment_status":"","ping_status":"","sticky":false,"template":"","format":"standard","meta":{"footnotes":""},"categories":[93],"tags":[168,25,24,23,167],"class_list":{"0":"post-151727","1":"post","2":"type-post","3":"status-publish","4":"format-standard","5":"has-post-thumbnail","7":"category-deportes","8":"tag-deportes","9":"tag-es","10":"tag-espana","11":"tag-spain","12":"tag-sports"},"share_on_mastodon":{"url":"","error":""},"_links":{"self":[{"href":"https:\/\/www.europesays.com\/es\/wp-json\/wp\/v2\/posts\/151727","targetHints":{"allow":["GET"]}}],"collection":[{"href":"https:\/\/www.europesays.com\/es\/wp-json\/wp\/v2\/posts"}],"about":[{"href":"https:\/\/www.europesays.com\/es\/wp-json\/wp\/v2\/types\/post"}],"author":[{"embeddable":true,"href":"https:\/\/www.europesays.com\/es\/wp-json\/wp\/v2\/users\/2"}],"replies":[{"embeddable":true,"href":"https:\/\/www.europesays.com\/es\/wp-json\/wp\/v2\/comments?post=151727"}],"version-history":[{"count":0,"href":"https:\/\/www.europesays.com\/es\/wp-json\/wp\/v2\/posts\/151727\/revisions"}],"wp:featuredmedia":[{"embeddable":true,"href":"https:\/\/www.europesays.com\/es\/wp-json\/wp\/v2\/media\/151271"}],"wp:attachment":[{"href":"https:\/\/www.europesays.com\/es\/wp-json\/wp\/v2\/media?parent=151727"}],"wp:term":[{"taxonomy":"category","embeddable":true,"href":"https:\/\/www.europesays.com\/es\/wp-json\/wp\/v2\/categories?post=151727"},{"taxonomy":"post_tag","embeddable":true,"href":"https:\/\/www.europesays.com\/es\/wp-json\/wp\/v2\/tags?post=151727"}],"curies":[{"name":"wp","href":"https:\/\/api.w.org\/{rel}","templated":true}]}}