{"id":151728,"date":"2025-10-02T00:19:14","date_gmt":"2025-10-02T00:19:14","guid":{"rendered":"https:\/\/www.europesays.com\/es\/151728\/"},"modified":"2025-10-02T00:19:14","modified_gmt":"2025-10-02T00:19:14","slug":"rosa-rodriguez-emocionada-al-decir-adios-en-pasapalabra-estoy-un-poquito-triste","status":"publish","type":"post","link":"https:\/\/www.europesays.com\/es\/151728\/","title":{"rendered":"Rosa Rodr\u00edguez emocionada al decir adi\u00f3s en Pasapalabra: \u00abEstoy un poquito triste\u00bb"},"content":{"rendered":"<p>La tarde del martes 30 septiembre, adem\u00e1s de suponer el final del mes, tambi\u00e9n ha sido el final de su paso como <a href=\"https:\/\/okdiario.com\/happyfm\/quien-va-hoy-como-invitado-pasapalabra-famosos-que-acuden-plato-roberto-leal-15480020\" rel=\"nofollow noopener\" target=\"_blank\">invitados<\/a> de <strong>Pasapalabra<\/strong> de<strong> cuatro famosos, que parece que han dejado huella en el coraz\u00f3n de Rosa Rodr\u00edguez<\/strong>. Al final de la tarde, antes de comenzar con el momento m\u00e1s tenso del programa, la argentina, aunque gallega de adopci\u00f3n, ha querido despedirse de ellos de una manera muy especial.<\/p>\n<p>La concursante ha querido <strong>imitar a su rival Manu, que hasta ahora era el maestro de las despedidas, y esta vez ha querido ser tan detallista como \u00e9<\/strong>l. Dafne Fern\u00e1ndez, Iv\u00e1n S\u00e1nchez, Txabi Franquesa y Candela Serrat han sido los \u2018culpables\u2019 que de en los tres \u00faltimos d\u00edas haya habido un gran ambiente entre todos, pese a la tensi\u00f3n por llevarse el premio final.<\/p>\n<p>Ya subida en su atril para comenzar el Rosco, Roberto Leal le daba la palabra a Rosa para decir \u2018adi\u00f3s\u2019: \u00ab<strong>Hoy estoy un poquito triste porque se han acabado los programas con estos invitados<\/strong>\u00bb, comenzaba. \u00abHa sido una alegr\u00eda estar con ellos. Les quer\u00eda dar las gracias por como son como jugadores, como invitados y, sobre todo, como personas\u00bb, ha querido destacar.<\/p>\n<p><img loading=\"lazy\" decoding=\"async\" class=\"size-medium wp-image-15506885\" alt=\"Candela Serrat y Txabi Franquesa en Pasapalabra (Atresmedia).\" width=\"620\" height=\"346\"  src=\"https:\/\/www.europesays.com\/es\/wp-content\/uploads\/2025\/10\/candela-y-txabi-620x346.jpg\" \/> Candela Serrat y Txabi Franquesa en \u2018Pasapalabra\u2019 (Atresmedia).<\/p>\n<p>\u00abHan sido tres d\u00edas muy especiales, me voy con el coraz\u00f3n lleno y el alma contenta. <strong>A veces, una necesita un poco de empuje y cuando coincides con cuatro personas se agradece much\u00edsimo. Adem\u00e1s, es la primera vez que repito con los cuatro<\/strong>\u00bb, as\u00ed ha destacado la gran conexi\u00f3n que ha tenido con ellos.<\/p>\n<p>La explicaci\u00f3n es que se trata de famosos que ya han pasado hace meses por el programa, <strong>habiendo coincidido ya con Rosa Rodr\u00edguez, que ya lleva m\u00e1s de un a\u00f1o como concursante de Pasapalabra<\/strong>. Es por esto que se trata de un momento especial para la concursante, que ya es una veterana del programa y sigue aumentando su leyenda junto a Manu al ser la pareja de concursantes con mayor permanencia de la historia del programa, superando a Rafa y Orestes.<\/p>\n<p><img loading=\"lazy\" decoding=\"async\" class=\"size-medium wp-image-15506911\" alt=\"\" width=\"620\" height=\"343\"  src=\"https:\/\/www.europesays.com\/es\/wp-content\/uploads\/2025\/10\/rosa-sola-1-620x343.jpg\" \/> Rosa Rodr\u00edguez, concursante de \u2018Pasapalabra\u2019, durante El Rosco (Atresmedia).<\/p>\n<p>\u00ab<strong>Le querr\u00eda desear todo lo mejor, ojal\u00e1 la vida nos vuelva a juntar, no s\u00e9 si aqu\u00ed o fuera. Much\u00edsimas gracias a todos<\/strong>\u00bb, as\u00ed terminaba su discurso. Al escucharlo, el humorista Xabi Franquesa no pod\u00eda dejar de gritar: \u00ab\u00a1Qu\u00e9 bonito!\u00bb.<\/p>\n<p>\u00bfCu\u00e1nto dinero acumula el bote de \u2018Pasapalabra\u2019?<\/p>\n<p>Despu\u00e9s de los agradecimientos, lleg\u00f3 el momento de jugarse el premio para los dos concursantes, <strong>que deb\u00edan luchar por un acumulado de 2.188.000 euros<\/strong>, un premio que sigue acumulando cada d\u00eda 6.000 euros m\u00e1s. Pese al buen momento con los invitados, no ha sido el mejor d\u00eda de Rosa, que ha perdido su enfrentamiento con Manu.<\/p>\n<p>La argentina, aunque afincada en Galicia, ha terminado el Rosco con 22 aciertos y un fallo, dej\u00e1ndole la oportunidad a su rival para vencer, ya que s\u00f3lo ten\u00eda que llegar a 22 aciertos y no cometer errores, algo que hizo el madrile\u00f1o. Sin arriesgar con las \u00faltimas tres letras, Pascual se ha llevado la tarde, aunque sin premio. Eso <strong>deja a Rosa en peligro para este mi\u00e9rcoles d\u00eda uno de octubre, puesto que tendr\u00e1 que pasar por la Silla Azul<\/strong> y superarla para poder seguir en el programa.<\/p>\n","protected":false},"excerpt":{"rendered":"La tarde del martes 30 septiembre, adem\u00e1s de suponer el final del mes, tambi\u00e9n ha sido el final&hellip;\n","protected":false},"author":2,"featured_media":151729,"comment_status":"","ping_status":"","sticky":false,"template":"","format":"standard","meta":{"footnotes":""},"categories":[91],"tags":[146,147,25,24,23],"class_list":{"0":"post-151728","1":"post","2":"type-post","3":"status-publish","4":"format-standard","5":"has-post-thumbnail","7":"category-entretenimiento","8":"tag-entertainment","9":"tag-entretenimiento","10":"tag-es","11":"tag-espana","12":"tag-spain"},"share_on_mastodon":{"url":"","error":""},"_links":{"self":[{"href":"https:\/\/www.europesays.com\/es\/wp-json\/wp\/v2\/posts\/151728","targetHints":{"allow":["GET"]}}],"collection":[{"href":"https:\/\/www.europesays.com\/es\/wp-json\/wp\/v2\/posts"}],"about":[{"href":"https:\/\/www.europesays.com\/es\/wp-json\/wp\/v2\/types\/post"}],"author":[{"embeddable":true,"href":"https:\/\/www.europesays.com\/es\/wp-json\/wp\/v2\/users\/2"}],"replies":[{"embeddable":true,"href":"https:\/\/www.europesays.com\/es\/wp-json\/wp\/v2\/comments?post=151728"}],"version-history":[{"count":0,"href":"https:\/\/www.europesays.com\/es\/wp-json\/wp\/v2\/posts\/151728\/revisions"}],"wp:featuredmedia":[{"embeddable":true,"href":"https:\/\/www.europesays.com\/es\/wp-json\/wp\/v2\/media\/151729"}],"wp:attachment":[{"href":"https:\/\/www.europesays.com\/es\/wp-json\/wp\/v2\/media?parent=151728"}],"wp:term":[{"taxonomy":"category","embeddable":true,"href":"https:\/\/www.europesays.com\/es\/wp-json\/wp\/v2\/categories?post=151728"},{"taxonomy":"post_tag","embeddable":true,"href":"https:\/\/www.europesays.com\/es\/wp-json\/wp\/v2\/tags?post=151728"}],"curies":[{"name":"wp","href":"https:\/\/api.w.org\/{rel}","templated":true}]}}