{"id":151732,"date":"2025-10-02T00:21:12","date_gmt":"2025-10-02T00:21:12","guid":{"rendered":"https:\/\/www.europesays.com\/es\/151732\/"},"modified":"2025-10-02T00:21:12","modified_gmt":"2025-10-02T00:21:12","slug":"no-se-puede-entrar-y-te-atienden-por-un-agujero","status":"publish","type":"post","link":"https:\/\/www.europesays.com\/es\/151732\/","title":{"rendered":"no se puede entrar y te atienden por un agujero"},"content":{"rendered":"<p><img decoding=\"async\" class=\"voc-author__img\" src=\"https:\/\/www.europesays.com\/es\/wp-content\/uploads\/2025\/08\/autor-6757-foto-1.jpeg\" alt=\"Carolina \u00c1lvarez \u00c1lvarez\"\/><\/p>\n<p class=\"voc-p\" style=\"\">El centro de Sevilla suma una nueva propuesta gastron\u00f3mica dif\u00edcil de pasar por alto. Desde el pasado 25 de septiembre funciona en la calle Cuna una <a href=\"https:\/\/sevilla.abc.es\/contenidopromocionado\/2025\/09\/23\/el-cafe-de-especialidad-en-sevilla-tiene-acento-griego-descubre-syko-juice-coffee-bar\/\" title=\"sevilla.abc.es\" data-voc-vtm-id=\"in-text-traffic\" data-mrf-link=\"sevilla.abc.es\" rel=\"nofollow noopener\" target=\"_blank\">cafeter\u00eda de especialidad <\/a>que rompe con todos los esquemas: no tiene acceso al interior, <strong>no cuenta con mesas<\/strong> y la atenci\u00f3n se realiza \u00fanicamente a trav\u00e9s de dos agujeros en la pared. <\/p>\n<p class=\"voc-p\" style=\"\">Una idea provocadora que ya est\u00e1 dando de qu\u00e9 hablar tanto por su est\u00e9tica como por su concepto.<\/p>\n<p>\nUna cafeter\u00eda de especialdiad diferente en pleno centro\n<\/p>\n<p class=\"voc-p\" style=\"\">El establecimiento ocupa lo que antes era una tienda de ropa, <strong>junto a las conocidas Galer\u00edas Madrid<\/strong>. Su fachada es un muro liso en el que se abren dos agujeros: uno para realizar el pedido y otro para recoger la bebida. Con el paso de los d\u00edas, los clientes han ido dejando dedicatorias, frases y mensajes, de manera que la pared se ha convertido en un <strong>improvisado mural<\/strong> lleno de firmas y recuerdos.<\/p>\n<p class=\"voc-p\" style=\"\">Los responsables del proyecto lo definen como \u00ab<strong>mucho m\u00e1s que una experiencia<\/strong>\u00bb, jugando con un eslogan tan sugerente como pol\u00e9mico: \u00abAqu\u00ed te daremos placer por el agujero\u00bb. La referencia, ligada al mundo sexual, busca provocar y a la vez asociar el caf\u00e9 con sensaciones intensas.<\/p>\n<p>\nPrecios y carta del local\n<\/p>\n<p class=\"voc-p\" style=\"\">La cafeter\u00eda ofrece caf\u00e9 de especialidad con precios en la l\u00ednea de otros locales del centro:<\/p>\n<ul class=\"oc-d-c-list__list\">\n<li class=\"voc-d-c-list__item\">\n<p class=\"voc-d-c-list__paragraph\">Doble espresso (S): 2,20 \u20ac<\/p>\n<\/li>\n<li class=\"voc-d-c-list__item\">\n<p class=\"voc-d-c-list__paragraph\">Cortado (S): 2,20 \u20ac<\/p>\n<\/li>\n<li class=\"voc-d-c-list__item\">\n<p class=\"voc-d-c-list__paragraph\">Latte (M): 2,70 \u20ac<\/p>\n<\/li>\n<li class=\"voc-d-c-list__item\">\n<p class=\"voc-d-c-list__paragraph\">Capuccino (L): 3 \u20ac<\/p>\n<\/li>\n<li class=\"voc-d-c-list__item\">\n<p class=\"voc-d-c-list__paragraph\">Flat white (M\/L): 2,50 \/ 3,20 \u20ac<\/p>\n<\/li>\n<li class=\"voc-d-c-list__item\">\n<p class=\"voc-d-c-list__paragraph\">Latte macchiato (L): 3,20 \u20ac<\/p>\n<\/li>\n<li class=\"voc-d-c-list__item\">\n<p class=\"voc-d-c-list__paragraph\">Las versiones fr\u00edas tienen un suplemento de +0,30 \u20ac.<\/p>\n<\/li>\n<\/ul>\n<p class=\"voc-p\" style=\"\">Adem\u00e1s, la carta incluye <strong>caf\u00e9s especiales bautizados como \u00abfetiches\u00bb<\/strong>, con sabores como pistacho, galleta Lotus, caramelo o mocha. Su precio es de 4,50 \u20ac en tama\u00f1o grande, tambi\u00e9n con recargo si se piden fr\u00edos. La propuesta se completa con <strong>t\u00e9s matcha, frapp\u00e9s<\/strong> y una selecci\u00f3n de leches vegetales y siropes para personalizar las bebidas.<\/p>\n<p>\nUna propuesta arriesgada\n<\/p>\n<p class=\"voc-p\" style=\"\">La est\u00e9tica moderna y provocadora <strong>no convence a todos<\/strong>. El hecho de que un local tan llamativo se ubique en una de las calles m\u00e1s ic\u00f3nicas de Sevilla genera opiniones encontradas: mientras algunos celebran la originalidad de la propuesta, otros consideran que desentona con el entorno tradicional de la zona. Como ya pas\u00f3 con el famoso local de gofres con formas de partes \u00edntimas.<\/p>\n<p class=\"voc-p\" style=\"\">Lo que es indiscutible es que la cafeter\u00eda ha conseguido atraer la atenci\u00f3n en muy poco tiempo. <strong>Los curiosos se acercan<\/strong> tanto para probar el caf\u00e9 como para fotografiar el peculiar muro, lo que ha convertido el espacio en un peque\u00f1o fen\u00f3meno en redes sociales.<\/p>\n<p>Reportar un error<\/p>\n","protected":false},"excerpt":{"rendered":"El centro de Sevilla suma una nueva propuesta gastron\u00f3mica dif\u00edcil de pasar por alto. Desde el pasado 25&hellip;\n","protected":false},"author":2,"featured_media":151733,"comment_status":"","ping_status":"","sticky":false,"template":"","format":"standard","meta":{"footnotes":""},"categories":[80],"tags":[490,16963,35011,82,11558,95,94,5996,25,24,29810,795,789,1171,23],"class_list":{"0":"post-151732","1":"post","2":"type-post","3":"status-publish","4":"format-standard","5":"has-post-thumbnail","7":"category-economia","8":"tag-abre","9":"tag-agujero","10":"tag-atienden","11":"tag-business","12":"tag-cafeteria","13":"tag-economia","14":"tag-economy","15":"tag-entrar","16":"tag-es","17":"tag-espana","18":"tag-especialidad","19":"tag-nueva","20":"tag-puede","21":"tag-sevilla","22":"tag-spain"},"share_on_mastodon":{"url":"","error":""},"_links":{"self":[{"href":"https:\/\/www.europesays.com\/es\/wp-json\/wp\/v2\/posts\/151732","targetHints":{"allow":["GET"]}}],"collection":[{"href":"https:\/\/www.europesays.com\/es\/wp-json\/wp\/v2\/posts"}],"about":[{"href":"https:\/\/www.europesays.com\/es\/wp-json\/wp\/v2\/types\/post"}],"author":[{"embeddable":true,"href":"https:\/\/www.europesays.com\/es\/wp-json\/wp\/v2\/users\/2"}],"replies":[{"embeddable":true,"href":"https:\/\/www.europesays.com\/es\/wp-json\/wp\/v2\/comments?post=151732"}],"version-history":[{"count":0,"href":"https:\/\/www.europesays.com\/es\/wp-json\/wp\/v2\/posts\/151732\/revisions"}],"wp:featuredmedia":[{"embeddable":true,"href":"https:\/\/www.europesays.com\/es\/wp-json\/wp\/v2\/media\/151733"}],"wp:attachment":[{"href":"https:\/\/www.europesays.com\/es\/wp-json\/wp\/v2\/media?parent=151732"}],"wp:term":[{"taxonomy":"category","embeddable":true,"href":"https:\/\/www.europesays.com\/es\/wp-json\/wp\/v2\/categories?post=151732"},{"taxonomy":"post_tag","embeddable":true,"href":"https:\/\/www.europesays.com\/es\/wp-json\/wp\/v2\/tags?post=151732"}],"curies":[{"name":"wp","href":"https:\/\/api.w.org\/{rel}","templated":true}]}}