{"id":151736,"date":"2025-10-02T00:23:09","date_gmt":"2025-10-02T00:23:09","guid":{"rendered":"https:\/\/www.europesays.com\/es\/151736\/"},"modified":"2025-10-02T00:23:09","modified_gmt":"2025-10-02T00:23:09","slug":"el-dia-del-trabajo-autonomo-de-navarra-premia-a-17-emprendedores-por-sus-trayectorias-profesionales","status":"publish","type":"post","link":"https:\/\/www.europesays.com\/es\/151736\/","title":{"rendered":"El D\u00eda del Trabajo Aut\u00f3nomo de Navarra premia a 17 emprendedores por sus trayectorias profesionales"},"content":{"rendered":"<p>\n        El<strong> traspaso de negocios<\/strong> de aut\u00f3nomos que se realiza por medio de la bolsa de relevo del <a href=\"https:\/\/www.noticiasdenavarra.com\/economia\/2025\/09\/15\/crece-numero-autonomos-construccion-entretenimiento-y-cuidados-10080262.html\" title=\"Gobierno de Navarra\" class=\"link copy\" rel=\"nofollow noopener\" target=\"_blank\">Gobierno de Navarra<\/a> se ha disparado en los dos \u00faltimos a\u00f1os, al contabilizar <a href=\"https:\/\/www.noticiasdenavarra.com\/tags\/autonomos\/\" title=\"31 operaciones\" rel=\"nofollow noopener\" target=\"_blank\" class=\"link copy\">31 operaciones<\/a> entre 2024 y 2025, por los <strong>16 registrados entre 2020 y 2023<\/strong>, seg\u00fan datos del departamento de Derechos Sociales, Econom\u00eda Social y Empleo.\u00a0\n<\/p>\n<p class=\"article-body__text \">\n        Estancos, supermercados, academias, bares, talleres, panader\u00edas, carnicer\u00edas, restaurantes, taxis o farmacias aparecen entre las actividades que se han podido mantener, principalmente en localidades de la Comunidad Foral, esencial para conservar los servicios en las zonas rurales. Entre ellas, <strong>Iraizoz, Aibar-Oibar, Carcastillo, Cabanillas, Caparroso, Tafalla, Olite\/Erriberri, Lodosa, Puente La Reina-Gares o Estella\/Lizarra<\/strong>.\n<\/p>\n<p class=\"article-body__text \">\n        \u201cEl colectivo de aut\u00f3nomos representa <strong>el 15% de cotizantes en Navarra<\/strong>. Llen\u00e1is barrios y pueblos y favorec\u00e9is la cohesi\u00f3n del territorio\u201d, explic\u00f3 la consejera de Derechos Sociales, Econom\u00eda Social y Empleo, Carmen Maeztu, durante la apertura de los 7\u00ba Premios de Reconocimiento al Trabajo Aut\u00f3nomo de Navarra 2025.\n<\/p>\n<p>  La gala<\/p>\n<p class=\"article-body__text \">\n        El Castillo de Gorraiz acogi\u00f3 esta gala, a la que asistieron finalistas y los ganadores de las<strong> 17 categor\u00edas<\/strong> que se distinguieron, como as\u00ed ocurre desde hace nueve a\u00f1os, record\u00f3 Maeztu.\n<\/p>\n<p class=\"article-body__text \">\n        Los reconocidos fueron: Francisco <strong>Javier L\u00f3pez S\u00e1nchez<\/strong> (mejor experiencia empresarial masculina); <strong>Laura Elvira Ruiz<\/strong> (mejor experiencia empresarial femenina); <strong>Berta Alonso Ruiz<\/strong> (mejor experiencia empresarial joven); <strong>Giovana Rodr\u00edguez Ovando<\/strong> (mejor experiencia empresarial de persona con discapacidad): y <strong>Vicente Urs\u00faa Soto<\/strong> (mejor experiencia empresarial innovadora).\u00a0\n<\/p>\n<p class=\"article-body__text \">\n        <strong>En sectores profesionales<\/strong>, fueron distinguidos Guillermo As\u00edn S\u00e1nchez; Eduardo Glar\u00eda Iribarren; Sara Apeztegu\u00eda Larrainzar; Jos\u00e9 Javier Inchusta Gonz\u00e1lez; Bikote Motor; Mykola Borovets Borovets; Amaia Mel\u00e9ndez P\u00e9rez; Nuria Garc\u00eda Le\u00f3n; Catalina Fern\u00e1ndez Montoya; Olatz Echeverr\u00eda Garc\u00eda y Estitxu Larrea Leatxe. Por \u00faltimo, Yolanda L\u00f3pez Roncal, de Garrarte, recibi\u00f3 la menci\u00f3n especial. \u201cDesde el Gobierno os apoyamos y hemos reforzado la bolsa de relevo, y este a\u00f1o 250 personas han ofertado sus actividades para traspasar y ha habido <strong>668 personas que se han interesado<\/strong>\u201d, detall\u00f3 Maeztu.\n<\/p>\n<p>  Apoyo para emprender <\/p>\n<p class=\"article-body__text \">\n        El director general de Econom\u00eda Social y Trabajo, I\u00f1aki Mendioroz, record\u00f3 que hay una partida de <strong>120.000 euros para apoyar los traspasos<\/strong>, y as\u00ed en estos dos \u00faltimos a\u00f1os las personas que han continuado con estos negocios, han recibido una ayuda de 13.000 euros de media. Adem\u00e1s, son complementarias con otro tipo de subvenciones, explic\u00f3 Mendioroz. Tambi\u00e9n adelant\u00f3 que para 2026 esta l\u00ednea va a aumentar hasta los 140.000 euros.\n<\/p>\n<p class=\"article-body__text \">\n        Carmen Maeztu <strong>a\u00f1adi\u00f3 que en 2026 <\/strong>por primera vez se va a lanzar una subvenci\u00f3n para incentivar el primer contrato a un asalariado en un negocio.\n<\/p>\n<p class=\"article-body__text \">\n        La consejera tambi\u00e9n mencion\u00f3 la excesiva burocracia y tr\u00e1mites administrativos que deben afrontar, de acuerdo a las quejas que reciben desde el personal aut\u00f3nomo. \u201c<strong>Queremos simplificar estos procesos<\/strong> para atender vuestras demandas\u201d, reiter\u00f3 la consejera ante una sala abarrotada de trabajadores por cuenta propia, con familiares y amistades.\n<\/p>\n<p class=\"article-body__text \">\n        Ante ese p\u00fablico, Maeztu aprovech\u00f3 para se\u00f1alar que el Ejecutivo foral y los distintos agentes vinculados a este colectivo est\u00e1n trabajando en el segundo Plan del Trabajo Aut\u00f3nomo. \u201cVamos a colaborar para dise\u00f1ar un plan conjunto que atienda las necesidades reales y<strong> fomente el emprendimiento<\/strong> para lograr una sociedad m\u00e1s cohesionada\u201d, destac\u00f3 la consejera.\n<\/p>\n<p class=\"article-body__text \">\n        Actualmente, la Comunidad Foral suma <strong>46.362 personas trabajadoras por cuenta propia<\/strong> \u2013datos de la Seguridad Social, correspondientes a agosto\u2013. Desde 2021 estos profesionales van perdiendo activos, por lo que una gala como la de este mi\u00e9rcoles sirve \u201cpara dar visibilidad a un trabajo aut\u00f3nomo que arriesga, se reinventa y aporta riqueza\u201d, concluy\u00f3 Maeztu.\n<\/p>\n<p>  LOS PREMIADOS: UNO A UNO<\/p>\n<p class=\"article-body__text \">\n        <strong>Pescader\u00edas Nemo en Sarriguren, a Mejor experiencia empresarial masculina.<\/strong> Francisco Javier L\u00f3pez S\u00e1nchez representa la cuarta generaci\u00f3n dedicada al pescado y marisco. Combina tradici\u00f3n y modernizaci\u00f3n. Persona comprometida, constante y vocacional.\n<\/p>\n<p class=\"article-body__text \">\n        <strong>Librer\u00eda Clip y Hostal Villa de Mendavia, a Mejor experiencia empresarial femenina.<\/strong> Laura Elvira Ruiz, con su emprendimiento, ha continuado distintos negocios, con el impacto positivo en Mendavia y alrededores, con la creaci\u00f3n de empleo y mejora de la econom\u00eda local.\n<\/p>\n<p class=\"article-body__text \">\n        <strong>Academia Maitia de Cortes, a la Mejor experiencia empresarial joven.<\/strong> Berta Alonso Ruiz, de 29 a\u00f1os, ha volcado su alma en este proyecto al creer en el poder de la educaci\u00f3n para transformar las vidas.\u00a0\n<\/p>\n<p class=\"article-body__text \">\n        <strong>Chucher\u00edas Kikos de Pamplona, a la Mejor experiencia empresarial de persona con discapacidad.<\/strong> Giovana Rodr\u00edguez Ovando se empoder\u00f3 y transform\u00f3 su dificultad en oportunidad. Asumi\u00f3 la gerencia de una tienda de chuches cerca de su vivienda para conciliar. Ha creado un espacio cercano.\u00a0\n<\/p>\n<p class=\"article-body__text \">\n        <strong>Vicente Urs\u00faa Soto, de Peralta\/Azkoien, a la Mejor experiencia empresarial innovadora. <\/strong>Vicente se presenta como chef navarro y emprendedor. En cuatro a\u00f1os ha consolidado un proyecto gastron\u00f3mico, con experiencias \u00fanicas, impulsar el producto local e innovar desde la tradici\u00f3n.\u00a0\n<\/p>\n<p class=\"article-body__text \">\n        <strong>Guillermo As\u00edn S\u00e1nchez, de Peralta\/Azkoien, al Mejor profesional de agricultura, ganader\u00eda y sector agroalimentario.<\/strong> Este agricultor ha unido excelencia t\u00e9cnica, innovaci\u00f3n y sostenibilidad con vocaci\u00f3n divulgadora. Su producci\u00f3n de ma\u00edz est\u00e1 reconocida a nivel nacional, y aplica t\u00e9cnicas como siembra directa o gesti\u00f3n digital de riego. Implicado en UAGN y el proyecto Agroinfluencers de esta organizaci\u00f3n agraria.\u00a0\n<\/p>\n<p class=\"article-body__text \">\n        <strong>Fontaner\u00eda Oxanea de Mutilva, a la Mejor profesi\u00f3n de fontaner\u00eda, electricidad, calefacci\u00f3n&#8230; <\/strong>Eduardo Glar\u00eda Iribarren suma 36 a\u00f1os en esta profesi\u00f3n. Fund\u00f3 Oxanea del que ostenta la gerencia. Presta los servicios de fontaner\u00eda, calefacci\u00f3n y mantenimiento con un enfoque basado en la calidad, cercan\u00eda con el cliente y mejora continua.\u00a0\n<\/p>\n<p class=\"article-body__text \">\n        <strong>Santesteban Interiorismo de Santesteban\/Doneztebe, a la Mejor profesi\u00f3n en construcci\u00f3n, carpinter\u00eda, ebanister\u00eda, pintura, alba\u00f1iler\u00eda, cristaler\u00eda, arquitectura, dise\u00f1o de interiores.<\/strong> La empresaria Sara Apeztegu\u00eda Larrainzar lleva el negocio familiar. Como relevo generacional ha apostado por revitalizar las casas rurales. Cree que el dise\u00f1o diferencia y el trato distingue. Su objetivo: conservar la esencia, modernizarla y adaptarla a los tiempos.\u00a0\n<\/p>\n<p class=\"article-body__text \">\n        <strong>CG Arte de Pamplona\/Iru\u00f1a, a la Mejor profesi\u00f3n de comercio, confecci\u00f3n textil y calzado.<\/strong> Jos\u00e9 Javier Inchusta Gonz\u00e1lez ha dedicado los \u00faltimos 28 a\u00f1os a su tienda de manualidades, ahora bellas artes. Ha apoyado artistas, ha promovido la cultura y ha fomentado la creatividad.\u00a0\n<\/p>\n<p class=\"article-body__text \">\n        <strong>Talleres Bikote de Iraizotz, al Mejor profesional de reparaci\u00f3n de veh\u00edculos de motor y motocicletas y talleres del sector del metal. <\/strong>Unai Altuna Villanueva, Laida Hualde Saint-Esteben y Alberto S\u00e1nchez Barbarin. El matrimonio joven, con dos hijas, da servicio de mantenimiento y reparaci\u00f3n a los veh\u00edculos del Valle de la Ulztama. Recientemente han incorporado como nuevo socio a la persona que lleva trabajando con ellos desde el inicio. Antes ten\u00eda el negocio en Olag\u00fce, y despu\u00e9s se trasladaron a Iraizotz.\n<\/p>\n<p class=\"article-body__text \">\n        <strong>Mykola Borovets Borovets de Tudela, al Mejor profesional de transporte y almacenamiento.<\/strong> Mykola Borovets Borovets es un transportista ucraniano afincado en Navarra. Cre\u00f3 una peque\u00f1a empresa de transporte basada en la dignidad laboral, la inclusi\u00f3n y la sostenibilidad. Con visi\u00f3n social, ha ampliado su flota y ha generado empleo sin distinciones. Su compromiso con Navarra y con su equipo lo convierten en un referente del trabajo aut\u00f3nomo responsable y arraigado.\u00a0\n<\/p>\n<p class=\"article-body__text \">\n        <strong>El horno de Pedro de San Mart\u00edn de Unx, a la Mejor profesional de hosteler\u00eda, pasteler\u00eda, panader\u00eda y obradores.<\/strong> Amaia Mel\u00e9ndez P\u00e9rez ha abierto una pasteler\u00eda artesanal y sostenible, y ha recuperado elaboraciones tradicionales. A trav\u00e9s de su negocio impulsa la econom\u00eda circular rural, crea empleo local y demuestra que es posible innovar desde lo peque\u00f1o.\u00a0\n<\/p>\n<p class=\"article-body__text \">\n        <strong>Gestor\u00eda Alkar e ilustre Colegio Oficial de Gestores Administrativos de Navarra, a la Mejor profesional de informaci\u00f3n, comunicaci\u00f3n, marketing y publicidad, inform\u00e1tica&#8230;<\/strong> Nuria Garc\u00eda Le\u00f3n lleva en el ADN lo de ser aut\u00f3noma y gestora administrativa. Da cobertura profesional, diariamente, a muchas personas aut\u00f3nomas, que son clientes de su gestor\u00eda. Adem\u00e1s preside el ICOGAN, y junto con el resto de la junta, defiende a sus colegiados, con nuevas l\u00edneas de negocio para asegurar el futuro de la profesi\u00f3n.\u00a0\n<\/p>\n<p class=\"article-body__text \">\n        <strong>Gabinete educativo Mil Sonrisas de Ayegui-Aiegi, a la Mejor profesional de educaci\u00f3n y formaci\u00f3n. <\/strong>Catalina Fern\u00e1ndez Montoya ha puesto en marcha un gabinete educativo de intervenci\u00f3n y asesoramiento para mejorar la calidad de la ense\u00f1anza, de la mano de las familias y en coordinaci\u00f3n con el \u00e1mbito escolar. Su metodolog\u00eda es activa y participativa y se utilizan recursos que mejoran el neuro desarrollo, como los reflejos primitivos, el Brain Gym y otras terapias. Pretende prevenir y mejorar las dificultades de aprendizaje para un completo desarrollo.\n<\/p>\n<p class=\"article-body__text \">\n        <strong>Centro de fisioterapia Tebiske en Olite\/Erriberri, a la Mejor profesional de actividades relacionadas con la salud (f\u00edsica y mental), la belleza y cuidados y farmacia. <\/strong>Olatz Echeverr\u00eda Garc\u00eda apuesta por un servicio muy demandado en la zona, con poca oferta y especialmente dirigido a las mujeres en situaciones de m\u00e1s vulnerabilidad como el embarazo o el postparto. Ha diversificado el negocio, porque en un a\u00f1o ha pasado de ser un centro de fisioterapia especializado en suelo p\u00e9lvico a organizar talleres de lactancia materna con una matrona y a ofertar pilares para embarazadas.\u00a0\n<\/p>\n<p class=\"article-body__text \">\n        <strong>Estitxu Larrea Design, a la Mejor profesional de actividades art\u00edsticas, recreativas y de entrentenimiento.<\/strong> Estitxu Larrea Leatxe es una joven que combina su creatividad con el uso de herramientas digitales. Hace tres a\u00f1os puso en marcha en Aoiz su empresa de ilustraci\u00f3n digital, dise\u00f1o gr\u00e1fico, comunicaci\u00f3n visual e impartici\u00f3n de talleres art\u00edsticos. Prev\u00e9 abrir un espacio creativo en Aoiz para desarrollar talleres art\u00edsticos, peque\u00f1os eventos y exposiciones y desde donde intentar\u00e1 generar una red joven de creadores y artistas locales con sus productos a la venta.\n<\/p>\n<p class=\"article-body__text \">\n        <strong>Garrarte, artesanos del dulce en Pamplona-Iru\u00f1a, al Reconocimiento y Menci\u00f3n Especial.<\/strong> Yolanda L\u00f3pez Roncal representa la cuarta generaci\u00f3n de una familia dedicada al negocio del producto garrapi\u00f1ado. En su infancia acompa\u00f1\u00f3 a sus padres a ferias y al obrador, y eso despert\u00f3 en ella una gran pasi\u00f3n por esta profesi\u00f3n. Huella heredada de una tradici\u00f3n familiar desde 1880, mantiene la esencia original de sus ancestros en la elaboraci\u00f3n del caramelo, las garrapi\u00f1adas y el chocolate, de forma manual y artesanal.\u00a0\u00a0<\/p>\n","protected":false},"excerpt":{"rendered":"El traspaso de negocios de aut\u00f3nomos que se realiza por medio de la bolsa de relevo del Gobierno&hellip;\n","protected":false},"author":2,"featured_media":151737,"comment_status":"","ping_status":"","sticky":false,"template":"","format":"standard","meta":{"footnotes":""},"categories":[8],"tags":[45946,17,18,978,25,24,13,14,11,19,20,708,9,10,15,16,16335,23,12,2752,21,22],"class_list":{"0":"post-151736","1":"post","2":"type-post","3":"status-publish","4":"format-standard","5":"has-post-thumbnail","7":"category-espana","8":"tag-autonomo","9":"tag-breaking-news","10":"tag-breakingnews","11":"tag-dia","12":"tag-es","13":"tag-espana","14":"tag-featured-news","15":"tag-featurednews","16":"tag-headlines","17":"tag-latest-news","18":"tag-latestnews","19":"tag-navarra","20":"tag-news","21":"tag-noticias","22":"tag-noticias-destacadas","23":"tag-noticiasdestacadas","24":"tag-premia","25":"tag-spain","26":"tag-titulares","27":"tag-trabajo","28":"tag-ultimas-noticias","29":"tag-ultimasnoticias"},"share_on_mastodon":{"url":"","error":""},"_links":{"self":[{"href":"https:\/\/www.europesays.com\/es\/wp-json\/wp\/v2\/posts\/151736","targetHints":{"allow":["GET"]}}],"collection":[{"href":"https:\/\/www.europesays.com\/es\/wp-json\/wp\/v2\/posts"}],"about":[{"href":"https:\/\/www.europesays.com\/es\/wp-json\/wp\/v2\/types\/post"}],"author":[{"embeddable":true,"href":"https:\/\/www.europesays.com\/es\/wp-json\/wp\/v2\/users\/2"}],"replies":[{"embeddable":true,"href":"https:\/\/www.europesays.com\/es\/wp-json\/wp\/v2\/comments?post=151736"}],"version-history":[{"count":0,"href":"https:\/\/www.europesays.com\/es\/wp-json\/wp\/v2\/posts\/151736\/revisions"}],"wp:featuredmedia":[{"embeddable":true,"href":"https:\/\/www.europesays.com\/es\/wp-json\/wp\/v2\/media\/151737"}],"wp:attachment":[{"href":"https:\/\/www.europesays.com\/es\/wp-json\/wp\/v2\/media?parent=151736"}],"wp:term":[{"taxonomy":"category","embeddable":true,"href":"https:\/\/www.europesays.com\/es\/wp-json\/wp\/v2\/categories?post=151736"},{"taxonomy":"post_tag","embeddable":true,"href":"https:\/\/www.europesays.com\/es\/wp-json\/wp\/v2\/tags?post=151736"}],"curies":[{"name":"wp","href":"https:\/\/api.w.org\/{rel}","templated":true}]}}