{"id":151738,"date":"2025-10-02T00:24:09","date_gmt":"2025-10-02T00:24:09","guid":{"rendered":"https:\/\/www.europesays.com\/es\/151738\/"},"modified":"2025-10-02T00:24:09","modified_gmt":"2025-10-02T00:24:09","slug":"militares-franceses-abordan-un-petrolero-ruso","status":"publish","type":"post","link":"https:\/\/www.europesays.com\/es\/151738\/","title":{"rendered":"Militares franceses abordan un petrolero ruso"},"content":{"rendered":"<p>Par\u00eds (EFE).- Un destacamento militar franc\u00e9s abord\u00f3 este mi\u00e9rcoles un petrolero ruso que se encuentra frente a la costa atl\u00e1ntica del pa\u00eds para controlar si est\u00e1 sirviendo de plataforma de env\u00edo y control de drones.<\/p>\n<p>La intervenci\u00f3n, difundida por la televisi\u00f3n BFM, se produce horas despu\u00e9s de que el barco, el \u2018Pushpa\u2019, que formaba parte de las sanciones europeas por transportar petr\u00f3leo ruso, fuera objeto de una investigaci\u00f3n judicial por la sospecha de su implicaci\u00f3n en el env\u00edo de drones a Dinamarca.<\/p>\n<p>Amarrado en Saint-Nazaire<\/p>\n<p>El barco, que puede ser uno de los componentes de la flota de 99 petroleros identificados por la Uni\u00f3n Europea con los que Rusia puentea las sanciones a la exportaci\u00f3n de su petr\u00f3leo, se encuentra amarrado desde el pasado s\u00e1bado frente a un parque e\u00f3lico marino de Saint-Nazaire, en el noroeste de Francia, bajo la vigilancia de una fragata francesa.<\/p>\n<p>Por la trayectoria que ha seguido desde que zarp\u00f3 con destino a la India del puerto ruso de Primorsk, cerca de San Petersburgo, existe la sospecha de que pudo tener algo que ver con los drones que sobrevolaron Dinamarca el pasado 22 de septiembre, lo que oblig\u00f3 a interrumpir el tr\u00e1fico a\u00e9reo.<\/p>\n<p>Ese mismo d\u00eda, el \u2018Pushpa\u2019, que tambi\u00e9n tiene la denominaci\u00f3n de \u2018Borocay\u2019, se encontraba frente a las costas de Polonia y Suecia, antes de ingresar en las danesas.<\/p>\n<p>Un d\u00eda m\u00e1s tarde transitaba frente a la isla danesa de Lolland y se internaba en el estrecho de Grand Belt.<\/p>\n<p>En la noche del 25 de septiembre puso rumbo al Canal de la Mancha en su ruta hacia el sur, pero tres d\u00edas m\u00e1s tarde cambi\u00f3 de direcci\u00f3n para acostar frente a Saint-Nazaire.<\/p>\n<p>Investigaci\u00f3n abierta<\/p>\n<p>Su presencia llam\u00f3 la atenci\u00f3n de la justicia francesa que abri\u00f3 una investigaci\u00f3n este mismo mi\u00e9rcoles por no justificaci\u00f3n de su nacionalidad y por haber rechazado colaborar con la fragata enviada por las autoridades francesas.<\/p>\n<p>El barco, un petrolero de 244 metros construido en 2007, ha cambiado varias veces de nombre y de pabell\u00f3n en los \u00faltimos d\u00edas y en la actualidad navegaba con bandera de Gab\u00f3n.<\/p>\n<p>Horas antes de que se conociera la intervenci\u00f3n militar, el presidente franc\u00e9s, Emmanuel Macron, se refiri\u00f3 a este barco a su llegada a la cumbre europea de Copenhague.<\/p>\n<p>\u00abHay irregularidades muy importantes cometidas por esta tripulaci\u00f3n que justifican la apertura de un procedimiento judicial\u00bb, afirm\u00f3 Macron, al tiempo que pidi\u00f3 \u00abprudencia\u00bb sobre su posible v\u00ednculo con los drones que sobrevolaron Dinamarca.<\/p>\n","protected":false},"excerpt":{"rendered":"Par\u00eds (EFE).- Un destacamento militar franc\u00e9s abord\u00f3 este mi\u00e9rcoles un petrolero ruso que se encuentra frente a la&hellip;\n","protected":false},"author":2,"featured_media":151739,"comment_status":"","ping_status":"","sticky":false,"template":"","format":"standard","meta":{"footnotes":""},"categories":[5],"tags":[17,18,25,24,13,14,317,11,19,20,9,10,15,16,1614,23,12,21,22],"class_list":{"0":"post-151738","1":"post","2":"type-post","3":"status-publish","4":"format-standard","5":"has-post-thumbnail","7":"category-titulares","8":"tag-breaking-news","9":"tag-breakingnews","10":"tag-es","11":"tag-espana","12":"tag-featured-news","13":"tag-featurednews","14":"tag-francia","15":"tag-headlines","16":"tag-latest-news","17":"tag-latestnews","18":"tag-news","19":"tag-noticias","20":"tag-noticias-destacadas","21":"tag-noticiasdestacadas","22":"tag-rusia","23":"tag-spain","24":"tag-titulares","25":"tag-ultimas-noticias","26":"tag-ultimasnoticias"},"share_on_mastodon":{"url":"","error":""},"_links":{"self":[{"href":"https:\/\/www.europesays.com\/es\/wp-json\/wp\/v2\/posts\/151738","targetHints":{"allow":["GET"]}}],"collection":[{"href":"https:\/\/www.europesays.com\/es\/wp-json\/wp\/v2\/posts"}],"about":[{"href":"https:\/\/www.europesays.com\/es\/wp-json\/wp\/v2\/types\/post"}],"author":[{"embeddable":true,"href":"https:\/\/www.europesays.com\/es\/wp-json\/wp\/v2\/users\/2"}],"replies":[{"embeddable":true,"href":"https:\/\/www.europesays.com\/es\/wp-json\/wp\/v2\/comments?post=151738"}],"version-history":[{"count":0,"href":"https:\/\/www.europesays.com\/es\/wp-json\/wp\/v2\/posts\/151738\/revisions"}],"wp:featuredmedia":[{"embeddable":true,"href":"https:\/\/www.europesays.com\/es\/wp-json\/wp\/v2\/media\/151739"}],"wp:attachment":[{"href":"https:\/\/www.europesays.com\/es\/wp-json\/wp\/v2\/media?parent=151738"}],"wp:term":[{"taxonomy":"category","embeddable":true,"href":"https:\/\/www.europesays.com\/es\/wp-json\/wp\/v2\/categories?post=151738"},{"taxonomy":"post_tag","embeddable":true,"href":"https:\/\/www.europesays.com\/es\/wp-json\/wp\/v2\/tags?post=151738"}],"curies":[{"name":"wp","href":"https:\/\/api.w.org\/{rel}","templated":true}]}}