{"id":151740,"date":"2025-10-02T00:25:08","date_gmt":"2025-10-02T00:25:08","guid":{"rendered":"https:\/\/www.europesays.com\/es\/151740\/"},"modified":"2025-10-02T00:25:08","modified_gmt":"2025-10-02T00:25:08","slug":"cordoba-sera-escenario-del-certamen-de-clubes-de-handball","status":"publish","type":"post","link":"https:\/\/www.europesays.com\/es\/151740\/","title":{"rendered":"C\u00f3rdoba ser\u00e1 escenario del certamen de clubes de Handball"},"content":{"rendered":"<p><img decoding=\"async\" src=\"https:\/\/www.europesays.com\/es\/wp-content\/uploads\/2025\/10\/68ddbdce2fc95_1200.webp.webp\" class=\"lazy\" alt=\"Foto: Prensa CAH. Del 13 al 18 de octubre se jugar\u00e1 en C\u00f3rdoba el Nacional de Clubes de handball\"\/>Foto: Prensa CAH. Del 13 al 18 de octubre se jugar\u00e1 en C\u00f3rdoba el Nacional de Clubes de handball<\/p>\n<p class=\"MsoNormal\">El <strong>Nacional<\/strong> de <strong>Clubes de handball<\/strong>, tanto en la rama masculina como femenina, se disputar\u00e1 en octubre en la provincia de C\u00f3rdoba.\u00a0<\/p>\n<p class=\"MsoNormal\">El certamen se desarrollar\u00e1 del lunes 13 al s\u00e1bado 18 del corriente en dos sedes principales: el <strong>Polideportivo de Alta Gracia e IPEF de C\u00f3rdoba<\/strong>. La jornada final del torneo se celebrar\u00e1 en el club <strong>Barrio Parque<\/strong>.\u00a0<\/p>\n<p class=\"MsoNormal\">En la rama masculina competir\u00e1n <strong>Dorrego (FeMeBal), River Plate (FeMeBal), Ferro (FeMeBal), S.A.G. Villa Ballester (FeMeBal), Alianza Villa Mar\u00eda (C\u00f3rdoba), Municipalidad de Alta Gracia (C\u00f3rdoba), Universitario de C\u00f3rdoba (C\u00f3rdoba), Sol de Mayo (R\u00edo Negro), Universidad de Cuyo (Mendoza), Municipalidad de Maip\u00fa (Mendoza), Nueva Generaci\u00f3n (Chubut) y Somisa (AsBalNor).<\/strong><\/p>\n<p class=\"MsoNormal\">Entre las mujeres participar\u00e1n <strong>River Plate (FeMeBal), Sedalo (FeMeBal), Ferro (FeMeBal), Vilo (FeMeBal), Jockey Club (C\u00f3rdoba), Club Atl\u00e9tico Belgrano (C\u00f3rdoba), Universitario de C\u00f3rdoba (C\u00f3rdoba), Once Unidos (Atl\u00e1ntica), Universidad de Cuyo (Mendoza), Municipalidad de Maip\u00fa (Mendoza), Porvenir Talleres (AsBalNor) y Alta Barda (Neuqu\u00e9n).<\/strong><\/p>\n<p class=\"MsoNormal\">Este a\u00f1o, el torneo modificar\u00e1 su sistema de disputa. En cada rama competir\u00e1n 12 equipos, divididos en cuatro zonas de tres conjuntos cada una.\u00a0<\/p>\n<p class=\"MsoNormal\">Los dos primeros de cada grupo clasificar\u00e1n a la Zona Campeonato, donde se disputar\u00e1n los cuartos de final, las semifinales y las finales.<\/p>\n","protected":false},"excerpt":{"rendered":"Foto: Prensa CAH. Del 13 al 18 de octubre se jugar\u00e1 en C\u00f3rdoba el Nacional de Clubes de&hellip;\n","protected":false},"author":2,"featured_media":151741,"comment_status":"","ping_status":"","sticky":false,"template":"","format":"standard","meta":{"footnotes":""},"categories":[278],"tags":[376,168,25,24,375,23,167],"class_list":{"0":"post-151740","1":"post","2":"type-post","3":"status-publish","4":"format-standard","5":"has-post-thumbnail","7":"category-balonmano","8":"tag-balonmano","9":"tag-deportes","10":"tag-es","11":"tag-espana","12":"tag-handball","13":"tag-spain","14":"tag-sports"},"share_on_mastodon":{"url":"","error":""},"_links":{"self":[{"href":"https:\/\/www.europesays.com\/es\/wp-json\/wp\/v2\/posts\/151740","targetHints":{"allow":["GET"]}}],"collection":[{"href":"https:\/\/www.europesays.com\/es\/wp-json\/wp\/v2\/posts"}],"about":[{"href":"https:\/\/www.europesays.com\/es\/wp-json\/wp\/v2\/types\/post"}],"author":[{"embeddable":true,"href":"https:\/\/www.europesays.com\/es\/wp-json\/wp\/v2\/users\/2"}],"replies":[{"embeddable":true,"href":"https:\/\/www.europesays.com\/es\/wp-json\/wp\/v2\/comments?post=151740"}],"version-history":[{"count":0,"href":"https:\/\/www.europesays.com\/es\/wp-json\/wp\/v2\/posts\/151740\/revisions"}],"wp:featuredmedia":[{"embeddable":true,"href":"https:\/\/www.europesays.com\/es\/wp-json\/wp\/v2\/media\/151741"}],"wp:attachment":[{"href":"https:\/\/www.europesays.com\/es\/wp-json\/wp\/v2\/media?parent=151740"}],"wp:term":[{"taxonomy":"category","embeddable":true,"href":"https:\/\/www.europesays.com\/es\/wp-json\/wp\/v2\/categories?post=151740"},{"taxonomy":"post_tag","embeddable":true,"href":"https:\/\/www.europesays.com\/es\/wp-json\/wp\/v2\/tags?post=151740"}],"curies":[{"name":"wp","href":"https:\/\/api.w.org\/{rel}","templated":true}]}}