{"id":151742,"date":"2025-10-02T00:29:04","date_gmt":"2025-10-02T00:29:04","guid":{"rendered":"https:\/\/www.europesays.com\/es\/151742\/"},"modified":"2025-10-02T00:29:04","modified_gmt":"2025-10-02T00:29:04","slug":"sinner-espera-a-altmaier-y-djokovic-se-medira-ante-cilic","status":"publish","type":"post","link":"https:\/\/www.europesays.com\/es\/151742\/","title":{"rendered":"Sinner espera a Altmaier y Djokovic se medir\u00e1 ante Cilic"},"content":{"rendered":"<p data-gtm-element-container=\"modulo-texto-link\" class=\"paragraph\"><strong>Jannik Sinner<\/strong>, n\u00famero 2 del r\u00e1nking de la ATP y reciente ganador del Torneo de Pek\u00edn, se medir\u00e1 a <strong>Daniel Altmaier<\/strong> en su debut en el Masters 1000 de Shanghai. Por otro lado, <strong>Novak Djokovic<\/strong>, se estrenar\u00e1 ante el croata <strong>Marin Cilic<\/strong>.<\/p>\n<p data-gtm-element-container=\"modulo-texto-link\" class=\"paragraph\">En el caso de <strong>Altmaier<\/strong>, n\u00famero 50 del mundo, derrot\u00f3 con solvencia al australiano <strong>Tristan Schoolkate<\/strong> por 6-3 y 6-4 sin conceder ni una sola oportunidad de quiebre a su rival. Por su parte <strong>Cilic <\/strong>se deshizo del georgiano <strong>Nikoloz Basilashvili<\/strong> por 6-3 y 7-6 en un choque donde <strong>convirti\u00f3 17 saques directos<\/strong> y esquiv\u00f3 las dos bolas de rotura que tuvo en contra sacando beneficio la \u00fanica de la que dispuso a su favor.<\/p>\n<p data-gtm-element-container=\"modulo-texto-link\" class=\"paragraph\">Tambi\u00e9n se conocen los oponentes de otros favoritos como son de <strong>Ben Shelton y Casper Ruud<\/strong>. El estadounidense tendr\u00e1 en frente a <strong>David Goffin<\/strong> y el noruego a su compatriota, <strong>Zizou Bergs<\/strong>.\u00a0<\/p>\n<p data-gtm-element-container=\"modulo-texto-link\" class=\"paragraph\">El belga que remont\u00f3 ante el franc\u00e9s <strong>Alexandre Muller<\/strong> tras perder la primera manga por 7-6, pero le dio la vuelta ganando las dos siguientes con un doble 6-1. El <strong>pr\u00f3ximo rival de Ruud<\/strong> venci\u00f3 al estadounidense <strong>Sebastian Korda<\/strong> por 6-4 y 7-5, doblando casi en puntos ganadores al contrario.<\/p>\n<p data-gtm-element-container=\"modulo-texto-link\" class=\"paragraph\">Al igual que ellos complicado lo tendr\u00e1 tambi\u00e9n en su siguiente partido <strong>Sebasti\u00e1n B\u00e1ez<\/strong>, que despu\u00e9s de superar al local <strong>Zizhen Zhang<\/strong> en tres mangas y remontando (2-6, 6-3 y 6-4) en un cara a cara muy parejo en lo estad\u00edstico, se medir\u00e1 al dan\u00e9s <strong>Holger Rune<\/strong>. No ser\u00e1 el \u00fanico argentino en treintadosavos, pues a <strong>Francisco Cer\u00fandolo<\/strong>, decimonoveno cabeza de serie, le espera el franc\u00e9s <strong>Adrian Mannarino<\/strong>, verdugo del italiano <strong>Matteo Berrettini<\/strong>, quien pese a caer fue capaz de levantar tres pelotas de set en la primera manga y otras tres de partido en la segunda (7-5, 7-6).<\/p>\n<p data-gtm-element-container=\"modulo-texto-link\" class=\"paragraph\">Fue esta una jornada de altos y bajos para las raquetas transalpinas ya que al igual que \u00e9l tambi\u00e9n se qued\u00f3 fuera <strong>Lorenzo Sonego<\/strong> ante el alem\u00e1n <strong>Yannick Hanfmann<\/strong> (2-6, 6-3 y 6-1), a quien le espera el estadounidense <strong>Frances Tiafoe<\/strong>. Sin embargo siguen vivos Luca Nardi (3-6, 6-3 y 6-2 ante el austriaco <strong>Sebastian Ofner<\/strong> esquivando 7 de 8 bolas de &#8216;break&#8217;) y <strong>Mattia Bellucci <\/strong>(7-6 y 6-1 contra el australiano <strong>Adam Walton<\/strong> sin poner en ning\u00fan momento en peligro su servicio). Ambos se cruzar\u00e1n con el franc\u00e9s <strong>Giovanni Mpetshi<\/strong> <strong>Perricard <\/strong>y con el checo <strong>Tomas Machac.<\/strong><\/p>\n<p data-gtm-element-container=\"modulo-texto-link\" class=\"paragraph\">Otro tenista de Italia que no ha salido a\u00fan del cuadro es <strong>Flavio Cobolli<\/strong>, que saltar\u00e1 por primera vez a la pista ante el espa\u00f1ol <strong>Jaume Munar<\/strong> despu\u00e9s de que este doblegara al h\u00fangaro<strong> Marton Fucsovics<\/strong> (4-6, 7-5 y 6-1) entregando solo una pelota de quiebre de las ocho a las que debi\u00f3 hacer frente.<\/p>\n<p data-gtm-element-container=\"modulo-texto-link\" class=\"paragraph\">Adem\u00e1s el japon\u00e9s <strong>Yoshihito Nishioka<\/strong> super\u00f3 al <strong>kazajo Alexander Shevchenko<\/strong> (6-1, 6-2) con este \u00faltimo conquistando solo el 13% de puntos con su segundo saque) y jugar\u00e1 contra el ruso <strong>Andrey Rublev<\/strong>; el australiano <strong>Jordan Thompson<\/strong> al dan\u00e9s <strong>Agust Holmgren<\/strong> (4-6, 6-3 y 6-4) y se enfrentar\u00e1 al franc\u00e9s <strong>Ugo Humbert<\/strong>; el polaco <strong>Valentin Vacherot<\/strong>, 202 del mundo, al serbio<strong> Laslo Djere<\/strong> (6-3, 6-4) y continuar\u00e1 frente al kazajo <strong>Alexander Bublik<\/strong>; y el h\u00fangaro <strong>Fabian Marozsan<\/strong> al incombustible suizo<strong> Stan Wawrinka<\/strong> (6-1, 4-6, 6-4)) y tendr\u00e1 el reto del estadounidense <strong>Taylor Fritz<\/strong>, reciente finalista en Tokio.\u00a0<\/p>\n","protected":false},"excerpt":{"rendered":"Jannik Sinner, n\u00famero 2 del r\u00e1nking de la ATP y reciente ganador del Torneo de Pek\u00edn, se medir\u00e1&hellip;\n","protected":false},"author":2,"featured_media":151743,"comment_status":"","ping_status":"","sticky":false,"template":"","format":"standard","meta":{"footnotes":""},"categories":[274],"tags":[168,25,24,23,167,327,326],"class_list":{"0":"post-151742","1":"post","2":"type-post","3":"status-publish","4":"format-standard","5":"has-post-thumbnail","7":"category-tenis","8":"tag-deportes","9":"tag-es","10":"tag-espana","11":"tag-spain","12":"tag-sports","13":"tag-tenis","14":"tag-tennis"},"share_on_mastodon":{"url":"","error":""},"_links":{"self":[{"href":"https:\/\/www.europesays.com\/es\/wp-json\/wp\/v2\/posts\/151742","targetHints":{"allow":["GET"]}}],"collection":[{"href":"https:\/\/www.europesays.com\/es\/wp-json\/wp\/v2\/posts"}],"about":[{"href":"https:\/\/www.europesays.com\/es\/wp-json\/wp\/v2\/types\/post"}],"author":[{"embeddable":true,"href":"https:\/\/www.europesays.com\/es\/wp-json\/wp\/v2\/users\/2"}],"replies":[{"embeddable":true,"href":"https:\/\/www.europesays.com\/es\/wp-json\/wp\/v2\/comments?post=151742"}],"version-history":[{"count":0,"href":"https:\/\/www.europesays.com\/es\/wp-json\/wp\/v2\/posts\/151742\/revisions"}],"wp:featuredmedia":[{"embeddable":true,"href":"https:\/\/www.europesays.com\/es\/wp-json\/wp\/v2\/media\/151743"}],"wp:attachment":[{"href":"https:\/\/www.europesays.com\/es\/wp-json\/wp\/v2\/media?parent=151742"}],"wp:term":[{"taxonomy":"category","embeddable":true,"href":"https:\/\/www.europesays.com\/es\/wp-json\/wp\/v2\/categories?post=151742"},{"taxonomy":"post_tag","embeddable":true,"href":"https:\/\/www.europesays.com\/es\/wp-json\/wp\/v2\/tags?post=151742"}],"curies":[{"name":"wp","href":"https:\/\/api.w.org\/{rel}","templated":true}]}}