{"id":151744,"date":"2025-10-02T00:30:15","date_gmt":"2025-10-02T00:30:15","guid":{"rendered":"https:\/\/www.europesays.com\/es\/151744\/"},"modified":"2025-10-02T00:30:15","modified_gmt":"2025-10-02T00:30:15","slug":"campeona-del-mundo-y-de-europa-contrarreloj","status":"publish","type":"post","link":"https:\/\/www.europesays.com\/es\/151744\/","title":{"rendered":"campeona del mundo y de Europa contrarreloj"},"content":{"rendered":"<p data-gtm-element-container=\"modulo-texto-link\" class=\"paragraph\">Yendo de menos a m\u00e1s, la<strong> suiza Marlen Reusser (34 a\u00f1os)<\/strong> ha acabado arrasando en el<strong> Campeonato de Europa de ciclismo<\/strong> contrarreloj para acabar colg\u00e1ndose la medalla de oro CRI tras los 24 kil\u00f3metros que separaban las<strong> localidades de Loriol-sur-Dr\u00f4me y \u00c9toile-sur-Rh\u00f4ne.<\/strong><\/p>\n<p>        Lee tambi\u00e9n<\/p>\n<p>    Celes Piedrabuena<\/p>\n<p>             <img loading=\"lazy\" decoding=\"async\" data-full-src=\"https:\/\/www.mundodeportivo.com\/uploads\/2025\/10\/01\/68dd4086171de.jpeg\" alt=\"La ciclista navarra de 18 a\u00f1os confirma su dominio en la contrarreloj europea y apunta al t\u00edtulo en ruta\" width=\"334\" height=\"164\" src=\"https:\/\/www.europesays.com\/es\/wp-content\/uploads\/2025\/10\/68dd4086171de.jpeg\" class=\"lazy\"\/><\/p>\n<p>        Lee tambi\u00e9n<\/p>\n<p>    Celes Piedrabuena<\/p>\n<p>             <img loading=\"lazy\" decoding=\"async\" data-full-src=\"https:\/\/www.mundodeportivo.com\/uploads\/2025\/10\/01\/68dd4e2b4a137.jpeg\" alt=\"Evenepoel, camino del oro\" width=\"334\" height=\"164\" src=\"https:\/\/www.europesays.com\/es\/wp-content\/uploads\/2025\/10\/68dd4e2b4a137.r_d.1612-1118.jpeg\" class=\"lazy\"\/><\/p>\n<p data-gtm-element-container=\"modulo-texto-link\" class=\"paragraph\">Menos en la primera toma de tiempos, en la que empataba con la noruega <strong>Katrine Aalerud <\/strong>(8.48), en el  resto de dos tomas parciales antes del final era netamente superior. Prueba de ello es que en la segunda referencia era 14 segundos m\u00e1s r\u00e1pida que Aalerud y en el tercero 49 mejor que la tambi\u00e9n noruega <strong>Mie Bjorndal Ottestad<\/strong>, para acabar colg\u00e1ndose la medalla de oro con una gran autoridad.<\/p>\n<p>                <img loading=\"lazy\" decoding=\"async\" data-full-src=\"https:\/\/www.mundodeportivo.com\/uploads\/2025\/10\/01\/68dd42e45b837.jpeg\" alt=\"Reusser, campeona del mundo y de Europa contrarreoj\" width=\"449\" height=\"299\" src=\"https:\/\/www.europesays.com\/es\/wp-content\/uploads\/2025\/10\/68dd42e45b837.jpeg\" class=\"lazy\"\/><\/p>\n<p class=\"caption-title \">Reusser, campeona del mundo y de Europa contrarreoj<\/p>\n<p>                    MOVISTAR TEAM<\/p>\n<p data-gtm-element-container=\"modulo-texto-link\" class=\"paragraph\">La <strong>ciclista de Movistar <\/strong>demostraba el por qu\u00e9 es a d\u00eda de hoy, sus n\u00fameros lo dicen, la mejor contrarrelojista del mundo.<strong> Campeona de Suiza<\/strong> este a\u00f1o, domin\u00f3 con mano de hierro la crono del <strong>Giro de Italia<\/strong> y<a href=\"https:\/\/www.mundodeportivo.com\/ciclismo\/20250921\/1002536182\/marlen-reusser-nueva-campeona-mundo-contrarreloj-dominar-mano-hierro-prueba-meritoria-actuacion-mireia-benito.html\" rel=\"nofollow noopener\" target=\"_blank\"> la del Mundial hace unos d\u00edas en Kigali (Ruanda, \u00c1frica).<\/a><\/p>\n<p>                <img loading=\"lazy\" decoding=\"async\" data-full-src=\"https:\/\/www.mundodeportivo.com\/uploads\/2025\/10\/01\/68dd4ecd22e80.jpeg\" alt=\"Reusser, oro en la CRI\" width=\"449\" height=\"359\" src=\"https:\/\/www.europesays.com\/es\/wp-content\/uploads\/2025\/10\/68dd4ecd22e80.jpeg\" class=\"lazy\"\/><\/p>\n<p class=\"caption-title \">Reusser, oro en la CRI<\/p>\n<p>                    @UCI_cycling<\/p>\n<p data-gtm-element-container=\"modulo-texto-link\" class=\"paragraph\">Este es el cuarto t\u00edtulo continental de Reusser, tras los de 2021, 2022 y 2023, a la espera de lo que pueda hacer el s\u00e1bado en la prueba en ruta de<strong>l Campeonato de Europa<\/strong>, sumando ya 35 victorias como profesional.<\/p>\n<p>CLASIFICACIONES<\/p>\n<p class=\"module-text\">1. Marlen Reusser (SUI) 33&#8217;06\u00bb<br \/>2.Mie Bjorndal Ottestad (NOR) a 49&#8243;<br \/>3.Mischa Bredewold (PB) a 51&#8243;<br \/>4.Katrine Aalerud (NOR) \u00edd.<br \/>5.Lieke Nooijen (PB) a 58&#8243;<br \/>&#8230;<br \/>13.Mireia Benito (ESP) a 2&#8217;26 \u00ab<\/p>\n<p data-gtm-element-container=\"modulo-texto-link\" class=\"paragraph\">La catalana <strong>Mireia Benito<\/strong> ha tenido que conformarse con el 13\u00ba mejor puesto, su mejor resultado en una cita continental, en la que el a\u00f1o pasado fue la 20\u00aa. El s\u00e1bado disputar\u00e1 la prueba en ruta femenina del Europeo.<\/p>\n","protected":false},"excerpt":{"rendered":"Yendo de menos a m\u00e1s, la suiza Marlen Reusser (34 a\u00f1os) ha acabado arrasando en el Campeonato de&hellip;\n","protected":false},"author":2,"featured_media":151745,"comment_status":"","ping_status":"","sticky":false,"template":"","format":"standard","meta":{"footnotes":""},"categories":[273],"tags":[313,312,168,25,24,23,167],"class_list":{"0":"post-151744","1":"post","2":"type-post","3":"status-publish","4":"format-standard","5":"has-post-thumbnail","7":"category-ciclismo","8":"tag-ciclismo","9":"tag-cycling","10":"tag-deportes","11":"tag-es","12":"tag-espana","13":"tag-spain","14":"tag-sports"},"share_on_mastodon":{"url":"","error":""},"_links":{"self":[{"href":"https:\/\/www.europesays.com\/es\/wp-json\/wp\/v2\/posts\/151744","targetHints":{"allow":["GET"]}}],"collection":[{"href":"https:\/\/www.europesays.com\/es\/wp-json\/wp\/v2\/posts"}],"about":[{"href":"https:\/\/www.europesays.com\/es\/wp-json\/wp\/v2\/types\/post"}],"author":[{"embeddable":true,"href":"https:\/\/www.europesays.com\/es\/wp-json\/wp\/v2\/users\/2"}],"replies":[{"embeddable":true,"href":"https:\/\/www.europesays.com\/es\/wp-json\/wp\/v2\/comments?post=151744"}],"version-history":[{"count":0,"href":"https:\/\/www.europesays.com\/es\/wp-json\/wp\/v2\/posts\/151744\/revisions"}],"wp:featuredmedia":[{"embeddable":true,"href":"https:\/\/www.europesays.com\/es\/wp-json\/wp\/v2\/media\/151745"}],"wp:attachment":[{"href":"https:\/\/www.europesays.com\/es\/wp-json\/wp\/v2\/media?parent=151744"}],"wp:term":[{"taxonomy":"category","embeddable":true,"href":"https:\/\/www.europesays.com\/es\/wp-json\/wp\/v2\/categories?post=151744"},{"taxonomy":"post_tag","embeddable":true,"href":"https:\/\/www.europesays.com\/es\/wp-json\/wp\/v2\/tags?post=151744"}],"curies":[{"name":"wp","href":"https:\/\/api.w.org\/{rel}","templated":true}]}}