{"id":151746,"date":"2025-10-02T00:31:15","date_gmt":"2025-10-02T00:31:15","guid":{"rendered":"https:\/\/www.europesays.com\/es\/151746\/"},"modified":"2025-10-02T00:31:15","modified_gmt":"2025-10-02T00:31:15","slug":"con-colapinto-como-espejo-un-joven-talento-argentino-viaja-a-europa-a-perseguir-el-sueno-de-la-f1","status":"publish","type":"post","link":"https:\/\/www.europesays.com\/es\/151746\/","title":{"rendered":"Con Colapinto como espejo, un joven talento argentino viaja a Europa a perseguir el sue\u00f1o de la F1"},"content":{"rendered":"<p><strong>Thiago Falivene <\/strong>tiene 17 a\u00f1os, naci\u00f3 en San Antonio de Areco, provincia de Buenos Aires y sue\u00f1a a lo grande. Es piloto de la F\u00f3rmula 3 Metropolitana y en los pr\u00f3ximos d\u00edas viaja a Italia para enfrentar uno de los grandes desaf\u00edos de su vida deportiva. Lleg\u00f3 el momento que todo chico sue\u00f1a tener en su corta edad: <strong>arribar al viejo continente para intentar alcanzar ese anhelo que genera la pasi\u00f3n del automovilismo.<\/strong><\/p>\n<p>&#13;<br \/>\n&#13;<\/p>\n<p><a href=\"https:\/\/www.carburando.com\/notas\/f1-la-declaracion-de-principios-de-colapinto-que-marca-su-clara-conviccion-para-2026\" rel=\"nofollow noopener\" target=\"_blank\"><strong>Leer adem\u00e1s: La contundente frase de Colapinto que es un declaraci\u00f3n de principios para Alpine<\/strong><\/a><\/p>\n<p>&#13;<br \/>\n&#13;<\/p>\n<p><strong>La fiebre de \u201cFranco Colapinto\u201d ha generado en los j\u00f3venes talentos argentinos la idea de intentar concretar el sue\u00f1o de llegar a la F\u00f3rmula 1 <\/strong>y eso es lo que quiere Thiago, quien\u00a0esta decidido a ir en b\u00fasqueda de ese objetivo.<\/p>\n<p>&#13;<br \/>\n&#13;<\/p>\n<p>A pesar de su corta edad, <strong>el bonaerense ya tuvo su experiencia internacional corriendo en el karting. Disput\u00f3 dos mundiales y tuvo una destacada actuaci\u00f3n cada vez que le toc\u00f3 representar al pa\u00eds fuera de sus fronteras<\/strong>. Ahora el reto es mayor y todas las esperanzas est\u00e1n puestas en las pruebas que realizar\u00e1 en los pr\u00f3ximos d\u00edas sobre un auto de la <strong>F\u00f3rmula X<\/strong>.<\/p>\n<p>&#13;<br \/>\n&#13;<\/p>\n<p><img decoding=\"async\" alt=\"Puede ser una imagen de 2 personas y texto\" src=\"https:\/\/www.europesays.com\/es\/wp-content\/uploads\/2025\/10\/552569056_18062465129523943_2078383739459701121_n.webp\" style=\"height:531px; width:800px\"\/><\/p>\n<p>&#13;<br \/>\n&#13;<br \/>\n<strong>Dos pruebas arriba de un F\u00f3rmula X<\/strong>&#13;<br \/>\n&#13;<\/p>\n<p><strong>Falivene estar\u00e1 viajando el pr\u00f3ximo 4 de octubre rumbo a Italia para iniciar una serie de pruebas en ese pa\u00eds junto al equipo Bell,<\/strong> propiedad de otro argentino que apost\u00f3 por desarrollar su pasi\u00f3n fuera de las fronteras argentinas. <strong>El cr\u00e9dito de Areco tendr\u00e1 su primer contacto con este nuevo auto el 7 de octubre en el circuito de Cremona, cerca de la ciudad de Parma y luego se dirigir\u00e1 al trazado de Magione para continuar con un exigente plan de trabajo<\/strong> que ya organiz\u00f3 el equipo junto a sus ingenieros.<\/p>\n<p>&#13;<br \/>\n&#13;<\/p>\n<p><strong><a href=\"https:\/\/www.carburando.com\/notas\/f1-esta-colapinto-los-pilotos-jovenes-que-pelear-por-un-lugar-en-la-grilla-de-2026\" rel=\"nofollow noopener\" target=\"_blank\">Leer adem\u00e1s: Los pilotos j\u00f3venes que buscan su lugar en la F1 para 2026<\/a><\/strong><\/p>\n<p>&#13;<br \/>\n&#13;<\/p>\n<p><strong>El jovencito tendr\u00e1 la dura tarea de manejar un auto similar en todos los sentidos al de la F\u00f3rmula 4 Italiana.<\/strong> Una categor\u00eda estrictamente formadora de pilotos en sus inicios con autos de una interesante potencia y que cuentan con tecnolog\u00eda de primer nivel. El auto que tendr\u00e1 en sus manos Thiago cuenta con un chasis Tattus con motor Abarth.<\/p>\n<p>&#13;<br \/>\n&#13;<\/p>\n<p><img decoding=\"async\" src=\"https:\/\/www.europesays.com\/es\/wp-content\/uploads\/2025\/10\/1GG00806-1024x683.jpg\" style=\"height:534px; width:800px\"\/><\/p>\n<p>&#13;<br \/>\n&#13;<br \/>\n<strong>La preparaci\u00f3n en Argentina<\/strong>&#13;<br \/>\n&#13;<\/p>\n<p>En estos \u00faltimos d\u00edas en el pa\u00eds, <strong>Thiago divide sus d\u00edas entre un riguroso entrenamiento f\u00edsico, muchas horas de simulador para entender y conocer los dos circuitos que utilizar\u00e1 en los ensayos de los pr\u00f3ximos d\u00edas y una obligaci\u00f3n estricta con sus responsabilidades con el colegio secundario al que asiste.<\/strong><\/p>\n<p>&#13;<br \/>\n&#13;<\/p>\n<p><a href=\"http:\/\/carburando.com\/notas\/f1-la-particular-frase-que-motiva-a-colapinto-antes-de-cada-gran-premio\" rel=\"nofollow noopener\" target=\"_blank\"><strong>Leer adem\u00e1s: La particular frase que motiva a Colapinto en los momentos m\u00e1s dif\u00edciles<\/strong><\/a><\/p>\n<p>&#13;<br \/>\n&#13;<\/p>\n<p>\u201cRealmente estoy muy entusiasmado con la chance que se me presenta. <strong>Tengo muchas ganas de ya estar manejando este tipo de autos<\/strong>\u201d, expres\u00f3 en primera instancia y agreg\u00f3: \u201cEstoy trabajando mucho en el gimnasio y principalmente paso horas en el simulador para poder conocer al m\u00e1ximo los dos circuitos en los que vamos a probar\u201d.<\/p>\n<p>&#13;<br \/>\n&#13;<\/p>\n<p><img decoding=\"async\" alt=\"Puede ser una imagen de texto\" src=\"https:\/\/www.europesays.com\/es\/wp-content\/uploads\/2025\/10\/553364621_18062465147523943_4570245077291994979_n.webp\" style=\"height:532px; width:800px\"\/><\/p>\n","protected":false},"excerpt":{"rendered":"Thiago Falivene tiene 17 a\u00f1os, naci\u00f3 en San Antonio de Areco, provincia de Buenos Aires y sue\u00f1a a&hellip;\n","protected":false},"author":2,"featured_media":151747,"comment_status":"","ping_status":"","sticky":false,"template":"","format":"standard","meta":{"footnotes":""},"categories":[270],"tags":[45947,168,25,24,306,271,272,23,167],"class_list":{"0":"post-151746","1":"post","2":"type-post","3":"status-publish","4":"format-standard","5":"has-post-thumbnail","7":"category-formula-1","8":"tag-argentinos-en-el-exterior","9":"tag-deportes","10":"tag-es","11":"tag-espana","12":"tag-f1","13":"tag-formula-1","14":"tag-formula1","15":"tag-spain","16":"tag-sports"},"share_on_mastodon":{"url":"","error":""},"_links":{"self":[{"href":"https:\/\/www.europesays.com\/es\/wp-json\/wp\/v2\/posts\/151746","targetHints":{"allow":["GET"]}}],"collection":[{"href":"https:\/\/www.europesays.com\/es\/wp-json\/wp\/v2\/posts"}],"about":[{"href":"https:\/\/www.europesays.com\/es\/wp-json\/wp\/v2\/types\/post"}],"author":[{"embeddable":true,"href":"https:\/\/www.europesays.com\/es\/wp-json\/wp\/v2\/users\/2"}],"replies":[{"embeddable":true,"href":"https:\/\/www.europesays.com\/es\/wp-json\/wp\/v2\/comments?post=151746"}],"version-history":[{"count":0,"href":"https:\/\/www.europesays.com\/es\/wp-json\/wp\/v2\/posts\/151746\/revisions"}],"wp:featuredmedia":[{"embeddable":true,"href":"https:\/\/www.europesays.com\/es\/wp-json\/wp\/v2\/media\/151747"}],"wp:attachment":[{"href":"https:\/\/www.europesays.com\/es\/wp-json\/wp\/v2\/media?parent=151746"}],"wp:term":[{"taxonomy":"category","embeddable":true,"href":"https:\/\/www.europesays.com\/es\/wp-json\/wp\/v2\/categories?post=151746"},{"taxonomy":"post_tag","embeddable":true,"href":"https:\/\/www.europesays.com\/es\/wp-json\/wp\/v2\/tags?post=151746"}],"curies":[{"name":"wp","href":"https:\/\/api.w.org\/{rel}","templated":true}]}}