{"id":151748,"date":"2025-10-02T00:37:10","date_gmt":"2025-10-02T00:37:10","guid":{"rendered":"https:\/\/www.europesays.com\/es\/151748\/"},"modified":"2025-10-02T00:37:10","modified_gmt":"2025-10-02T00:37:10","slug":"tuvo-un-percance-en-su-actuacion-en-la-voz-y-la-reaccion-de-lali-conmovio-a-todos-estas-cosas-pasan","status":"publish","type":"post","link":"https:\/\/www.europesays.com\/es\/151748\/","title":{"rendered":"Tuvo un percance en su actuaci\u00f3n en La Voz y la reacci\u00f3n de Lali conmovi\u00f3 a todos: \u201cEstas cosas pasan\u201d"},"content":{"rendered":"<p>El mal momento de una participante de La Voz que hace peligrar su participaci\u00f3n en el team Lali (Video: Telefe-La Voz Argentina)<\/p>\n<p class=\"paragraph\">A medida que pasan las nuevas emisiones de<a href=\"https:\/\/www.infobae.com\/tag\/la-voz-argentina\/\" target=\"_blank\" rel=\"noreferrer nofollow noopener\" title=\"https:\/\/www.infobae.com\/tag\/la-voz-argentina\/\"> La Voz Argentina 2025<\/a> (Telefe), la tensi\u00f3n dentro del estudio va aumentando, poco a poco los participantes luchan por la posibilidad de llevarse el premio m\u00e1s importante. En este contexto, <a href=\"https:\/\/www.infobae.com\/teleshow\/2025\/09\/27\/iara-lombardi-de-la-voz-la-mirada-de-lali-fue-epica-me-enamore\/\" target=\"_blank\" rel=\"noreferrer nofollow noopener\" title=\"https:\/\/www.infobae.com\/teleshow\/2025\/09\/27\/iara-lombardi-de-la-voz-la-mirada-de-lali-fue-epica-me-enamore\/\"><b>Iara Lombardi<\/b>, participante del Team Lali<\/a>, vivi\u00f3 un momento de alta tensi\u00f3n y emotividad que conmovi\u00f3 tanto al p\u00fablico como al jurado y que podr\u00eda dejarla fuera del certamen.<\/p>\n<p class=\"paragraph\">En pleno cuarto round del certamen, Iara era una de las favoritas de su equipo, pero debi\u00f3<b> enfrentarse a un inesperado bloqueo mientras interpretaba el cl\u00e1sico italiano \u201cSar\u00e0 perch\u00e9 ti amo\u201d de Ricchi e Poveri<\/b>. Apenas comenzada la canci\u00f3n, la joven se qued\u00f3 en silencio durante unos largos segundos, desorientando a todos en el estudio, mientras la m\u00fasica segu\u00eda sonando y el jurado intentaba comprender qu\u00e9 hab\u00eda sucedido.<\/p>\n<p class=\"paragraph\">Esp\u00f3sito, atenta a la escena, le pregunt\u00f3 en voz baja si ten\u00eda alg\u00fan inconveniente t\u00e9cnico, pero r\u00e1pidamente percibi\u00f3 que se trataba de un bloqueo emocional. <b>Desde su sill\u00f3n, la coach \u2014conmovida\u2014 comenz\u00f3 a alentar a Iara desde la distancia, y Soledad se sum\u00f3 poni\u00e9ndose de pie e invitando al p\u00fablico a acompa\u00f1ar con aplausos<\/b>. En ese clima de apoyo, la joven logr\u00f3 recomponerse, retom\u00f3 la melod\u00eda y concluy\u00f3 la presentaci\u00f3n. Apenas termin\u00f3 de cantar, la cantante de \u201cFan\u00e1tico\u201d se acerc\u00f3 al escenario, la abraz\u00f3 con fuerza y la sostuvo mientras la cantante, entre l\u00e1grimas, intent\u00f3 explicar lo ocurrido: \u201c<b>Es mucha emoci\u00f3n, no puedo bajar. A veces la cabeza te juega en contra y pasan estas cosas, pero estoy contenta de haber llegado hasta ac\u00e1<\/b>\u201d, se\u00f1al\u00f3.<\/p>\n<p><img alt=\"El abrazo entre Iara y\" class=\"global-image\" decoding=\"async\" fetchpriority=\"low\" height=\"2617\" loading=\"lazy\" src=\"https:\/\/www.europesays.com\/es\/wp-content\/uploads\/2025\/10\/LLLRDIRVRFFTHBR7L4F3U5R3U4.JPG\" width=\"3926\"\/>El abrazo entre Iara y Lali luego de la presentaci\u00f3n (Foto: Adri\u00e1n D\u00edaz\/Prensa Telefe)<\/p>\n<p class=\"paragraph\">El episodio encendi\u00f3 el debate sobre las reglas estrictas del reality que el conductor <b>Nico Occhiato<\/b> volvi\u00f3 a poner sobre la mesa. \u201c<b>Cuando arranca el tema, salvo que haya un error t\u00e9cnico o algo de producci\u00f3n, no se puede parar. Salvo que deje de funcionar una c\u00e1mara o pase algo as\u00ed<\/b>\u201d, explic\u00f3. En este momento del certamen, la demanda de canciones es continua y las instancias se vuelven cada vez m\u00e1s vertiginosas; los participantes ya no tienen el margen de preparaci\u00f3n de las primeras galas.<\/p>\n<p class=\"paragraph\">Iara, recuperando la compostura, agreg\u00f3: \u201c<b>Me fui en blanco completamente<\/b>\u201d. La actriz de Casi \u00c1ngeles lejos de hacerla sentir mal por lo que sucedi\u00f3 arriba del escenario, le asegur\u00f3 que son cosas que pueden suceder y que su paso por el programa es un todo, es decir, que no est\u00e1 definido por una sola noche en la que no logr\u00f3 brillar. <\/p>\n<p class=\"paragraph\">Con la sensibilidad que la caracteriza, Lali cerr\u00f3 su intervenci\u00f3n con un mensaje reparador: \u201c<b>No te voy a mentir, estamos en un momento del programa muy complejo y no deja de ser una competencia, pero no te dejes guiar por esta noche.<\/b> Tu recorrido no fue solo de mostrar tu talento y lo aguerrida que sos, sino que tambi\u00e9n habla de una chica que est\u00e1 aprendiendo a c\u00f3mo ser una cantante profesional y que est\u00e1s aprendiendo\u201d. Y concluy\u00f3: \u201cNo te olvides, antes de subir a un escenario, que sos una persona y que te van a pasar cosas de persona. No te quedes mal. S\u00e9 que ahora es dif\u00edcil que no te quedes mal, pero tambi\u00e9n pens\u00e1 en todo lo que sos, no solo en esta noche\u201d.<\/p>\n<p><img alt=\"Luego del bloqueo, la joven\" class=\"global-image\" decoding=\"async\" fetchpriority=\"low\" height=\"4608\" loading=\"lazy\" src=\"https:\/\/www.europesays.com\/es\/wp-content\/uploads\/2025\/10\/C4IRZ4TVGZAXLAIU2EJXBQ3I2E.JPG\" width=\"3072\"\/>Luego del bloqueo, la joven logr\u00f3 recuperarse y terminar la presentaci\u00f3n (Foto: Adri\u00e1n D\u00edaz\/Prensa Telefe)<\/p>\n<p class=\"paragraph\">El episodio expuso la exigencia emocional de la competencia, la presi\u00f3n constante sobre los participantes y la empat\u00eda de los coaches, <b>que supieron acompa\u00f1ar el proceso de Iara sin perder de vista el costado humano<\/b>, incluso en un formato de alto rendimiento. La escena qued\u00f3 como uno de los momentos m\u00e1s intensos y reales de la temporada, recordando que detr\u00e1s de cada artista hay una persona atravesada por desaf\u00edos y aprendizajes m\u00e1s all\u00e1 del certamen.<\/p>\n","protected":false},"excerpt":{"rendered":"El mal momento de una participante de La Voz que hace peligrar su participaci\u00f3n en el team Lali&hellip;\n","protected":false},"author":2,"featured_media":151749,"comment_status":"","ping_status":"","sticky":false,"template":"","format":"standard","meta":{"footnotes":""},"categories":[171],"tags":[146,147,25,24,23,214],"class_list":{"0":"post-151748","1":"post","2":"type-post","3":"status-publish","4":"format-standard","5":"has-post-thumbnail","7":"category-tv","8":"tag-entertainment","9":"tag-entretenimiento","10":"tag-es","11":"tag-espana","12":"tag-spain","13":"tag-tv"},"share_on_mastodon":{"url":"","error":""},"_links":{"self":[{"href":"https:\/\/www.europesays.com\/es\/wp-json\/wp\/v2\/posts\/151748","targetHints":{"allow":["GET"]}}],"collection":[{"href":"https:\/\/www.europesays.com\/es\/wp-json\/wp\/v2\/posts"}],"about":[{"href":"https:\/\/www.europesays.com\/es\/wp-json\/wp\/v2\/types\/post"}],"author":[{"embeddable":true,"href":"https:\/\/www.europesays.com\/es\/wp-json\/wp\/v2\/users\/2"}],"replies":[{"embeddable":true,"href":"https:\/\/www.europesays.com\/es\/wp-json\/wp\/v2\/comments?post=151748"}],"version-history":[{"count":0,"href":"https:\/\/www.europesays.com\/es\/wp-json\/wp\/v2\/posts\/151748\/revisions"}],"wp:featuredmedia":[{"embeddable":true,"href":"https:\/\/www.europesays.com\/es\/wp-json\/wp\/v2\/media\/151749"}],"wp:attachment":[{"href":"https:\/\/www.europesays.com\/es\/wp-json\/wp\/v2\/media?parent=151748"}],"wp:term":[{"taxonomy":"category","embeddable":true,"href":"https:\/\/www.europesays.com\/es\/wp-json\/wp\/v2\/categories?post=151748"},{"taxonomy":"post_tag","embeddable":true,"href":"https:\/\/www.europesays.com\/es\/wp-json\/wp\/v2\/tags?post=151748"}],"curies":[{"name":"wp","href":"https:\/\/api.w.org\/{rel}","templated":true}]}}