{"id":151750,"date":"2025-10-02T00:38:09","date_gmt":"2025-10-02T00:38:09","guid":{"rendered":"https:\/\/www.europesays.com\/es\/151750\/"},"modified":"2025-10-02T00:38:09","modified_gmt":"2025-10-02T00:38:09","slug":"galeria-recycled-j-hace-vibrar-a-soria-con-el-mejor-rap-y-san-jorge","status":"publish","type":"post","link":"https:\/\/www.europesays.com\/es\/151750\/","title":{"rendered":"GALER\u00cdA | Recycled J hace vibrar a Soria con el mejor rap y &#8216;San Jorge&#8217;"},"content":{"rendered":"<p class=\"prip\">El rapero madrile\u00f1o ha regalado una noche de emoci\u00f3n a cientos de sorianos que se han congregado en la Plaza Mayor. Con canciones de su \u00faltimo proyecto, el m\u00e1s personal y especial para Recycled J, &#8216;San Jorge&#8217;, y sus mayores hits, con canciones como &#8216;Sudores fr\u00edos&#8217; o &#8216;A la tumba&#8217;, compuestas en colaboraci\u00f3n con el d\u00fao Natos y Waor, &#8216;Banksy&#8217;, &#8216;150 canciones&#8217;, &#8216;Bambino&#8217; y &#8216;Maravilla&#8217;. Este espect\u00e1culo ha servido para dar el pistoletazo de salida a las fiestas de San Saturio en la capital, con un ambiente festivo \u00fanico.<\/p>\n","protected":false},"excerpt":{"rendered":"El rapero madrile\u00f1o ha regalado una noche de emoci\u00f3n a cientos de sorianos que se han congregado en&hellip;\n","protected":false},"author":2,"featured_media":151751,"comment_status":"","ping_status":"","sticky":false,"template":"","format":"standard","meta":{"footnotes":""},"categories":[170],"tags":[146,147,25,24,184,185,45830,246,23],"class_list":{"0":"post-151750","1":"post","2":"type-post","3":"status-publish","4":"format-standard","5":"has-post-thumbnail","7":"category-musica","8":"tag-entertainment","9":"tag-entretenimiento","10":"tag-es","11":"tag-espana","12":"tag-music","13":"tag-musica","14":"tag-san-saturio","15":"tag-soria","16":"tag-spain"},"share_on_mastodon":{"url":"","error":""},"_links":{"self":[{"href":"https:\/\/www.europesays.com\/es\/wp-json\/wp\/v2\/posts\/151750","targetHints":{"allow":["GET"]}}],"collection":[{"href":"https:\/\/www.europesays.com\/es\/wp-json\/wp\/v2\/posts"}],"about":[{"href":"https:\/\/www.europesays.com\/es\/wp-json\/wp\/v2\/types\/post"}],"author":[{"embeddable":true,"href":"https:\/\/www.europesays.com\/es\/wp-json\/wp\/v2\/users\/2"}],"replies":[{"embeddable":true,"href":"https:\/\/www.europesays.com\/es\/wp-json\/wp\/v2\/comments?post=151750"}],"version-history":[{"count":0,"href":"https:\/\/www.europesays.com\/es\/wp-json\/wp\/v2\/posts\/151750\/revisions"}],"wp:featuredmedia":[{"embeddable":true,"href":"https:\/\/www.europesays.com\/es\/wp-json\/wp\/v2\/media\/151751"}],"wp:attachment":[{"href":"https:\/\/www.europesays.com\/es\/wp-json\/wp\/v2\/media?parent=151750"}],"wp:term":[{"taxonomy":"category","embeddable":true,"href":"https:\/\/www.europesays.com\/es\/wp-json\/wp\/v2\/categories?post=151750"},{"taxonomy":"post_tag","embeddable":true,"href":"https:\/\/www.europesays.com\/es\/wp-json\/wp\/v2\/tags?post=151750"}],"curies":[{"name":"wp","href":"https:\/\/api.w.org\/{rel}","templated":true}]}}