{"id":151754,"date":"2025-10-02T00:40:07","date_gmt":"2025-10-02T00:40:07","guid":{"rendered":"https:\/\/www.europesays.com\/es\/151754\/"},"modified":"2025-10-02T00:40:07","modified_gmt":"2025-10-02T00:40:07","slug":"parte-medico-asisa-andrea-tarazona-levante-ud","status":"publish","type":"post","link":"https:\/\/www.europesays.com\/es\/151754\/","title":{"rendered":"Parte m\u00e9dico ASISA | Andrea Tarazona | Levante UD"},"content":{"rendered":"<p><strong>Andrea Tarazona<\/strong> ha sido sometido a diferentes pruebas m\u00e9dicas para conocer el alcance de la lesi\u00f3n que sufri\u00f3 <strong>durante el entrenamiento del pasado mi\u00e9rcoles en la Ciudad Deportiva de Bu\u00f1ol. <\/strong>Las pruebas han revelado que la jugadora sufre un <strong>esguince de grado III del ligamento peroneo astragalino anterior del tobillo derecho.<\/strong><\/p>\n<p>La evoluci\u00f3n de la lesi\u00f3n marcar\u00e1 su incorporaci\u00f3n a los entrenamientos con el grupo.<\/p>\n","protected":false},"excerpt":{"rendered":"Andrea Tarazona ha sido sometido a diferentes pruebas m\u00e9dicas para conocer el alcance de la lesi\u00f3n que sufri\u00f3&hellip;\n","protected":false},"author":2,"featured_media":151755,"comment_status":"","ping_status":"","sticky":false,"template":"","format":"standard","meta":{"footnotes":""},"categories":[93],"tags":[168,25,24,23,167],"class_list":{"0":"post-151754","1":"post","2":"type-post","3":"status-publish","4":"format-standard","5":"has-post-thumbnail","7":"category-deportes","8":"tag-deportes","9":"tag-es","10":"tag-espana","11":"tag-spain","12":"tag-sports"},"share_on_mastodon":{"url":"","error":""},"_links":{"self":[{"href":"https:\/\/www.europesays.com\/es\/wp-json\/wp\/v2\/posts\/151754","targetHints":{"allow":["GET"]}}],"collection":[{"href":"https:\/\/www.europesays.com\/es\/wp-json\/wp\/v2\/posts"}],"about":[{"href":"https:\/\/www.europesays.com\/es\/wp-json\/wp\/v2\/types\/post"}],"author":[{"embeddable":true,"href":"https:\/\/www.europesays.com\/es\/wp-json\/wp\/v2\/users\/2"}],"replies":[{"embeddable":true,"href":"https:\/\/www.europesays.com\/es\/wp-json\/wp\/v2\/comments?post=151754"}],"version-history":[{"count":0,"href":"https:\/\/www.europesays.com\/es\/wp-json\/wp\/v2\/posts\/151754\/revisions"}],"wp:featuredmedia":[{"embeddable":true,"href":"https:\/\/www.europesays.com\/es\/wp-json\/wp\/v2\/media\/151755"}],"wp:attachment":[{"href":"https:\/\/www.europesays.com\/es\/wp-json\/wp\/v2\/media?parent=151754"}],"wp:term":[{"taxonomy":"category","embeddable":true,"href":"https:\/\/www.europesays.com\/es\/wp-json\/wp\/v2\/categories?post=151754"},{"taxonomy":"post_tag","embeddable":true,"href":"https:\/\/www.europesays.com\/es\/wp-json\/wp\/v2\/tags?post=151754"}],"curies":[{"name":"wp","href":"https:\/\/api.w.org\/{rel}","templated":true}]}}