{"id":151756,"date":"2025-10-02T00:42:16","date_gmt":"2025-10-02T00:42:16","guid":{"rendered":"https:\/\/www.europesays.com\/es\/151756\/"},"modified":"2025-10-02T00:42:16","modified_gmt":"2025-10-02T00:42:16","slug":"antena-3-sigue-lider-de-audiencia-y-la-1-registra-el-mejor-septiembre-en-14-anos-la-voz-de-galicia","status":"publish","type":"post","link":"https:\/\/www.europesays.com\/es\/151756\/","title":{"rendered":"Antena 3 sigue l\u00edder de audiencia y La 1 registra el mejor septiembre en 14 a\u00f1os &#8211; La Voz de Galicia"},"content":{"rendered":"<ol>\n<li><a href=\"https:\/\/news.google.com\/rss\/articles\/CBMi6AFBVV95cUxOVy15ZGhHLU9NWHlkWUlrS0NOdnJqRHhLZk50NTZzUHJ5X3Z4dTFLSGVkUlZ4S2pya1dhbUNFeUVDSGRpWEJXY0JMbndIdi15TWdnWjFSZTJMMENiSlZkYkZsQzFXem5wQWI3VE5YcXRITFNQOVlBcTYxeXdhYmdFcVc3c0wySjZKY2hGMTVJZkZMSWlWam1jZ20zMTByX1Z2YUl4eFY5N0M2OUplMmhEM1ZaMmtpSHhOZjgweDJHck05SnRwUnNPdzJUZURLdVkxLWE3ajB0QVhoaFBOYlNaN2ZWcHNKWXpp0gGEAkFVX3lxTE1vaTVIelBwcEc3MURybzRjc2lMajA5WTV4cmZrbnNfcHFqdWF3ODl4S051VE1paFE0Mlo2THF6UllNa0pISFItMUpNV1JBd0JvazdsLWZ1d1FZODVVckVWeEdNdkV5cjdOalpIQUpsZ0Y0b1JHZmVlQktuRUdTZHVfTkFOeDZkS1ZJRDc1WEYwdWVUcDYzRjk4bV9WUFdMRWJwQWdwRUlEZGRqVmFBNkhoMEdWektadGxpYUZVbmNlLXdvdGVfXzlMOXNlUjljR1hkNjZYR3I0R1Z4b0V1RWV4OG9Vb19Ea05GZE5tRjl3LWgtNHJrUVFrSDJxd0l5RzdCZVk5?oc=5\" target=\"_blank\" rel=\"nofollow noopener\">Antena 3 sigue l\u00edder de audiencia y La 1 registra el mejor septiembre en 14 a\u00f1os<\/a>&nbsp;&nbsp;La Voz de Galicia<\/li>\n<li><a href=\"https:\/\/news.google.com\/rss\/articles\/CBMiwAFBVV95cUxNQ01zTU9UaWs5bzl0RmNqV3Rjck5SNUx3NlBnZkswSnZsZ3ozQjNCdVRqM1B3YTZiVG41UTRFdHpBWkpmT2lOZVFZUExWYno3d1dfdG9CUmxKUjFoZWpiQ0pnNWoyNVJIRURoV0pzWnhWNWtYb3VtZFNXXzRIcXRFaUo1eGtYZ2dmclRIZGpYYi1ta3FiWUJKUS1uNmVsMjlmWWdCMzVKSjd1WnJIQkhfcmgwOEpFS21zOHdSRzZXM3Q?oc=5\" target=\"_blank\" rel=\"nofollow noopener\">La agitaci\u00f3n pol\u00edtica dispara la audiencia de La 1, que se distancia de Telecinco<\/a>&nbsp;&nbsp;ABC<\/li>\n<li><a href=\"https:\/\/news.google.com\/rss\/articles\/CBMiuwFBVV95cUxNc3ZQZ3JUQjRCYXZ0VzNBTmZ0bmJOdlpQSnhqZnowLTNITlhTaHk2eno2V0E1S1dJeFlFWnZfb1I0eC13b2FUQ0FNZHd6V1dpeXlUd3JRSDhnbHVfclg0dzlhcmh3Xzh0VG14YUVpenpFczEwRXRna1lBdVh6QWtUaUFiUEVPTGJmRERYWjlxNGZaWExMQ2k3VUxNU1Y1QUc1djVJNzFoSkx0QjBMeGZiZzk1T0NCdUJQWWJj?oc=5\" target=\"_blank\" rel=\"nofollow noopener\">La 1 brilla y Telecinco sufre en las audiencias del comienzo de temporada<\/a>&nbsp;&nbsp;EL PA\u00cdS<\/li>\n<li><a href=\"https:\/\/news.google.com\/rss\/articles\/CBMi0wJBVV95cUxQSU92OXpObi1hbUhMY2l0eTVYaGV0QS1NYW03Mm8yQVBOOGNfWlYzNjduT2hhUk9UekxiUldna2J6cEpDOEl3Z3lmNTAwMTFkVW4zRTdZS2JpT0xsMTRMaG1qdXpuSGtTRmNsYUNMVXVWZFQ4ZlFfN3VnQ1ZuQlM0cE5keFUzMl9wZ1pWeHRLNlNXUVJwTXVFQ095MFU2UVFEUVJuX3dSRWhPNDV6V2EyTFdCcWZsQ2h2T2hCMnJGWXN1VGZMbjFMWlJvekpPUnhpYUlxVlhVOG56TVY0RWVtNG1kdXF0WThWN21MT2lNSVZ0SjluejFUY0hQcmF0SWRKX0l3WTN4Q2NHLWtfNkVmTmhRY3hqVk5HNHNtRWdvSG45cmpZbm1JWGY4R1QzMVJPTkpOb0VoejVqVzFVZXdDejdjYVlwUDZHQTh0UENocUNXWTQ?oc=5\" target=\"_blank\" rel=\"nofollow noopener\">Antena 3 contin\u00faa creciendo imparable: cadena l\u00edder, con su mejor septiembre en 2 a\u00f1os. Atresmedia, el grupo l\u00edder con r\u00e9cord hist\u00f3rico y laSexta suma 51 meses por delante de su rival<\/a>&nbsp;&nbsp;Atresmedia<\/li>\n<li><a href=\"https:\/\/news.google.com\/rss\/articles\/CBMi0gFBVV95cUxPbmcyT1lyTjcyMWJYNUpfVVQ0ZmlqOGtRaUEzWEhEREdaZEtOa28wdWFMa0RfX19aX0IxU0VtdTh4Qk9MOUo5aFZWbzJMaUcwNHNnTkxhVnZVM0JaRFFkcTlhUVFBY0o2b3RDNzFkT0REX1V3c29vU2J6ejRhdFNBVnpSWWYwakNfOUZsV25YTkFCWjhVMmFXRGhVc2g0eGRPNkdFQjBzelNqeVotU0s3aWtIUUdCNGE5NVBuTzRieFNIa0t0SERhcVBEbF9nMldObXfSAdIBQVVfeXFMT0JCMUR5b0psbUtUVldubEhFZlpKcWI4OFdjVkkzQmpfdmxsb3lmXzNZN0dTN2o1OXl6M0ZQS29vTl9qSklLelFmNkNHY3FyUjZWLVFzRVBLc2JLTmY2dFhfOUJfQ3N6X2NweDRUcVMyV2hrTXl0NjU5WnlxMC0yUjhaRVA3cUxFaEQ5WnFYeUd6d05WVU8xeE9rb0FtRWRRcnBNeEh4SUhRNUEyWmtIc3p5SzJmek1TbDF6RFUwOWJvTUtqMzlvRHdWQzJwZ1FHTFNn?oc=5\" target=\"_blank\" rel=\"nofollow noopener\">El Hormiguero vuelve a coronarse como el programa m\u00e1s visto de la TV con su mejor arranque de la historia<\/a>&nbsp;&nbsp;Antena 3<\/li>\n<\/ol>\n","protected":false},"excerpt":{"rendered":"Antena 3 sigue l\u00edder de audiencia y La 1 registra el mejor septiembre en 14 a\u00f1os&nbsp;&nbsp;La Voz de&hellip;\n","protected":false},"author":2,"featured_media":151757,"comment_status":"","ping_status":"","sticky":false,"template":"","format":"standard","meta":{"footnotes":""},"categories":[91],"tags":[4040,954,146,147,25,24,6870,5079,955,303,23,692,11223,7151],"class_list":{"0":"post-151756","1":"post","2":"type-post","3":"status-publish","4":"format-standard","5":"has-post-thumbnail","7":"category-entretenimiento","8":"tag-antena-3","9":"tag-cuatro","10":"tag-entertainment","11":"tag-entretenimiento","12":"tag-es","13":"tag-espana","14":"tag-la-1","15":"tag-la-sexta","16":"tag-mediaset","17":"tag-movistar","18":"tag-spain","19":"tag-telecinco","20":"tag-telemadrid","21":"tag-tv3"},"share_on_mastodon":{"url":"","error":""},"_links":{"self":[{"href":"https:\/\/www.europesays.com\/es\/wp-json\/wp\/v2\/posts\/151756","targetHints":{"allow":["GET"]}}],"collection":[{"href":"https:\/\/www.europesays.com\/es\/wp-json\/wp\/v2\/posts"}],"about":[{"href":"https:\/\/www.europesays.com\/es\/wp-json\/wp\/v2\/types\/post"}],"author":[{"embeddable":true,"href":"https:\/\/www.europesays.com\/es\/wp-json\/wp\/v2\/users\/2"}],"replies":[{"embeddable":true,"href":"https:\/\/www.europesays.com\/es\/wp-json\/wp\/v2\/comments?post=151756"}],"version-history":[{"count":0,"href":"https:\/\/www.europesays.com\/es\/wp-json\/wp\/v2\/posts\/151756\/revisions"}],"wp:featuredmedia":[{"embeddable":true,"href":"https:\/\/www.europesays.com\/es\/wp-json\/wp\/v2\/media\/151757"}],"wp:attachment":[{"href":"https:\/\/www.europesays.com\/es\/wp-json\/wp\/v2\/media?parent=151756"}],"wp:term":[{"taxonomy":"category","embeddable":true,"href":"https:\/\/www.europesays.com\/es\/wp-json\/wp\/v2\/categories?post=151756"},{"taxonomy":"post_tag","embeddable":true,"href":"https:\/\/www.europesays.com\/es\/wp-json\/wp\/v2\/tags?post=151756"}],"curies":[{"name":"wp","href":"https:\/\/api.w.org\/{rel}","templated":true}]}}