{"id":151760,"date":"2025-10-02T00:46:04","date_gmt":"2025-10-02T00:46:04","guid":{"rendered":"https:\/\/www.europesays.com\/es\/151760\/"},"modified":"2025-10-02T00:46:04","modified_gmt":"2025-10-02T00:46:04","slug":"la-hija-de-la-ilustre-inquiokupa-de-torrelodones-tambien-debe-cuatro-anos-de-alquiler-por-un-piso-en-galapagar-su-padre-era-el-futbolista-del-madrid-fleitas-el-mundo","status":"publish","type":"post","link":"https:\/\/www.europesays.com\/es\/151760\/","title":{"rendered":"La hija de la ilustre inquiokupa de Torrelodones tambi\u00e9n debe cuatro a\u00f1os de alquiler por un piso en Galapagar: su padre era el futbolista del Madrid Fleitas &#8211; El Mundo"},"content":{"rendered":"<ol>\n<li><a href=\"https:\/\/news.google.com\/rss\/articles\/CBMiekFVX3lxTE5rN0xDdWVUYkhUMS1ybk41VzAxVDNkTVlXcVZWNDZYamZ3MXpDdWFHVTV0VlVqa3N4V245SXlLaWctZTloNWEwcFJ1b3pFc1NSeHM2Zm1RTUgxOWhoWnRnZU9nc0lIVkdxaE1SamhLQ2U3UUx3THYydUF30gF6QVVfeXFMUFBRbWtuQzVYZlpDSDc2Y24xLWJtQWJheF9yRE5ETmVVdXoyY2JnRUJzWXJSd28tN3d6Q0dtWFBqNVdZOGJBeTVBRTl1anhrRGh4bC1vNkhmVU1BLVo3ZWtEU3pmend3cEJROVNPcHhKVHhEWURjRW5MLUE?oc=5\" target=\"_blank\" rel=\"nofollow noopener\">La hija de la ilustre inquiokupa de Torrelodones tambi\u00e9n debe cuatro a\u00f1os de alquiler por un piso en Galapagar: su padre era el futbolista del Madrid Fleitas<\/a>&nbsp;&nbsp;El Mundo<\/li>\n<li><a href=\"https:\/\/news.google.com\/rss\/articles\/CBMitAFBVV95cUxNTnNrSk9WNHdrY3RyY21wMzdMSUtjS1JlSDh0dDdZVlF0TkhZZEJ1SFNkV0l1VnAyeGxpV1drejRyTDNWbHYyLXpJOEtBdVU5NjBkSTZWenJBMExaTW1QYWphWHh1Sjd1Rm5OdWhDbHZWeHVCWlVzMFpPbGVjUl9qRnlFLW9TVmZuSTRUZ280c01maENnRmlYcEhTNHpTNWl5Z2tOTGJUQVNIOWdGVVAwNWpkUUPSAbQBQVVfeXFMT3FYUVdVT00tWGg5azlDUDZ4cXFmRUVscXdIUnBERW9DY0RpdzQ0NlJha3g4Y0s0OXBBMmxmNlA1eTd6dzFWRE44Y1lERmxEaEVnOUg0X3hGTXRNTUtJX2h1dnBMYlY5dkRVYmRWejNwUmNManJjdk5ydmF3WkNqblVtT1NaR2ltQXpnVnJER0lock4tQVdYdWZtdTZUTjNMcDRqeExPeF9BWVcyQVp3VlRkUjJG?oc=5\" target=\"_blank\" rel=\"nofollow noopener\">Fue la mujer de un jugador del Real Madrid y ahora es inquiokupa: \u00abNos debe 32.000 euros\u00bb<\/a>&nbsp;&nbsp;MARCA<\/li>\n<li><a href=\"https:\/\/news.google.com\/rss\/articles\/CBMiwAFBVV95cUxPRkZnMzVWQll1VXdmMGl3TFJhSGxJa3pFNlNFQXBsMGlUMUhaYVFSWDlaNDBQc2FydzAwSG9zNXotaXdDemY4dFNtS0tuNF9KdEdROU1vLUR6LU9pWFBwSVFPTm42MFFPazhZa1RSVXNzN2thR3BVN3NYUHFvdjJ1cTN2MzBJUHZQanlPN2F1UnBzM2VKMndLVEJvdHJxTWpjMTBpV09ZTVZNVjQzek85RlZRRWJlVHdLY1pvOFBqNU0?oc=5\" target=\"_blank\" rel=\"nofollow noopener\">De famosa de portada y exmujer de un futbolista del Real Madrid a inquiokupa: \u00abNos debe 32.000 euros\u00bb<\/a>&nbsp;&nbsp;ABC<\/li>\n<li><a href=\"https:\/\/news.google.com\/rss\/articles\/CBMitgFBVV95cUxQQ2VGSXpLNmdCWE5qSmdCM0twTzZYQVZ1R3lYN01iTllGSThFSGc4Y1ZfaEpzc3JGNDFvYlVFUjRYQjVhSTZXZXBnZ190M1Z6Y1UtWkFmS3Q3U3h5b3JmdkRDcnhBNjR4ZUJrWnRRZGtjUklzTmRaRi1NZ2tHT3pSdTFnY3VNa1JRT2RKc21MMXR0aHZ5Q3JzVVp5ZEJNa01Ba0FNeU1HR2pfc0c4dVVCNk12WjhxZ9IBwgFBVV95cUxOQzd1cjROZ0FFb05iLVRMVWxYbVhwcDVnVGZVTG1iSE1BLUlmSDRKb1ZBakRoZ0gzbG1EbTBjR0EyQVV5NUoxVTROdlgxcWlpR3p6dVdMSXUwaVptYy1JNW1fbXEtWnJQR0xNWGNSNm5CWGR1cll4UzVCRFJxNkxRVlhMd0doMmwydFpydVROam90QWI3cnhvejJDZ3lMaURSUG1IOWZldjhJdG9Sd3NWQzJORy1JdnlZLWJ0TUJ2UzR5UQ?oc=5\" target=\"_blank\" rel=\"nofollow noopener\">Marisa Mart\u00edn Bl\u00e1zquez, v\u00edctima de la inquiokupaci\u00f3n: \u00abLleva dos a\u00f1os sin cobrar el alquiler\u00bb<\/a>&nbsp;&nbsp;telecinco.es<\/li>\n<li><a href=\"https:\/\/news.google.com\/rss\/articles\/CBMijgJBVV95cUxPX0x6ZW1RQlM1UzlwVU1Vd3pmMGVNdWd3NEdaTVY3cjhqSjF2dmY0REJJaW9kZXUwLUNHWW90Sm5jYVRDc1VZc2YzWWdFX2cxUnc5LU5xaUdGYnVmZVhPUm1qS3otaGd0Yk1zUDZBY0picDNRVG1BdUNTRVE2bjBQcDRneTFGeC1CSmxrY2JKVkV0WllzMUdVNXBUQm1qNTY1aFo0YkcxS1JxTU1VeE1NdzVsOUJFblJDaU9iWVBSYzZZWV9HRTlDY3Q2ZlB4V1BOV0psSGxRVGFyeHVqSkpKdlBKYkNvRG9vQmp1LVBnWV9faTFhSjZqNC1TcmdsbWtTMkxaNkt6ckZ1WnZEeXfSAZMCQVVfeXFMT2dBd2pSdlMwbndwUW9lZ0F3TDhEM2V0enlSUWxCdURXVnVCMnVETTJRcmt5OHAxNmFzcXpHeVZ2Q2lGTkJmbnJRcExmUzR0cTI5MDlDakZiemZtRTcxYVpYVTI4bkhpdmUwNVJYRTFPQVBZZXVlUmszcGJKaU9TOC1KTkVSMGI3WERLQWJvYlZOWF83aTJoQWpSY3RRR0c0Qkw1X1pfYWYwd2lyZVMxWE1aU2Z4NXd0blhrYnJYTzEwY21ZRXpsbmo2dkE3UWtoNVgyX1MzRnpPazc2dWxfSHltTVJDdl9KWGN3OVdhV2czb1dOWjlPNDM2cWdfaEl0clJtLVZhZE5nZ0pYUUk5ZG4tNjg?oc=5\" target=\"_blank\" rel=\"nofollow noopener\">Nuevo caso de inquiokupaci\u00f3n en Torrelodones: tres a\u00f1os sin cobrar y una deuda de 32.000 euros<\/a>&nbsp;&nbsp;Telemadrid<\/li>\n<\/ol>\n","protected":false},"excerpt":{"rendered":"La hija de la ilustre inquiokupa de Torrelodones tambi\u00e9n debe cuatro a\u00f1os de alquiler por un piso en&hellip;\n","protected":false},"author":2,"featured_media":151761,"comment_status":"","ping_status":"","sticky":false,"template":"","format":"standard","meta":{"footnotes":""},"categories":[8],"tags":[17,18,25,24,13,14,45948,11,19,20,205,9,10,15,16,5164,23,12,20965,21,22],"class_list":{"0":"post-151760","1":"post","2":"type-post","3":"status-publish","4":"format-standard","5":"has-post-thumbnail","7":"category-espana","8":"tag-breaking-news","9":"tag-breakingnews","10":"tag-es","11":"tag-espana","12":"tag-featured-news","13":"tag-featurednews","14":"tag-galapagar","15":"tag-headlines","16":"tag-latest-news","17":"tag-latestnews","18":"tag-madrid","19":"tag-news","20":"tag-noticias","21":"tag-noticias-destacadas","22":"tag-noticiasdestacadas","23":"tag-okupas","24":"tag-spain","25":"tag-titulares","26":"tag-torrelodones","27":"tag-ultimas-noticias","28":"tag-ultimasnoticias"},"share_on_mastodon":{"url":"","error":""},"_links":{"self":[{"href":"https:\/\/www.europesays.com\/es\/wp-json\/wp\/v2\/posts\/151760","targetHints":{"allow":["GET"]}}],"collection":[{"href":"https:\/\/www.europesays.com\/es\/wp-json\/wp\/v2\/posts"}],"about":[{"href":"https:\/\/www.europesays.com\/es\/wp-json\/wp\/v2\/types\/post"}],"author":[{"embeddable":true,"href":"https:\/\/www.europesays.com\/es\/wp-json\/wp\/v2\/users\/2"}],"replies":[{"embeddable":true,"href":"https:\/\/www.europesays.com\/es\/wp-json\/wp\/v2\/comments?post=151760"}],"version-history":[{"count":0,"href":"https:\/\/www.europesays.com\/es\/wp-json\/wp\/v2\/posts\/151760\/revisions"}],"wp:featuredmedia":[{"embeddable":true,"href":"https:\/\/www.europesays.com\/es\/wp-json\/wp\/v2\/media\/151761"}],"wp:attachment":[{"href":"https:\/\/www.europesays.com\/es\/wp-json\/wp\/v2\/media?parent=151760"}],"wp:term":[{"taxonomy":"category","embeddable":true,"href":"https:\/\/www.europesays.com\/es\/wp-json\/wp\/v2\/categories?post=151760"},{"taxonomy":"post_tag","embeddable":true,"href":"https:\/\/www.europesays.com\/es\/wp-json\/wp\/v2\/tags?post=151760"}],"curies":[{"name":"wp","href":"https:\/\/api.w.org\/{rel}","templated":true}]}}