{"id":151762,"date":"2025-10-02T00:47:10","date_gmt":"2025-10-02T00:47:10","guid":{"rendered":"https:\/\/www.europesays.com\/es\/151762\/"},"modified":"2025-10-02T00:47:10","modified_gmt":"2025-10-02T00:47:10","slug":"pablo-garcia-marca-en-su-primera-titularidad-en-el-mundial","status":"publish","type":"post","link":"https:\/\/www.europesays.com\/es\/151762\/","title":{"rendered":"Pablo Garc\u00eda marca en su primera titularidad en el Mundial"},"content":{"rendered":"<p>El canterano del Betis parti\u00f3 de inicio ante M\u00e9xico, pero el combinado nacional no pas\u00f3 del empate<\/p>\n<p><img fetchpriority=\"high\" class=\"voc-img\" src=\"https:\/\/www.europesays.com\/es\/wp-content\/uploads\/2025\/10\/pablo-garcia-RSLiS47SDsCLxkAF4tLpfTJ-1200x840@diario_abc.jpg\" loading=\"eager\" decoding=\"async\" alt=\"Pablo Garc\u00eda marca en su primera titularidad en el Mundial\" width=\"1200\" height=\"840\"\/><\/p>\n<p><img decoding=\"async\" class=\"voc-author__img\" src=\"https:\/\/s2.abcstatics.com\/comun\/2015\/img\/autor\/autor-4184-foto-8.jpeg\" alt=\"Candela V\u00e1zquez\"\/><\/p>\n<p>01\/10\/2025<br \/>\n<br \/><strong><br \/>\nActualizado 02\/10\/2025 a las 00:10h.<br \/>\n<\/strong><\/p>\n<p class=\"voc-p\" style=\"\">No pudo ser. La <strong>selecci\u00f3n espa\u00f1ola<\/strong> estaba obligada a reaccionar este mi\u00e9rcoles ante M\u00e9xico para encauzar su pase a los <strong>octavos de final<\/strong> de este <strong>Mundial sub 20<\/strong>, pero los goles de Mora se lo han puesto cuesta arriba.<\/p>\n<p class=\"voc-p\" style=\"\">Los pupilos de Paco Gallardo <a href=\"https:\/\/www.abc.es\/deportes\/alfinaldelapalmera\/noticias-betis\/media-hora-pablo-garcia-derrota-espana-sub-20250929102601-nts.html\" target=\"_self\" data-voc-vtm-id=\"in-text-traffic\" title=\"cayeron por 2-0 ante Marruecos en el debut\" data-mrf-link=\"www.abc.es\" rel=\"nofollow noopener\">cayeron por 2-0 ante Marruecos en el debut<\/a> del torneo y se complicaron el pase a la siguiente fase, por lo que una victoria ante M\u00e9xico se terciaba vital para cumplir con este cometido.  <\/p>\n<p class=\"voc-p\" style=\"\">Para ello, el seleccionador nacional decidi\u00f3 hacer cinco cambios en el once inicial con respecto al debut de Espa\u00f1a. De esta forma, en la alineaci\u00f3n entraron Fortea e Izan en defensa, Thiago en el centro del campo y <strong>Pablo Garc\u00eda<\/strong> y Jan Virgili en las bandas.<\/p>\n<p class=\"voc-p\" style=\"\">Y lo cierto es que el<strong> atacante del Betis<\/strong> cumpli\u00f3 con su parte, marcando el primero de Espa\u00f1a al borde del descanso. Un tanto que sirvi\u00f3 para igualar el marcador, puesto que Mora hab\u00eda marcado s\u00f3lo diez minutos antes. Los de Paco Gallardo consiguieron estar durante unos minutos por delante ya en la segunda mitad tras materializar Iker Bravo un penalti a favor. <\/p>\n<p class=\"voc-p\" style=\"\">No obstante, poco dur\u00f3 la felicidad para los espa\u00f1oles, ya que el segundo tanto de los mexicanos lleg\u00f3 en los \u00faltimos instantes del encuentro y poco m\u00e1s se pudo hacer. De esta forma, los de Gallardo tendr\u00e1n la obligaci\u00f3n de ganar a Brasil y esperar que el resto de resultados les eche una mano. <\/p>\n<p>Reportar un error<\/p>\n","protected":false},"excerpt":{"rendered":"El canterano del Betis parti\u00f3 de inicio ante M\u00e9xico, pero el combinado nacional no pas\u00f3 del empate 01\/10\/2025&hellip;\n","protected":false},"author":2,"featured_media":151763,"comment_status":"","ping_status":"","sticky":false,"template":"","format":"standard","meta":{"footnotes":""},"categories":[5],"tags":[1575,17,18,25,24,13,14,3142,11,19,20,1906,9,10,15,16,618,863,23,14558,12,21,22],"class_list":{"0":"post-151762","1":"post","2":"type-post","3":"status-publish","4":"format-standard","5":"has-post-thumbnail","7":"category-titulares","8":"tag-ante","9":"tag-breaking-news","10":"tag-breakingnews","11":"tag-es","12":"tag-espana","13":"tag-featured-news","14":"tag-featurednews","15":"tag-garcia","16":"tag-headlines","17":"tag-latest-news","18":"tag-latestnews","19":"tag-mexico","20":"tag-news","21":"tag-noticias","22":"tag-noticias-destacadas","23":"tag-noticiasdestacadas","24":"tag-pablo","25":"tag-parte","26":"tag-spain","27":"tag-titular","28":"tag-titulares","29":"tag-ultimas-noticias","30":"tag-ultimasnoticias"},"share_on_mastodon":{"url":"","error":""},"_links":{"self":[{"href":"https:\/\/www.europesays.com\/es\/wp-json\/wp\/v2\/posts\/151762","targetHints":{"allow":["GET"]}}],"collection":[{"href":"https:\/\/www.europesays.com\/es\/wp-json\/wp\/v2\/posts"}],"about":[{"href":"https:\/\/www.europesays.com\/es\/wp-json\/wp\/v2\/types\/post"}],"author":[{"embeddable":true,"href":"https:\/\/www.europesays.com\/es\/wp-json\/wp\/v2\/users\/2"}],"replies":[{"embeddable":true,"href":"https:\/\/www.europesays.com\/es\/wp-json\/wp\/v2\/comments?post=151762"}],"version-history":[{"count":0,"href":"https:\/\/www.europesays.com\/es\/wp-json\/wp\/v2\/posts\/151762\/revisions"}],"wp:featuredmedia":[{"embeddable":true,"href":"https:\/\/www.europesays.com\/es\/wp-json\/wp\/v2\/media\/151763"}],"wp:attachment":[{"href":"https:\/\/www.europesays.com\/es\/wp-json\/wp\/v2\/media?parent=151762"}],"wp:term":[{"taxonomy":"category","embeddable":true,"href":"https:\/\/www.europesays.com\/es\/wp-json\/wp\/v2\/categories?post=151762"},{"taxonomy":"post_tag","embeddable":true,"href":"https:\/\/www.europesays.com\/es\/wp-json\/wp\/v2\/tags?post=151762"}],"curies":[{"name":"wp","href":"https:\/\/api.w.org\/{rel}","templated":true}]}}