{"id":151768,"date":"2025-10-02T00:55:09","date_gmt":"2025-10-02T00:55:09","guid":{"rendered":"https:\/\/www.europesays.com\/es\/151768\/"},"modified":"2025-10-02T00:55:09","modified_gmt":"2025-10-02T00:55:09","slug":"arbitros-de-la-liga-endesa-2025-26","status":"publish","type":"post","link":"https:\/\/www.europesays.com\/es\/151768\/","title":{"rendered":"\u00c1rbitros de la Liga Endesa 2025-26"},"content":{"rendered":"<p>Del dorsal 20 de <strong>\u00d3scar Perea<\/strong> al 84 de <strong>Ariadna Chueca<\/strong>, repasa el listado de 36 colegiados que se encargar\u00e1n de impartir justicia durante la Liga Endesa 2025-26. <\/p>\n<p>La colegiada tinerfe\u00f1a de 34 a\u00f1os es, precisamente, la gran novedad en esta nueva temporada. Presente en el pasado Eurobasket y con una trayectoria internacional de v\u00e9rtigo pese a su corta edad, <strong>Ariadna Chueca<\/strong> debutar\u00e1 en Liga Endesa en esta 2025-26 en sustituci\u00f3n de <strong>Juan Carlos Garc\u00eda Gonz\u00e1lez<\/strong>.<\/p>\n<p>Con 872 encuentros ligueros y 28 temporadas a sus espaldas, <strong>Garc\u00eda Gonz\u00e1lez<\/strong> se despidi\u00f3 el pasado fin de semana del arbitraje acb en la Supercopa Endesa, <a href=\"https:\/\/www.youtube.com\/watch?v=o2BwQtFrqC4\" title=\"donde fue homenajeado por su brillante trayectoria\" rel=\"nofollow noopener\" target=\"_blank\">donde fue homenajeado por su brillante trayectoria<\/a>, al superar la edad m\u00e1xima de 55 a\u00f1os para poder ejercer en la competici\u00f3n. <\/p>\n<p>\u00a1Estos son los 36 \u00e1rbitros de la Liga Endesa 2025-26!<\/p>\n<tr>\n\u00c1rbitro<br \/>\nDorsal<br \/>\nFecha de nacimiento<br \/>\n<\/tr>\n<tr>\n<td>Yasmina Alcaraz Moreno<\/td>\n<td>73<\/td>\n<td>07\/02\/1989<\/td>\n<\/tr>\n<tr>\n<td>Jordi Aliaga Sol\u00e9<\/td>\n<td>61<\/td>\n<td>22\/09\/1990<\/td>\n<\/tr>\n<tr>\n<td>Francisco Ara\u00f1a Santana<\/td>\n<td>22<\/td>\n<td>27\/02\/1972<\/td>\n<\/tr>\n<tr>\n<td>Alberto Baena Arroyo<\/td>\n<td>70<\/td>\n<td>23\/03\/1987<\/td>\n<\/tr>\n<tr>\n<td>Mart\u00edn Caballero Madrid<\/td>\n<td>63<\/td>\n<td>16\/01\/1984<\/td>\n<\/tr>\n<tr>\n<td>Fernando Calatrava Cuevas<\/td>\n<td>54<\/td>\n<td>17\/06\/1978<\/td>\n<\/tr>\n<tr>\n<td>Luis Miguel Castillo Larroca<\/td>\n<td>50<\/td>\n<td>31\/10\/1980<\/td>\n<\/tr>\n<tr>\n<td>Ariadna Chueca Moreno<\/td>\n<td>84<\/td>\n<td>08\/04\/1991<\/td>\n<\/tr>\n<tr>\n<td>Antonio R. Conde Ruiz<\/td>\n<td>27<\/td>\n<td>12\/05\/1973<\/td>\n<\/tr>\n<tr>\n<td>Carlos Cort\u00e9s Rey<\/td>\n<td>44<\/td>\n<td>28\/08\/1974<\/td>\n<\/tr>\n<tr>\n<td>Igor Esteve Malmierca<\/td>\n<td>83<\/td>\n<td>03\/04\/1988<\/td>\n<\/tr>\n<tr>\n<td>Andr\u00e9s Fern\u00e1ndez Carretero<\/td>\n<td>80<\/td>\n<td>01\/12\/1994<\/td>\n<\/tr>\n<tr>\n<td>Fabio Fern\u00e1ndez Esteban<\/td>\n<td>79<\/td>\n<td>13\/10\/1995<\/td>\n<\/tr>\n<tr>\n<td>Joaqu\u00edn Garc\u00eda Gonz\u00e1lez<\/td>\n<td>74<\/td>\n<td>06\/07\/1995<\/td>\n<\/tr>\n<tr>\n<td>Iy\u00e1n Gonz\u00e1lez G\u00e1lvez<\/td>\n<td>71<\/td>\n<td>09\/06\/1995<\/td>\n<\/tr>\n<tr>\n<td>Benjam\u00edn Jim\u00e9nez Trujillo<\/td>\n<td>43<\/td>\n<td>23\/10\/1976<\/td>\n<\/tr>\n<tr>\n<td>Roberto Lucas Mart\u00ednez<\/td>\n<td>75<\/td>\n<td>25\/04\/1990<\/td>\n<\/tr>\n<tr>\n<td>Sergio Manuel Rodr\u00edguez<\/td>\n<td>57<\/td>\n<td>26\/06\/1987<\/td>\n<\/tr>\n<tr>\n<td>Jorge Mart\u00ednez Fern\u00e1ndez<\/td>\n<td>55<\/td>\n<td>09\/11\/1980<\/td>\n<\/tr>\n<tr>\n<td>Vicente Mart\u00ednez Silla<\/td>\n<td>76<\/td>\n<td>18\/02\/1993<\/td>\n<\/tr>\n<tr>\n<td>Esperanza M\u00aa Mendoza Holgado<\/td>\n<td>65<\/td>\n<td>25\/12\/1983<\/td>\n<\/tr>\n<tr>\n<td>Carlos Merino Campos<\/td>\n<td>72<\/td>\n<td>29\/08\/1991<\/td>\n<\/tr>\n<tr>\n<td>Alfonso Olivares Iglesias<\/td>\n<td>66<\/td>\n<td>09\/08\/1992<\/td>\n<\/tr>\n<tr>\n<td>Juan de Dios Oy\u00f3n Cauqui<\/td>\n<td>59<\/td>\n<td>01\/01\/1980<\/td>\n<\/tr>\n<tr>\n<td>Arnau Padr\u00f3s Feliu<\/td>\n<td>67<\/td>\n<td>22\/05\/1987<\/td>\n<\/tr>\n<tr>\n<td>Oscar Perea Lorente<\/td>\n<td>20<\/td>\n<td>01\/08\/1972<\/td>\n<\/tr>\n<tr>\n<td>Emilio P\u00e9rez Pizarro<\/td>\n<td>35<\/td>\n<td>01\/10\/1975<\/td>\n<\/tr>\n<tr>\n<td>Carlos F. Peruga Embid<\/td>\n<td>31<\/td>\n<td>15\/08\/1976<\/td>\n<\/tr>\n<tr>\n<td>Guillermo R\u00edos Marcos<\/td>\n<td>82<\/td>\n<td>28\/04\/1993<\/td>\n<\/tr>\n<tr>\n<td>David S\u00e1nchez Benito<\/td>\n<td>77<\/td>\n<td>14\/06\/1988<\/td>\n<\/tr>\n<tr>\n<td>Crist\u00f3bal S\u00e1nchez Cutillas<\/td>\n<td>78<\/td>\n<td>21\/06\/1996<\/td>\n<\/tr>\n<tr>\n<td>Rub\u00e9n S\u00e1nchez Mohedas<\/td>\n<td>53<\/td>\n<td>09\/05\/1975<\/td>\n<\/tr>\n<tr>\n<td>Alberto S\u00e1nchez Sixto<\/td>\n<td>68<\/td>\n<td>01\/02\/1989<\/td>\n<\/tr>\n<tr>\n<td>Rafael Serrano Vel\u00e1zquez<\/td>\n<td>60<\/td>\n<td>21\/11\/1983<\/td>\n<\/tr>\n<tr>\n<td>Javier Torres S\u00e1nchez<\/td>\n<td>69<\/td>\n<td>11\/07\/1987<\/td>\n<\/tr>\n<tr>\n<td>Ra\u00fal Zamorano S\u00e1nchez<\/td>\n<td>64<\/td>\n<td>02\/05\/1986<\/td>\n<\/tr>\n","protected":false},"excerpt":{"rendered":"Del dorsal 20 de \u00d3scar Perea al 84 de Ariadna Chueca, repasa el listado de 36 colegiados que&hellip;\n","protected":false},"author":2,"featured_media":151769,"comment_status":"","ping_status":"","sticky":false,"template":"","format":"standard","meta":{"footnotes":""},"categories":[269],"tags":[299,298,168,25,24,23,167],"class_list":{"0":"post-151768","1":"post","2":"type-post","3":"status-publish","4":"format-standard","5":"has-post-thumbnail","7":"category-baloncesto","8":"tag-baloncesto","9":"tag-basketball","10":"tag-deportes","11":"tag-es","12":"tag-espana","13":"tag-spain","14":"tag-sports"},"share_on_mastodon":{"url":"","error":""},"_links":{"self":[{"href":"https:\/\/www.europesays.com\/es\/wp-json\/wp\/v2\/posts\/151768","targetHints":{"allow":["GET"]}}],"collection":[{"href":"https:\/\/www.europesays.com\/es\/wp-json\/wp\/v2\/posts"}],"about":[{"href":"https:\/\/www.europesays.com\/es\/wp-json\/wp\/v2\/types\/post"}],"author":[{"embeddable":true,"href":"https:\/\/www.europesays.com\/es\/wp-json\/wp\/v2\/users\/2"}],"replies":[{"embeddable":true,"href":"https:\/\/www.europesays.com\/es\/wp-json\/wp\/v2\/comments?post=151768"}],"version-history":[{"count":0,"href":"https:\/\/www.europesays.com\/es\/wp-json\/wp\/v2\/posts\/151768\/revisions"}],"wp:featuredmedia":[{"embeddable":true,"href":"https:\/\/www.europesays.com\/es\/wp-json\/wp\/v2\/media\/151769"}],"wp:attachment":[{"href":"https:\/\/www.europesays.com\/es\/wp-json\/wp\/v2\/media?parent=151768"}],"wp:term":[{"taxonomy":"category","embeddable":true,"href":"https:\/\/www.europesays.com\/es\/wp-json\/wp\/v2\/categories?post=151768"},{"taxonomy":"post_tag","embeddable":true,"href":"https:\/\/www.europesays.com\/es\/wp-json\/wp\/v2\/tags?post=151768"}],"curies":[{"name":"wp","href":"https:\/\/api.w.org\/{rel}","templated":true}]}}