{"id":151770,"date":"2025-10-02T00:56:12","date_gmt":"2025-10-02T00:56:12","guid":{"rendered":"https:\/\/www.europesays.com\/es\/151770\/"},"modified":"2025-10-02T00:56:12","modified_gmt":"2025-10-02T00:56:12","slug":"villarreal-2-2-juventus-resumen-resultado-y-goles-del-partido-de-la-fase-liga-de-la-champions-league-futbol","status":"publish","type":"post","link":"https:\/\/www.europesays.com\/es\/151770\/","title":{"rendered":"Villarreal 2-2 Juventus: resumen, resultado y goles del partido de la fase liga de la Champions League | F\u00fatbol"},"content":{"rendered":"<p>El Villarreal se conforma con el empate ante la Juventus en su segundo compromiso de Champions de la temporada, y suma as\u00ed su primer punto en la competici\u00f3n continental. Los de Marcelino arrancaron el partido con buen pie y acosaron al equipo italiano durante toda la primera mitad, pero los turineses respondieron con dos tantos en menos de diez minutos. S\u00f3lo el gol de Renato Veiga en el 90&#8242; evit\u00f3 la debacle en La Cer\u00e1mica. <\/p>\n<p>La primera mitad fue de claro dominio local. La Juventus se encerr\u00f3 en su propia \u00e1rea y las intervenciones de Perin fueron clave para sujetar el empuje del equipo &#8216;groguet&#8217;. Mikautadze abri\u00f3 el marcador en el 18&#8242;, culminando una contra a toda velocidad con un buen remate cruzado. Los de Marcelino mantuvieron el acoso y derribo, con excepci\u00f3n de un par de ocasiones aisladas del conjunto italiano, pero no pudieron sacar m\u00e1s r\u00e9dito.<\/p>\n<p>En el segundo tiempo, el equipo de Igor Tudor respondi\u00f3. Y lo hizo con contundencia. Gatti se invent\u00f3 el empate con una espectacular chilena tras un saque de banda, superando a un Arnau Tenas que pudo hacer algo m\u00e1s. Apenas ocho minutos despu\u00e9s, tras una contra fulgurante, Conceicao se colaba entre la defensa amarilla y culminaba la remontada con un gran remate. <\/p>\n<p>El empate local lleg\u00f3 en los \u00faltimos instantes del partido, gracias a un tanto de Reinato Veiga que permite a los de Marcelino sacar su primer punto en la vigente edici\u00f3n de la Champions.<\/p>\n<p>Los goles del partido<\/p>\n<ul>\n<li><b>Gol de Mikautadze (1-0, min.20):<\/b> El delantero georgiano adelant\u00f3 al Villarreal en el marcador despu\u00e9s de una gran jugada de Pepe.<\/li>\n<\/ul>\n<p><img decoding=\"async\" src=\"https:\/\/www.europesays.com\/es\/wp-content\/uploads\/2025\/10\/https:\/\/sdmedia.playser.cadenaser.com\/playser\/image\/202510\/01\/1759346335826_1759346584_asset_still.p.jpeg\" alt=\"Champions League | Villarreal 1-0 Juventus | Gol de Mikautadze\" width=\"655\"   loading=\"lazy\"\/><\/p>\n<p class=\"tit\">Champions League | Villarreal 1-0 Juventus | Gol de Mikautadze<\/p>\n<p>00:00:0000:53<\/p>\n<p>El c\u00f3digo iframe se ha copiado en el portapapeles<\/p>\n<p>FacebookTwitterLinkedinWhatsAppCerrar<\/p>\n<ul>\n<li><b>Gol de Gatti (1-1, min. 49): <\/b>El defensor empat\u00f3 el partido en La Cer\u00e1mica.<\/li>\n<\/ul>\n<p><img decoding=\"async\" src=\"https:\/\/www.europesays.com\/es\/wp-content\/uploads\/2025\/10\/https:\/\/sdmedia.playser.cadenaser.com\/playser\/image\/202510\/01\/1759349585943_1759349685_asset_still.p.jpeg\" alt=\"Champions League I Villarreall 1-1 Juventus I Gol de Federico Gatti\" width=\"655\"   loading=\"lazy\"\/><\/p>\n<p class=\"tit\">Champions League I Villarreall 1-1 Juventus I Gol de Federico Gatti<\/p>\n<p>00:00:0000:23<\/p>\n<p>El c\u00f3digo iframe se ha copiado en el portapapeles<\/p>\n<p>FacebookTwitterLinkedinWhatsAppCerrar<\/p>\n<ul>\n<li><b>Gol de Con\u00e7ei\u00e7ao (1-2, min. 56):<\/b> El jugador portugu\u00e9s ha confirmado la remontada juventina.<\/li>\n<\/ul>\n<p><img decoding=\"async\" src=\"https:\/\/www.europesays.com\/es\/wp-content\/uploads\/2025\/10\/https:\/\/sdmedia.playser.cadenaser.com\/playser\/image\/202510\/01\/1759349762165_1759350019_asset_still.p.jpeg\" alt=\"Champions League I Villarreall 1-2 Juventus I Gol de Con\u00e7ei\u00e7ao\" width=\"655\"   loading=\"lazy\"\/><\/p>\n<p class=\"tit\">Champions League I Villarreall 1-2 Juventus I Gol de Con\u00e7ei\u00e7ao<\/p>\n<p>00:00:0000:32<\/p>\n<p>El c\u00f3digo iframe se ha copiado en el portapapeles<\/p>\n<p>FacebookTwitterLinkedinWhatsAppCerrar<\/p>\n<ul>\n<li><b>Gol de Renato Veiga (2-2, min. 90): <\/b>El delantero del Villarreal logra el empate con un tanto en el \u00faltimo minuto.<\/li>\n<\/ul>\n<p><img decoding=\"async\" src=\"https:\/\/www.europesays.com\/es\/wp-content\/uploads\/2025\/10\/https:\/\/sdmedia.playser.cadenaser.com\/playser\/image\/202510\/01\/1759352143696_1759352193_asset_still.p.jpeg\" alt=\"Champions League I Villarreal 2-2 Juventus I Gol de Renato Veiga\" width=\"655\"   loading=\"lazy\"\/><\/p>\n<p class=\"tit\">Champions League I Villarreal 2-2 Juventus I Gol de Renato Veiga<\/p>\n<p>00:00:0000:45<\/p>\n<p>El c\u00f3digo iframe se ha copiado en el portapapeles<\/p>\n<p>FacebookTwitterLinkedinWhatsAppCerrar<\/p>\n","protected":false},"excerpt":{"rendered":"El Villarreal se conforma con el empate ante la Juventus en su segundo compromiso de Champions de la&hellip;\n","protected":false},"author":2,"featured_media":151771,"comment_status":"","ping_status":"","sticky":false,"template":"","format":"standard","meta":{"footnotes":""},"categories":[268],"tags":[1765,168,25,24,280,282,281,23,167,1766],"class_list":{"0":"post-151770","1":"post","2":"type-post","3":"status-publish","4":"format-standard","5":"has-post-thumbnail","7":"category-futbol","8":"tag-bestof","9":"tag-deportes","10":"tag-es","11":"tag-espana","12":"tag-football","13":"tag-futbol","14":"tag-soccer","15":"tag-spain","16":"tag-sports","17":"tag-topix"},"share_on_mastodon":{"url":"","error":""},"_links":{"self":[{"href":"https:\/\/www.europesays.com\/es\/wp-json\/wp\/v2\/posts\/151770","targetHints":{"allow":["GET"]}}],"collection":[{"href":"https:\/\/www.europesays.com\/es\/wp-json\/wp\/v2\/posts"}],"about":[{"href":"https:\/\/www.europesays.com\/es\/wp-json\/wp\/v2\/types\/post"}],"author":[{"embeddable":true,"href":"https:\/\/www.europesays.com\/es\/wp-json\/wp\/v2\/users\/2"}],"replies":[{"embeddable":true,"href":"https:\/\/www.europesays.com\/es\/wp-json\/wp\/v2\/comments?post=151770"}],"version-history":[{"count":0,"href":"https:\/\/www.europesays.com\/es\/wp-json\/wp\/v2\/posts\/151770\/revisions"}],"wp:featuredmedia":[{"embeddable":true,"href":"https:\/\/www.europesays.com\/es\/wp-json\/wp\/v2\/media\/151771"}],"wp:attachment":[{"href":"https:\/\/www.europesays.com\/es\/wp-json\/wp\/v2\/media?parent=151770"}],"wp:term":[{"taxonomy":"category","embeddable":true,"href":"https:\/\/www.europesays.com\/es\/wp-json\/wp\/v2\/categories?post=151770"},{"taxonomy":"post_tag","embeddable":true,"href":"https:\/\/www.europesays.com\/es\/wp-json\/wp\/v2\/tags?post=151770"}],"curies":[{"name":"wp","href":"https:\/\/api.w.org\/{rel}","templated":true}]}}