{"id":151780,"date":"2025-10-02T01:03:25","date_gmt":"2025-10-02T01:03:25","guid":{"rendered":"https:\/\/www.europesays.com\/es\/151780\/"},"modified":"2025-10-02T01:03:25","modified_gmt":"2025-10-02T01:03:25","slug":"ceferin-y-laporta-juntos-en-el-palco-viendo-el-barca-psg-con-figo-por-detras","status":"publish","type":"post","link":"https:\/\/www.europesays.com\/es\/151780\/","title":{"rendered":"Ceferin y Laporta, juntos en el palco viendo el Bar\u00e7a-PSG con Figo por detr\u00e1s"},"content":{"rendered":"<p data-gtm-element-container=\"modulo-texto-link\" class=\"paragraph\"><strong>Aleksander Ceferin<\/strong>, presidente de la UEFA, es uno de los grandes protagonistas del palco de honor del <strong>Estadi\u00a0 Ol\u00edmpic<\/strong> para ver el <strong>Bar\u00e7a-PSG<\/strong>. El esloveno est\u00e1 sentado a la derecha de <strong>Joan Laporta<\/strong>, con quien se le ha visto en muy buena sinton\u00eda. En primera fila est\u00e1 adem\u00e1s\u00a0<strong>Nasser Al-Khela\u00effi, <\/strong>m\u00e1ximo mandatario del club franc\u00e9s.\u00a0<\/p>\n<p data-gtm-element-container=\"modulo-texto-link\" class=\"paragraph\">El griego <strong>Theodore Theodoridis<\/strong>, secretario general, es otro peso pesado de la <strong>UEFA <\/strong>presente en <strong>Montju\u00efc <\/strong>aunque el morbo est\u00e1 personificado en <strong>Luis Figo<\/strong>, asesor de f\u00fatbol del organismo europeo. El portugu\u00e9s nunca hab\u00eda acudido al palco del <strong>Bar\u00e7a <\/strong>desde que dej\u00f3 el club azulgrana por el <strong>Real Madrid <\/strong>en julio de 2000, hace ya m\u00e1s de 25 a\u00f1os.\u00a0<\/p>\n<p>                <img loading=\"lazy\" decoding=\"async\" data-full-src=\"https:\/\/www.mundodeportivo.com\/uploads\/2025\/10\/01\/68dd7fdbc3f60.jpeg\" alt=\"Horizontal\" width=\"449\" height=\"304\" src=\"https:\/\/www.europesays.com\/es\/wp-content\/uploads\/2025\/10\/68dd7fdbc3f60.jpeg\" class=\"lazy\"\/><\/p>\n<p class=\"caption-title \">Joan Laporta, Aleksander Ceferin y Nasser Al-Khela\u00effi, en el palco del Estadi Ol\u00edmpic viendo el Bar\u00e7a-PSG<\/p>\n<p>                    David Ramos \/ Getty<\/p>\n<p>                <img loading=\"lazy\" decoding=\"async\" data-full-src=\"https:\/\/www.mundodeportivo.com\/uploads\/2025\/10\/01\/68dd86b01ea49.jpeg\" alt=\"Horizontal\" width=\"449\" height=\"299\" src=\"https:\/\/www.europesays.com\/es\/wp-content\/uploads\/2025\/10\/68dd86b01ea49.jpeg\" class=\"lazy\"\/><\/p>\n<p class=\"caption-title \">Luis Figo y Aitana Bonmat\u00ed, en el palco del Estadi Ol\u00edmpic viendo el Bar\u00e7a-PSG<\/p>\n<p>                    Siu Wu \/ EFE<\/p>\n<p data-gtm-element-container=\"modulo-texto-link\" class=\"paragraph\">Muy cerca de <strong>Figo<\/strong>, en la fila de atr\u00e1s, est\u00e1 <strong>Aitana Bonmat\u00ed<\/strong>, flamante Bal\u00f3n de Oro por tercer a\u00f1o seguido, as\u00ed como <strong>Hristo Stoichkov<\/strong>, que se las tuvo en el pasado con el luso p\u00fablicamente, y <strong>Joan Gaspart<\/strong>. El expresidente del <strong>Bar\u00e7a<\/strong>, que gan\u00f3 las elecciones en 2000 el d\u00eda antes de la presentaci\u00f3n de <strong>Figo <\/strong>en <strong>Madrid<\/strong> como fichaje de <strong>Florentino<\/strong> <strong>P\u00e9rez<\/strong>,<a href=\"https:\/\/www.mundodeportivo.com\/futbol\/fc-barcelona\/20251001\/1002542735\/gaspart-contundente-saludare-figo-palco.html\" rel=\"nofollow noopener\" target=\"_blank\"> ya ha advertido esta ma\u00f1ana en la Cadena SER<\/a> que no saludar\u00eda al que fuera extremo azulgrana entre 1995 y 2000.<\/p>\n<p>    Lee tambi\u00e9n<\/p>\n<p data-gtm-element-container=\"modulo-texto-link\" class=\"paragraph\">En la lista de personalidades destacan tambi\u00e9n <strong>Deco, Bojan Krkic, Julinao Belletti, Juan Manuel Asensi, Claudio Bravo, Jes\u00fas Mariano Angoy, Marc Crosas, Michael Carrick,<\/strong> observador t\u00e9cnico de la UEFA; <strong>Robert<\/strong> <strong>Mart\u00ednez<\/strong>, seleccionador portugu\u00e9s; <strong>David Escud\u00e9<\/strong>, concejal de Deportes del Ayuntamiento de Barcelona; <strong>Elisabeth Baume-Schneider, <\/strong>ministra del Gobierno de Suiza<strong>; el <\/strong>productor musical <strong>Bizarrap<\/strong> y el influencer <strong>Alessandro Riggio<\/strong>.<\/p>\n","protected":false},"excerpt":{"rendered":"Aleksander Ceferin, presidente de la UEFA, es uno de los grandes protagonistas del palco de honor del Estadi\u00a0&hellip;\n","protected":false},"author":2,"featured_media":151781,"comment_status":"","ping_status":"","sticky":false,"template":"","format":"standard","meta":{"footnotes":""},"categories":[93],"tags":[168,25,24,23,167],"class_list":{"0":"post-151780","1":"post","2":"type-post","3":"status-publish","4":"format-standard","5":"has-post-thumbnail","7":"category-deportes","8":"tag-deportes","9":"tag-es","10":"tag-espana","11":"tag-spain","12":"tag-sports"},"share_on_mastodon":{"url":"","error":""},"_links":{"self":[{"href":"https:\/\/www.europesays.com\/es\/wp-json\/wp\/v2\/posts\/151780","targetHints":{"allow":["GET"]}}],"collection":[{"href":"https:\/\/www.europesays.com\/es\/wp-json\/wp\/v2\/posts"}],"about":[{"href":"https:\/\/www.europesays.com\/es\/wp-json\/wp\/v2\/types\/post"}],"author":[{"embeddable":true,"href":"https:\/\/www.europesays.com\/es\/wp-json\/wp\/v2\/users\/2"}],"replies":[{"embeddable":true,"href":"https:\/\/www.europesays.com\/es\/wp-json\/wp\/v2\/comments?post=151780"}],"version-history":[{"count":0,"href":"https:\/\/www.europesays.com\/es\/wp-json\/wp\/v2\/posts\/151780\/revisions"}],"wp:featuredmedia":[{"embeddable":true,"href":"https:\/\/www.europesays.com\/es\/wp-json\/wp\/v2\/media\/151781"}],"wp:attachment":[{"href":"https:\/\/www.europesays.com\/es\/wp-json\/wp\/v2\/media?parent=151780"}],"wp:term":[{"taxonomy":"category","embeddable":true,"href":"https:\/\/www.europesays.com\/es\/wp-json\/wp\/v2\/categories?post=151780"},{"taxonomy":"post_tag","embeddable":true,"href":"https:\/\/www.europesays.com\/es\/wp-json\/wp\/v2\/tags?post=151780"}],"curies":[{"name":"wp","href":"https:\/\/api.w.org\/{rel}","templated":true}]}}