{"id":151782,"date":"2025-10-02T01:05:16","date_gmt":"2025-10-02T01:05:16","guid":{"rendered":"https:\/\/www.europesays.com\/es\/151782\/"},"modified":"2025-10-02T01:05:16","modified_gmt":"2025-10-02T01:05:16","slug":"j-k-rowling-responde-con-dureza-a-la-ignorante-emma-watson-era-pobre-cuando-escribia-el-libro-que-la-hizo-famosa","status":"publish","type":"post","link":"https:\/\/www.europesays.com\/es\/151782\/","title":{"rendered":"J.K. Rowling responde con dureza a la \u201cignorante\u201d Emma Watson: \u201cEra pobre cuando escrib\u00eda el libro que la hizo famosa\u201d"},"content":{"rendered":"<p class=\"\">Nuevo encontronazo entre <b>J.K. Rowling<\/b> y alguien del universo cinematogr\u00e1fico de <a href=\"https:\/\/as.com\/meristation\/series\/esta-es-la-escena-en-la-serie-de-harry-potter-de-hbo-que-no-aparecio-en-la-pelicula-y-que-es-clave-en-el-libro-n\/\" target=\"_blank\" rel=\"noreferrer nofollow noopener\" title=\"https:\/\/as.com\/meristation\/series\/esta-es-la-escena-en-la-serie-de-harry-potter-de-hbo-que-no-aparecio-en-la-pelicula-y-que-es-clave-en-el-libro-n\/\">Harry Potter<\/a>, esta vez, con la actriz <b>Emma Watson<\/b> como <a href=\"https:\/\/variety.com\/2025\/film\/news\/jk-rowling-slams-emma-watson-ignorant-rift-letter-1236533904\/\" target=\"_blank\" rel=\"noreferrer nofollow noopener\" title=\"https:\/\/variety.com\/2025\/film\/news\/jk-rowling-slams-emma-watson-ignorant-rift-letter-1236533904\/\">objetivo de sus cr\u00edticas<\/a>. Y es que la famosa y pol\u00e9mica escritora, creadora del m\u00e1gico fen\u00f3meno mundial que pronto recibir\u00e1 su propia adaptaci\u00f3n televisiva tras la famosa saga de pel\u00edculas, fue una de las principales impulsoras de la <b>ley conocida como \u2018antitrans\u2019 en Reino Unido<\/b>, la cual determina que solo son mujeres aquellas personas que hayan nacido con genitales femeninos. Esta postura desat\u00f3 una gran pol\u00e9mica a la que se sumaron miembros del reparto de tan populares pel\u00edculas, como es el caso de la actriz <a href=\"https:\/\/as.com\/meristation\/series\/esta-escena-de-draco-malfoy-del-libro-no-aparece-en-la-pelicula-de-harry-potter-y-estaria-bien-verla-en-la-serie-n\/\" target=\"_blank\" rel=\"noreferrer nofollow noopener\" title=\"https:\/\/as.com\/meristation\/series\/esta-escena-de-draco-malfoy-del-libro-no-aparece-en-la-pelicula-de-harry-potter-y-estaria-bien-verla-en-la-serie-n\/\">Emma Watson<\/a>, <b>Hermione Granger<\/b> en la ficci\u00f3n, una de las tres protagonistas principales junto a <b>Harry<\/b> y <b>Ron<\/b>.<\/p>\n<p><b>Nuevo encontronazo entre J.K. Rowling y Emma Watson<\/b><\/p>\n<p class=\"\">Y es que si bien durante los a\u00f1os de continuos rodajes ambas mantuvieron una relaci\u00f3n cordial, no fue hasta las controvertidas opiniones de la escritora cuando <b>Emma Watson y otros miembros del reparto se manifestaron a favor de las personas transg\u00e9nero<\/b> y en contra de las ideas de J.K. Rowling. Sin embargo, recientemente, Watson <a href=\"https:\/\/as.com\/us\/tikitakas\/emma-watson-rompe-el-silencio-sobre-su-relacion-con-jk-rowling-n\/\" target=\"_blank\" rel=\"noreferrer nofollow noopener\" title=\"https:\/\/as.com\/us\/tikitakas\/emma-watson-rompe-el-silencio-sobre-su-relacion-con-jk-rowling-n\/\">tendi\u00f3 la mano<\/a> a aquellos que no piensan como ella: \u201cCreo que mi mayor deseo es que quienes no comparten mi opini\u00f3n me quieran, y espero <b>poder seguir queriendo a quienes no necesariamente comparten mi opini\u00f3n<\/b>\u201d.<\/p>\n<p><img decoding=\"async\" src=\"https:\/\/www.europesays.com\/es\/wp-content\/uploads\/2025\/10\/FQFV43KK2BGTFNWOGR7WP242QA.jpg\" alt=\"JK Rowling Emma Watson\" class=\"mm__img\"   width=\"1200\" height=\"675\" loading=\"lazy\"\/><\/p>\n<p>Ampliar<\/p>\n<p class=\"\">Ahora, la escritora ha respondido de la <b>forma m\u00e1s beligerante posible<\/b>, mostr\u00e1ndose implacable contra aquellos que la traicionaron en los momentos m\u00e1s dif\u00edciles. Y es que seg\u00fan Rowling, Watson le pas\u00f3 una nota escrita a mano en la que se pod\u00eda leer: \u201c<b>Siento mucho lo que est\u00e1s pasando<\/b>\u201d. Algo que no se ajustaba a las declaraciones en p\u00fablico de Watson y otros miembros del reparto:<\/p>\n<p class=\"\">\u201c<b>Esto ocurri\u00f3 cuando las amenazas de muerte, violaci\u00f3n y tortura contra m\u00ed estaban en su apogeo<\/b>\u201d, asegura J.K. Rowling. \u201c<b>Emma acababa de echar m\u00e1s le\u00f1a al fuego p\u00fablicamente<\/b>, pero pens\u00f3 que una expresi\u00f3n de preocupaci\u00f3n de una sola l\u00ednea me confirmar\u00eda su profunda compasi\u00f3n y amabilidad. Como otras personas que nunca han experimentado una vida adulta sin el respaldo de la riqueza y la fama, <b>Emma tiene tan poca experiencia de la vida real que ignora lo ignorante que es<\/b>\u201d, contin\u00faa la escritora.<\/p>\n<p><img decoding=\"async\" src=\"https:\/\/www.europesays.com\/es\/wp-content\/uploads\/2025\/10\/VRJAD7R7ABHDTEUCGROUGUPN64.jpg\" alt=\"JK Rowling Emma Watson\" class=\"mm__img\"   width=\"1200\" height=\"675\" loading=\"lazy\"\/><\/p>\n<p>Ampliar<\/p>\n<p class=\"\">\u201cYo no era multimillonaria a los catorce a\u00f1os. <b>Viv\u00eda en la pobreza mientras escrib\u00eda el libro que hizo famosa a Emma<\/b>\u201d, aclara la escritora. \u201cPor lo tanto, comprendo por experiencia propia lo que significa para las <b>mujeres y ni\u00f1as que no tienen sus privilegios la destrucci\u00f3n de los derechos de las mujeres<\/b>, en la que Emma ha participado con tanto entusiasmo. La mayor iron\u00eda es que, si Emma no hubiera decidido en su \u00faltima entrevista declarar que me ama y me aprecia&#8230; Un cambio de estrategia que sospecho ha adoptado porque se ha <b>dado cuenta de que condenarme a viva voz ya no est\u00e1 tan de moda como antes<\/b>\u201d, concluye J.K. Rowling. Desde luego, la pol\u00e9mica est\u00e1 servida, una vez m\u00e1s.<\/p>\n<p class=\"\">La saga cinematogr\u00e1fica \u2018<b>Harry Potter<\/b>\u2019 puede verse en <b>Espa\u00f1a<\/b> a trav\u00e9s de <a href=\"https:\/\/www.hbomax.com\/es\/es\/channel\/harry-potter\" target=\"_blank\" rel=\"noreferrer nofollow noopener\" title=\"https:\/\/www.hbomax.com\/es\/es\/channel\/harry-potter\">HBO Max<\/a>, plataforma que recibir\u00e1 en el futuro la nueva serie basada en el universo creado por J.K. Rowling.<\/p>\n<p>Noticias relacionadas<\/p>\n<p class=\"\">Suscr\u00edbete al <a href=\"https:\/\/www.youtube.com\/@meristation\" target=\"_self\" rel=\"nofollow noopener\" title=\"https:\/\/www.youtube.com\/@meristation\">canal de MeriStation en YouTube<\/a>, tu web de videojuegos y entretenimiento para conocer todas las noticias y novedades sobre el mundo del videojuego, cine, series, manga y anime. An\u00e1lisis, entrevistas, tr\u00e1ileres, gameplays, p\u00f3dcast y mucho m\u00e1s. Tambi\u00e9n te animamos a seguir <a href=\"https:\/\/www.tiktok.com\/@meristation\" rel=\"nofollow noopener\" title=\"https:\/\/www.tiktok.com\/@meristation\" target=\"_blank\">nuestra cuenta de TikTok<\/a>. <\/p>\n<p class=\"\">\u00a1S\u00edguenos en ambas y, si est\u00e1s interesado en licenciar este contenido, pincha <a href=\"https:\/\/profesional.elpais.com\/soluciones-sindicacion?utm_medium=interno&amp;utm_source=crosslinking&amp;utm_campaign=sindicacion_as_pie_articulos\" target=\"_blank\" rel=\"nofollow noopener\" title=\"https:\/\/profesional.elpais.com\/soluciones-sindicacion?utm_medium=interno&amp;utm_source=crosslinking&amp;utm_campaign=sindicacion_as_pie_articulos\">aqu\u00ed<\/a>!<\/p>\n<p><script async src=\"\/\/www.tiktok.com\/embed.js\"><\/script><\/p>\n","protected":false},"excerpt":{"rendered":"Nuevo encontronazo entre J.K. Rowling y alguien del universo cinematogr\u00e1fico de Harry Potter, esta vez, con la actriz&hellip;\n","protected":false},"author":2,"featured_media":151783,"comment_status":"","ping_status":"","sticky":false,"template":"","format":"standard","meta":{"footnotes":""},"categories":[91],"tags":[146,147,25,24,23],"class_list":{"0":"post-151782","1":"post","2":"type-post","3":"status-publish","4":"format-standard","5":"has-post-thumbnail","7":"category-entretenimiento","8":"tag-entertainment","9":"tag-entretenimiento","10":"tag-es","11":"tag-espana","12":"tag-spain"},"share_on_mastodon":{"url":"","error":""},"_links":{"self":[{"href":"https:\/\/www.europesays.com\/es\/wp-json\/wp\/v2\/posts\/151782","targetHints":{"allow":["GET"]}}],"collection":[{"href":"https:\/\/www.europesays.com\/es\/wp-json\/wp\/v2\/posts"}],"about":[{"href":"https:\/\/www.europesays.com\/es\/wp-json\/wp\/v2\/types\/post"}],"author":[{"embeddable":true,"href":"https:\/\/www.europesays.com\/es\/wp-json\/wp\/v2\/users\/2"}],"replies":[{"embeddable":true,"href":"https:\/\/www.europesays.com\/es\/wp-json\/wp\/v2\/comments?post=151782"}],"version-history":[{"count":0,"href":"https:\/\/www.europesays.com\/es\/wp-json\/wp\/v2\/posts\/151782\/revisions"}],"wp:featuredmedia":[{"embeddable":true,"href":"https:\/\/www.europesays.com\/es\/wp-json\/wp\/v2\/media\/151783"}],"wp:attachment":[{"href":"https:\/\/www.europesays.com\/es\/wp-json\/wp\/v2\/media?parent=151782"}],"wp:term":[{"taxonomy":"category","embeddable":true,"href":"https:\/\/www.europesays.com\/es\/wp-json\/wp\/v2\/categories?post=151782"},{"taxonomy":"post_tag","embeddable":true,"href":"https:\/\/www.europesays.com\/es\/wp-json\/wp\/v2\/tags?post=151782"}],"curies":[{"name":"wp","href":"https:\/\/api.w.org\/{rel}","templated":true}]}}