{"id":151788,"date":"2025-10-02T01:10:11","date_gmt":"2025-10-02T01:10:11","guid":{"rendered":"https:\/\/www.europesays.com\/es\/151788\/"},"modified":"2025-10-02T01:10:11","modified_gmt":"2025-10-02T01:10:11","slug":"portal-de-noticias-del-gobierno-de-canarias-155","status":"publish","type":"post","link":"https:\/\/www.europesays.com\/es\/151788\/","title":{"rendered":"Portal de Noticias del Gobierno de Canarias"},"content":{"rendered":"<blockquote>\n<p>La federaci\u00f3n regional de esta modalidad reunir\u00e1 a competiciones, pilotos y organizadores en el mayor espacio expositivo de la feria, que se celebra en el Recinto Ferial de Tenerife hasta el pr\u00f3ximo domingo<\/p>\n<\/blockquote>\n<p>A menos de veinticuatro horas para su inauguraci\u00f3n oficial, ExpoDeca 2025 vivi\u00f3 en la tarde de este mi\u00e9rcoles su \u00faltima presentaci\u00f3n p\u00fablica. El consejero de Educaci\u00f3n, Formaci\u00f3n Profesional, Actividad F\u00edsica y Deportes del Gobierno de Canarias, Poli Su\u00e1rez, junto con el vicepresidente del Cabildo de Tenerife, Lope Afonso, y el presidente de la Federaci\u00f3n Canaria de Automovilismo (FCA), Miguel \u00c1ngel Dom\u00ednguez, dieron a conocer algunas de las actividades previstas durante la feria en lo que se refiere a deportes de motor.<\/p>\n<p>En esta segunda edici\u00f3n del evento referencia en el deporte de las islas, el automovilismo dispondr\u00e1 del espacio expositivo de mayor dimensi\u00f3n de la feria, donde estar\u00e1n presentes las principales entidades y organizadores de competiciones del archipi\u00e9lago\u2026 la Federaci\u00f3n Interinsular de Automovilismo de Santa Cruz de Tenerife ejercer\u00e1 de anfitriona, subrayando la relevancia de la isla en el desarrollo del deporte del motor.<\/p>\n<p>Sobre este asunto, Poli Su\u00e1rez record\u00f3 que \u201cel automovilismo cuenta en nuestra tierra con un enorme arraigo y una afici\u00f3n apasionada, por lo que su presencia en ExpoDeca era fundamental\u201d. En este sentido, se\u00f1al\u00f3 que \u201cen esta edici\u00f3n, hemos intentado reflejar toda la diversidad y la fuerza del deporte en nuestras islas, que es mucha, y, por ese motivo, los deportes de motor cuentan con este espacio tan importante dentro del recinto\u201d.<\/p>\n<p>Adem\u00e1s, el consejero explic\u00f3 que la importancia de estas modalidades trasciende lo meramente deportivo. \u201cNo hablamos solo de espect\u00e1culo, sino tambi\u00e9n de actividad econ\u00f3mica y tur\u00edstica, con competiciones que forman parte del calendario nacional e internacional, como el Rally Islas Canarias o el Rally Villa de Adeje\u201d, dijo. \u201cTenemos mucho de lo que presumir y queremos que toda Canarias se sienta representada en este espacio\u201d, agreg\u00f3.<\/p>\n<p>El vicepresidente del Cabildo de Tenerife, Lope Afonso, destac\u00f3 que \u201cel automovilismo es una de las grandes pasiones deportivas de la isla y de todo el Archipi\u00e9lago, por eso nos llena de satisfacci\u00f3n que ExpoDeca 2025 le otorgue el espacio que merece dentro de esta feria, que ya se consolida como una gran cita para el deporte en Canarias\u201d.<\/p>\n<p>\u201cDesde el Cabildo de Tenerife apoyamos decididamente aquellas disciplinas que generan valor, no solo a nivel deportivo, sino tambi\u00e9n social y econ\u00f3mico, como es el caso del automovilismo. Estamos hablando de una actividad que dinamiza el territorio, crea empleo y atrae visitantes Estoy convencido de que este espacio ser\u00e1 uno de los m\u00e1s visitados y valorados por el p\u00fablico\u201d, resalt\u00f3 Afonso.<\/p>\n<p>Por su parte, el presidente de la Federaci\u00f3n Canaria de Automovilismo, Miguel \u00c1ngel Dom\u00ednguez, resalt\u00f3 que \u201cExpoDeca ser\u00e1 un verdadero escaparate del motor canario, un espacio donde la afici\u00f3n podr\u00e1 encontrarse con sus \u00eddolos y descubrir de cerca la pasi\u00f3n que mueve a este deporte en las islas\u201d. En su opini\u00f3n, \u201cvivimos una etapa hist\u00f3rica para el automovilismo en Canarias, con una cantera que crece, pruebas que ganan proyecci\u00f3n internacional y una afici\u00f3n que sigue llenando cada tramo y cada subida; todo ello estar\u00e1 reflejado en esta feria que refuerza el v\u00ednculo del motor con nuestra sociedad\u201d.<\/p>\n<p>El programa de ExpoDeca incluir\u00e1, entre otras actividades, la representaci\u00f3n de algunas de las competiciones m\u00e1s emblem\u00e1ticas de Canarias, entre ellas la Subida de Los Loros, el Rally Islas Canarias \u2014de car\u00e1cter mundialista\u2014, el Rallye Villa de Adeje, el Rallye Isla de los Volcanes y el Eco-Rally Canarias. Con esta presencia, todas las islas tendr\u00e1n presencia en esta importante cita del mundo del deporte.<\/p>\n<p>A lo largo de las cuatro jornadas que dura la feria, el espacio dise\u00f1ado por la FCA acoger\u00e1 la visita de pilotos y copilotos de primer nivel, tanto regionales como nacionales e internacionales, quienes participar\u00e1n en firmas de aut\u00f3grafos, conferencias, mesas redondas y ponencias centradas en aspectos estrat\u00e9gicos para el sector: el papel de la mujer en el automovilismo, la evoluci\u00f3n de la comunicaci\u00f3n especializada y otros temas de inter\u00e9s para este tipo de disciplinas.<\/p>\n<p>Adem\u00e1s, el p\u00fablico asistente podr\u00e1 disfrutar de simuladores de competici\u00f3n, exhibiciones audiovisuales, retransmisiones en directo de programas de radio y televisi\u00f3n, as\u00ed como de diferentes obsequios y experiencias interactivas. Con esta iniciativa, la Federaci\u00f3n Canaria de Automovilismo reafirma su compromiso de acercar los deportes de motor a la sociedad, fomentar la participaci\u00f3n de todos los p\u00fablicos y contribuir al desarrollo de este deporte en Canarias.<\/p>\n<p>Tras la presentaci\u00f3n, las autoridades realizaron un recorrido por algunos de los espacios dedicados al motor y culminaron la visita con una fotograf\u00eda junto con parte del equipo de voluntarios que dar\u00e1 apoyo a ExpoDeca, a los que ambos representantes agradecieron, en primera persona, su esfuerzo y entrega para que la feria sea un \u00e9xito.<\/p>\n<p>ExpoDeca, promovida por el Gobierno de Canarias a trav\u00e9s de la Consejer\u00eda de Deportes y organizada por el \u00e1rea de Deportes del Cabildo de Tenerife junto a la empresa p\u00fablica Ideco, cuenta con el patrocinio de la Fundaci\u00f3n Disa, Coca-Cola, Powerade, Binter y Grupo Ybarra. Su principal objetivo es fomentar una cultura activa y saludable, impulsando la actividad f\u00edsica como una herramienta para el bienestar y la cohesi\u00f3n social. Toda la informaci\u00f3n del evento se puede consultar en su web (www.expodeca.es).<\/p>\n","protected":false},"excerpt":{"rendered":"La federaci\u00f3n regional de esta modalidad reunir\u00e1 a competiciones, pilotos y organizadores en el mayor espacio expositivo de&hellip;\n","protected":false},"author":2,"featured_media":151789,"comment_status":"","ping_status":"","sticky":false,"template":"","format":"standard","meta":{"footnotes":""},"categories":[5],"tags":[17,18,25,24,13,14,11,19,20,9,10,15,16,23,12,21,22],"class_list":{"0":"post-151788","1":"post","2":"type-post","3":"status-publish","4":"format-standard","5":"has-post-thumbnail","7":"category-titulares","8":"tag-breaking-news","9":"tag-breakingnews","10":"tag-es","11":"tag-espana","12":"tag-featured-news","13":"tag-featurednews","14":"tag-headlines","15":"tag-latest-news","16":"tag-latestnews","17":"tag-news","18":"tag-noticias","19":"tag-noticias-destacadas","20":"tag-noticiasdestacadas","21":"tag-spain","22":"tag-titulares","23":"tag-ultimas-noticias","24":"tag-ultimasnoticias"},"share_on_mastodon":{"url":"","error":""},"_links":{"self":[{"href":"https:\/\/www.europesays.com\/es\/wp-json\/wp\/v2\/posts\/151788","targetHints":{"allow":["GET"]}}],"collection":[{"href":"https:\/\/www.europesays.com\/es\/wp-json\/wp\/v2\/posts"}],"about":[{"href":"https:\/\/www.europesays.com\/es\/wp-json\/wp\/v2\/types\/post"}],"author":[{"embeddable":true,"href":"https:\/\/www.europesays.com\/es\/wp-json\/wp\/v2\/users\/2"}],"replies":[{"embeddable":true,"href":"https:\/\/www.europesays.com\/es\/wp-json\/wp\/v2\/comments?post=151788"}],"version-history":[{"count":0,"href":"https:\/\/www.europesays.com\/es\/wp-json\/wp\/v2\/posts\/151788\/revisions"}],"wp:featuredmedia":[{"embeddable":true,"href":"https:\/\/www.europesays.com\/es\/wp-json\/wp\/v2\/media\/151789"}],"wp:attachment":[{"href":"https:\/\/www.europesays.com\/es\/wp-json\/wp\/v2\/media?parent=151788"}],"wp:term":[{"taxonomy":"category","embeddable":true,"href":"https:\/\/www.europesays.com\/es\/wp-json\/wp\/v2\/categories?post=151788"},{"taxonomy":"post_tag","embeddable":true,"href":"https:\/\/www.europesays.com\/es\/wp-json\/wp\/v2\/tags?post=151788"}],"curies":[{"name":"wp","href":"https:\/\/api.w.org\/{rel}","templated":true}]}}