{"id":151790,"date":"2025-10-02T01:16:13","date_gmt":"2025-10-02T01:16:13","guid":{"rendered":"https:\/\/www.europesays.com\/es\/151790\/"},"modified":"2025-10-02T01:16:13","modified_gmt":"2025-10-02T01:16:13","slug":"antiviolencia-pide-multas-de-hasta-5-000-euros-a-38-personas-por-las-protestas-propalestinas-en-la-vuelta","status":"publish","type":"post","link":"https:\/\/www.europesays.com\/es\/151790\/","title":{"rendered":"Antiviolencia pide multas de hasta 5.000 euros a 38 personas por las protestas propalestinas en La Vuelta"},"content":{"rendered":"<p>La Comisi\u00f3n Estatal contra la Violencia en el Deporte tambi\u00e9n proh\u00edbe que acudan a un recinto deportivo durante un a\u00f1o<\/p>\n<p>Manifestantes propalestinos, con las exministras Montero y Belarra entre ellos, durante la \u00faltima etapa de La Vuelta        EFE      <\/p>\n<p><img decoding=\"async\" class=\"voc-author__img\" src=\"https:\/\/www.europesays.com\/es\/wp-content\/uploads\/2025\/10\/autor-5532-foto-4.png\" alt=\"David S\u00e1nchez de Castro\"\/><\/p>\n<p>01\/10\/2025<br \/>\n<br \/><strong><br \/>\nActualizado a las 20:00h.<br \/>\n<\/strong><\/p>\n<p class=\"voc-p\" style=\"\">Las <a href=\"https:\/\/www.abc.es\/espana\/miembros-gobierno-socios-celebran-disturbios-madrid-obligan-20250914193253-nt.html\" title=\"www.abc.es\" data-voc-vtm-id=\"in-text-traffic\" data-mrf-link=\"www.abc.es\" rel=\"nofollow noopener\" target=\"_blank\">protestas que reventaron las \u00faltimas etapas de la Vuelta Ciclista<\/a> a Espa\u00f1a ya tienen consecuencias. La Comisi\u00f3n Estatal contra la Violencia en el Deporte, dependiente del Ministerio de Interior, ha pedido <strong>multas que oscilan entre los 1.500 y los 5.000 euros a 38 personas<\/strong> que participaron en dichas manifestaciones. <\/p>\n<p class=\"voc-p\" style=\"\">Las propuestas de sanci\u00f3n, que ahora deber\u00e1 ratificar un juez, se refieren a las \u00faltimas cuatro etapas de La Vuelta, a saber: Valladolid\/Valladolid, Rueda\/Guijuelo, Robledo de Chavela\/Puerto de Navacerrada y la \u00faltima entre Alapardo y Madrid, que <a href=\"https:\/\/www.abc.es\/deportes\/ciclismo\/botellazos-policias-agresiones-periodistas-insultos-aficionados-polvorin-20250914204204-nt.html\" title=\"www.abc.es\" data-voc-vtm-id=\"in-text-traffic\" data-mrf-link=\"www.abc.es\" rel=\"nofollow noopener\" target=\"_blank\">acab\u00f3 siendo cancelada<\/a>. Pese a que tambi\u00e9n se registraron serios incidentes en el <strong>Pa\u00eds Vasco y Catalu\u00f1a<\/strong>, las competencias en este tipo de sucesos corren a cargo de los cuerpos policiales auton\u00f3micos, en este caso la Ertzaintza y los Mossos.<\/p>\n<p class=\"voc-p\" style=\"\">Los <strong>38 expedientes abiertos<\/strong> corresponden a infracciones de varios rangos, que se califican de leves a graves. Adem\u00e1s de las multas, se han establecido <strong>prohibiciones de acceso a recintos deportivos<\/strong> por un periodo de hasta un a\u00f1o.<\/p>\n<p class=\"voc-p\" style=\"\">Estos castigos a los manifestantes m\u00e1s radicales de La Vuelta son los mismos o equiparables a los que pueden imponerse a radicales ultras en partidos de f\u00fatbol que provoquen incidentes.<\/p>\n<p>\nPrimeras consecuencias del boicot a La Vuelta\n<\/p>\n<p class=\"voc-p\" style=\"\">La presencia del <strong>equipo Israel-PremierTech<\/strong> en el pelot\u00f3n de la Vuelta provoc\u00f3 que la edici\u00f3n de este a\u00f1o de la ronda ciclista quedara marcada desde el primer d\u00eda de competici\u00f3n. Conforme avanzaron las jornadas, las primeras manifestaciones de protesta fueran elevando el tono hasta convertirse en <strong>aut\u00e9nticos disturbios<\/strong> que culminaron con <a href=\"https:\/\/www.abc.es\/deportes\/ciclismo\/dos-detenidos-policias-heridos-balance-escenario-dantesco-20250914214339-nt.html\" title=\"www.abc.es\" data-voc-vtm-id=\"in-text-traffic\" data-mrf-link=\"www.abc.es\" rel=\"nofollow noopener\" target=\"_blank\">cargas policiales y 22 agentes heridos de diversa consideraci\u00f3n<\/a> en la \u00faltima etapa de Madrid, que acab\u00f3 siendo cancelada.<\/p>\n<p class=\"voc-p\" style=\"\">Entre los manifestantes en la capital se encontraban las exministras <strong>Ione Belarra e Irene Montero<\/strong>, que estuvieron acompa\u00f1adas y escoltadas en la zona de Atocha por <a href=\"https:\/\/www.abc.es\/espana\/madrid\/foto-polemica-belarra-montero-increpan-policia-escoltadas-20250915202346-nt.html\" title=\"www.abc.es\" data-voc-vtm-id=\"in-text-traffic\" data-mrf-link=\"www.abc.es\" rel=\"nofollow noopener\" target=\"_blank\">abogados de grupos radicales como los Bukaneros<\/a> del Rayo Vallecano.<\/p>\n<p>Reportar un error<\/p>\n","protected":false},"excerpt":{"rendered":"La Comisi\u00f3n Estatal contra la Violencia en el Deporte tambi\u00e9n proh\u00edbe que acudan a un recinto deportivo durante&hellip;\n","protected":false},"author":2,"featured_media":151791,"comment_status":"","ping_status":"","sticky":false,"template":"","format":"standard","meta":{"footnotes":""},"categories":[273],"tags":[4927,40024,313,312,168,25,24,1557,8671,3477,34,34331,2315,23,167,1357],"class_list":{"0":"post-151790","1":"post","2":"type-post","3":"status-publish","4":"format-standard","5":"has-post-thumbnail","7":"category-ciclismo","8":"tag-4927","9":"tag-antiviolencia","10":"tag-ciclismo","11":"tag-cycling","12":"tag-deportes","13":"tag-es","14":"tag-espana","15":"tag-euros","16":"tag-multas","17":"tag-personas","18":"tag-pide","19":"tag-propalestinas","20":"tag-protestas","21":"tag-spain","22":"tag-sports","23":"tag-vuelta"},"share_on_mastodon":{"url":"","error":""},"_links":{"self":[{"href":"https:\/\/www.europesays.com\/es\/wp-json\/wp\/v2\/posts\/151790","targetHints":{"allow":["GET"]}}],"collection":[{"href":"https:\/\/www.europesays.com\/es\/wp-json\/wp\/v2\/posts"}],"about":[{"href":"https:\/\/www.europesays.com\/es\/wp-json\/wp\/v2\/types\/post"}],"author":[{"embeddable":true,"href":"https:\/\/www.europesays.com\/es\/wp-json\/wp\/v2\/users\/2"}],"replies":[{"embeddable":true,"href":"https:\/\/www.europesays.com\/es\/wp-json\/wp\/v2\/comments?post=151790"}],"version-history":[{"count":0,"href":"https:\/\/www.europesays.com\/es\/wp-json\/wp\/v2\/posts\/151790\/revisions"}],"wp:featuredmedia":[{"embeddable":true,"href":"https:\/\/www.europesays.com\/es\/wp-json\/wp\/v2\/media\/151791"}],"wp:attachment":[{"href":"https:\/\/www.europesays.com\/es\/wp-json\/wp\/v2\/media?parent=151790"}],"wp:term":[{"taxonomy":"category","embeddable":true,"href":"https:\/\/www.europesays.com\/es\/wp-json\/wp\/v2\/categories?post=151790"},{"taxonomy":"post_tag","embeddable":true,"href":"https:\/\/www.europesays.com\/es\/wp-json\/wp\/v2\/tags?post=151790"}],"curies":[{"name":"wp","href":"https:\/\/api.w.org\/{rel}","templated":true}]}}