{"id":151800,"date":"2025-10-02T01:23:13","date_gmt":"2025-10-02T01:23:13","guid":{"rendered":"https:\/\/www.europesays.com\/es\/151800\/"},"modified":"2025-10-02T01:23:13","modified_gmt":"2025-10-02T01:23:13","slug":"si-te-paras-en-un-semaforo-te-las-limpian","status":"publish","type":"post","link":"https:\/\/www.europesays.com\/es\/151800\/","title":{"rendered":"Si te paras en un sem\u00e1foro, te las limpian"},"content":{"rendered":"<p class=\"c-paragraph\">Este mi\u00e9rcoles, <a href=\"https:\/\/www.20minutos.es\/tags\/personas\/miguel-lago.html\" title=\"Miguel Lago\" rel=\"nofollow noopener\" target=\"_blank\">Miguel Lago<\/a> apenas concedi\u00f3 unos instantes al arranque de <a href=\"https:\/\/www.20minutos.es\/tags\/temas\/y-ahora-sonsoles.html\" title=\"Y ahora Sonsoles\" rel=\"nofollow noopener\" target=\"_blank\">Y ahora Sonsoles<\/a> antes de lanzar\u00a0la primera pulla del d\u00eda. <b>La v\u00edctima no fue otra que <a href=\"https:\/\/www.20minutos.es\/tags\/temas\/pilar-vidal.html\" title=\"Pilar Vidal\" rel=\"nofollow noopener\" target=\"_blank\">Pilar Vidal<\/a><\/b>, a cuenta del complemento que dominaba su semblante.<\/p>\n<p class=\"c-paragraph\">\u00abPilar, llevas unas gafas que, si te paras en un sem\u00e1foro, te las limpian\u00bb, brome\u00f3 el monologuista, arrancando carcajadas en el estudio. Se refer\u00eda a unos anteojos <b>de gran tama\u00f1o, con una montura negra muy fina y de forma cuadrada<\/b>, que la colaboradora luc\u00eda con total confianza.<\/p>\n<p class=\"c-paragraph\">El rostro de la tambi\u00e9n escritora parec\u00eda gritar: \u00bfpor qu\u00e9 a m\u00ed? Sin embargo, <b>resignada y con una media sonrisa<\/b>, t\u00edmidamente murmur\u00f3: \u00abSon ideales\u00bb.<\/p>\n<p class=\"c-paragraph\">En aquel instante, la conductora\u00a0<a href=\"https:\/\/www.20minutos.es\/tags\/personas\/sonsoles-onega.html\" title=\"Sonsoles \u00d3nega\" rel=\"nofollow noopener\" target=\"_blank\">Sonsoles \u00d3nega<\/a> decidi\u00f3 sumarse a la diversi\u00f3n y a\u00f1adi\u00f3: \u00ab\u00a1Me encantan! <b>\u00bfPor qu\u00e9 no patentamos un &#8216;parabrisillas&#8217; de gafas?<\/b>\u00ab.<\/p>\n<p class=\"c-paragraph\">Vidal, sin perder la compostura, prosigui\u00f3 &#8216;el chiste&#8217; con buen talante: \u00abPues me vendr\u00edan fenomenal\u00bb. Acto seguido, Lago dirigi\u00f3 un cumplido hacia el estilismo de la presentadora, y la periodista <b>concluy\u00f3 con una menci\u00f3n a <a href=\"https:\/\/www.20minutos.es\/tags\/personas\/carmen-lomana.html\" title=\"Carmen Lomana\" rel=\"nofollow noopener\" target=\"_blank\">Carmen Lomana<\/a><\/b>, presente en el plat\u00f3: \u00abMira que es dif\u00edcil eclipsar a Carmen Lomana, pero hoy lo hemos conseguido\u00bb.<\/p>\n","protected":false},"excerpt":{"rendered":"Este mi\u00e9rcoles, Miguel Lago apenas concedi\u00f3 unos instantes al arranque de Y ahora Sonsoles antes de lanzar\u00a0la primera&hellip;\n","protected":false},"author":2,"featured_media":151801,"comment_status":"","ping_status":"","sticky":false,"template":"","format":"standard","meta":{"footnotes":""},"categories":[171],"tags":[45953,15175,146,147,25,24,18087,4098,7745,23,214],"class_list":{"0":"post-151800","1":"post","2":"type-post","3":"status-publish","4":"format-standard","5":"has-post-thumbnail","7":"category-tv","8":"tag-atuendo","9":"tag-burla","10":"tag-entertainment","11":"tag-entretenimiento","12":"tag-es","13":"tag-espana","14":"tag-lago","15":"tag-miguel","16":"tag-se","17":"tag-spain","18":"tag-tv"},"share_on_mastodon":{"url":"","error":""},"_links":{"self":[{"href":"https:\/\/www.europesays.com\/es\/wp-json\/wp\/v2\/posts\/151800","targetHints":{"allow":["GET"]}}],"collection":[{"href":"https:\/\/www.europesays.com\/es\/wp-json\/wp\/v2\/posts"}],"about":[{"href":"https:\/\/www.europesays.com\/es\/wp-json\/wp\/v2\/types\/post"}],"author":[{"embeddable":true,"href":"https:\/\/www.europesays.com\/es\/wp-json\/wp\/v2\/users\/2"}],"replies":[{"embeddable":true,"href":"https:\/\/www.europesays.com\/es\/wp-json\/wp\/v2\/comments?post=151800"}],"version-history":[{"count":0,"href":"https:\/\/www.europesays.com\/es\/wp-json\/wp\/v2\/posts\/151800\/revisions"}],"wp:featuredmedia":[{"embeddable":true,"href":"https:\/\/www.europesays.com\/es\/wp-json\/wp\/v2\/media\/151801"}],"wp:attachment":[{"href":"https:\/\/www.europesays.com\/es\/wp-json\/wp\/v2\/media?parent=151800"}],"wp:term":[{"taxonomy":"category","embeddable":true,"href":"https:\/\/www.europesays.com\/es\/wp-json\/wp\/v2\/categories?post=151800"},{"taxonomy":"post_tag","embeddable":true,"href":"https:\/\/www.europesays.com\/es\/wp-json\/wp\/v2\/tags?post=151800"}],"curies":[{"name":"wp","href":"https:\/\/api.w.org\/{rel}","templated":true}]}}