{"id":151808,"date":"2025-10-02T01:28:12","date_gmt":"2025-10-02T01:28:12","guid":{"rendered":"https:\/\/www.europesays.com\/es\/151808\/"},"modified":"2025-10-02T01:28:12","modified_gmt":"2025-10-02T01:28:12","slug":"esta-es-la-portada-de-sport-de-hoy-jueves-2-de-octubre-de-2025","status":"publish","type":"post","link":"https:\/\/www.europesays.com\/es\/151808\/","title":{"rendered":"Esta es la portada de SPORT de hoy jueves, 2 de octubre de 2025"},"content":{"rendered":"<p class=\"ft-text\">El gran protagonista de la portada de SPORT de hoy es la derrota del FC Barcelona ante el PSG. <strong>En el duelo de Champions disputado en Montju\u00efc, el conjunto de Hansi Flick se vio superado por los parisinos (1-2).<\/strong><\/p>\n<p><img decoding=\"async\" src=\"https:\/\/www.europesays.com\/es\/wp-content\/uploads\/2025\/10\/032e2a07-e62b-4ce8-b76e-626b39dceb77_alta-libre-aspect-ratio_default_0.jpg\" width=\"1200\" height=\"1474\" alt=\"Esta es la portada de SPORT de hoy jueves, 2 de octubre de 2025\" class=\"ft-helper-img-rd\" loading=\"lazy\" hasdataaida=\"true\"\/><\/p>\n<p class=\"ft-helper-fontColor-quaternary ft-helper-fontSize-body-S ft-helper-spacer-t-xxs\">Esta es la portada de SPORT de hoy jueves, 2 de octubre de 2025  \/ SPORT.es<\/p>\n<p class=\"ft-text\">El Bar\u00e7a arranc\u00f3 el partido ganando, tras el gol de Ferran Torres, <strong>pero los de Luis Enrique tiraron de esp\u00edritu de campe\u00f3n y lograron remontar tras los goles de Mayulu y Gon\u00e7alo Ramos. <\/strong><\/p>\n<p class=\"ft-text\">M\u00e1s all\u00e1 del partido, la noticia del d\u00eda es el acuerdo del club por la renovaci\u00f3n de De Jong. <strong>Tal y como cuenta SPORT en exclusiva, el jugador renovar\u00e1 hasta 2029. <\/strong><\/p>\n<p class=\"ft-text\">En los otros duelos de Champions, el Villarreal logr\u00f3 sumar su primer punto, el Dortmund venci\u00f3 ante el Athletic y el City no pudo sumar los tres puntos en M\u00f3naco.<\/p>\n<p class=\"ft-text\"><strong>En clave madridista, al equipo de Xabi Alonso se le suma un nuevo problema.<\/strong> La figura de Valverde est\u00e1 en entredicho y su estima con el t\u00e9cnico tolosarra ha bajado exponencialmente.<\/p>\n<p class=\"ft-text\">En polideportivo, destaca la lesi\u00f3n de Juan N\u00fa\u00f1ez<strong>. El jugador del Bar\u00e7a de baloncesto deber\u00e1 pasar por el quir\u00f3fano y estar\u00e1 ausente de las pistas durante los pr\u00f3ximos seis meses. <\/strong><\/p>\n<p class=\"ft-text\"><strong>Todo esto y mucho m\u00e1s en sus quioscos de confianza. <\/strong><\/p>\n","protected":false},"excerpt":{"rendered":"El gran protagonista de la portada de SPORT de hoy es la derrota del FC Barcelona ante el&hellip;\n","protected":false},"author":2,"featured_media":151809,"comment_status":"","ping_status":"","sticky":false,"template":"","format":"standard","meta":{"footnotes":""},"categories":[91],"tags":[10903,2296,146,147,25,24,315,887,338,23,3020],"class_list":{"0":"post-151808","1":"post","2":"type-post","3":"status-publish","4":"format-standard","5":"has-post-thumbnail","7":"category-entretenimiento","8":"tag-10903","9":"tag-barca","10":"tag-entertainment","11":"tag-entretenimiento","12":"tag-es","13":"tag-espana","14":"tag-hoy","15":"tag-jueves","16":"tag-portada","17":"tag-spain","18":"tag-sport"},"share_on_mastodon":{"url":"","error":""},"_links":{"self":[{"href":"https:\/\/www.europesays.com\/es\/wp-json\/wp\/v2\/posts\/151808","targetHints":{"allow":["GET"]}}],"collection":[{"href":"https:\/\/www.europesays.com\/es\/wp-json\/wp\/v2\/posts"}],"about":[{"href":"https:\/\/www.europesays.com\/es\/wp-json\/wp\/v2\/types\/post"}],"author":[{"embeddable":true,"href":"https:\/\/www.europesays.com\/es\/wp-json\/wp\/v2\/users\/2"}],"replies":[{"embeddable":true,"href":"https:\/\/www.europesays.com\/es\/wp-json\/wp\/v2\/comments?post=151808"}],"version-history":[{"count":0,"href":"https:\/\/www.europesays.com\/es\/wp-json\/wp\/v2\/posts\/151808\/revisions"}],"wp:featuredmedia":[{"embeddable":true,"href":"https:\/\/www.europesays.com\/es\/wp-json\/wp\/v2\/media\/151809"}],"wp:attachment":[{"href":"https:\/\/www.europesays.com\/es\/wp-json\/wp\/v2\/media?parent=151808"}],"wp:term":[{"taxonomy":"category","embeddable":true,"href":"https:\/\/www.europesays.com\/es\/wp-json\/wp\/v2\/categories?post=151808"},{"taxonomy":"post_tag","embeddable":true,"href":"https:\/\/www.europesays.com\/es\/wp-json\/wp\/v2\/tags?post=151808"}],"curies":[{"name":"wp","href":"https:\/\/api.w.org\/{rel}","templated":true}]}}