{"id":151812,"date":"2025-10-02T01:32:08","date_gmt":"2025-10-02T01:32:08","guid":{"rendered":"https:\/\/www.europesays.com\/es\/151812\/"},"modified":"2025-10-02T01:32:08","modified_gmt":"2025-10-02T01:32:08","slug":"sigue-con-su-ostentosa-vida","status":"publish","type":"post","link":"https:\/\/www.europesays.com\/es\/151812\/","title":{"rendered":"Sigue con su ostentosa vida"},"content":{"rendered":"<p class=\"ft-text\">&#8216;El programa de Ana Rosa&#8217; ha contado una noticia que est\u00e1 dando la vuelta al mundo.<strong> La mujer de un futbolista del Real Madrid ha pasado de una vida llena de lujos y dinero a convertirse en inquiokupa<\/strong>. Adem\u00e1s, es madre de dos conocidos actores espa\u00f1oles.<\/p>\n<p class=\"ft-text\">El formato de Telecinco ha revelado la historia a partir del testimonio de los propietarios de la vivienda, quienes le reclaman una deuda que supera los 32.000 euros. La pareja, Jos\u00e9 y su esposa, le alquil\u00f3 su casa en Torrelodones, Madrid: <strong>un piso de 90 m\u00b2 ubicado en una urbanizaci\u00f3n con piscina, garaje y trastero<\/strong>. El alquiler era de 1.050 euros al mes, pero pronto dej\u00f3 de pagarlo.<\/p>\n<p class=\"ft-text\">Los propietarios, desesperados con la situaci\u00f3n, han decidido contactar con &#8216;El programa de Ana Rosa&#8217; para alzar la voz contra esta mujer que lleg\u00f3 a ser portada de revista. El propietario ha explicado que est\u00e1n viviendo un infierno: \u00ab<strong>Mi mujer est\u00e1 de baja porque tiene c\u00e1ncer, cobrando una miseria por ser aut\u00f3noma y nos hace much\u00edsima falta el dinero<\/strong>\u00ab.<\/p>\n<p class=\"ft-text\"><strong>El hombre asegura que la inquiokupa \u00absigue con su ostentosa vida\u00bb<\/strong>, mientras ellos no pueden continuar con su vida. Aparte, han vivido varios momentos tensos entre ambos: \u00abHoy se ha presentado en el restaurante de unos familiares y encima ha comenzado a increparnos\u00bb.<\/p>\n<p class=\"ft-text\">Jos\u00e9 ha revelado el motivo por el que no les paga: \u00ab<strong>Nos dice que no nos paga porque est\u00e1 mal el piso y que se va a ir, pero as\u00ed lleva a\u00f1os y ni se va ni nos paga<\/strong>. Yo soy un currito y estamos asfixiados por querer alquilar un piso que encima lo tenemos muy barato para estar en esta zona\u00bb.<\/p>\n<p class=\"ft-text\">Desde que alquilar el piso, los propietarios ten\u00edan miedo de que sucediese esto: \u00abNosotros ten\u00edamos mucho miedo de alquilar el piso <strong>y al se\u00f1or de la inmobiliaria le dijimos que quer\u00edamos alguien que respondiera bien\u00bb.<\/strong><\/p>\n<p class=\"ft-text\">La pareja se sent\u00eda enga\u00f1ada por el de la inmobiliaria, debido a que les prometi\u00f3 que \u00ab<strong>era una joya, hija de actor famosos, exmujer de un conocido futbolista del Real Madrid y con tres n\u00f3minas<\/strong>\u00ab. Con el tiempo se han dado cuenta que ella tambi\u00e9n enga\u00f1\u00f3 a la inmobiliaria.<\/p>\n<p class=\"ft-text\">La peor sensaci\u00f3n que tienen es que se sienten solos, \u00fanicamente tienen el apoyo de la alcaldesa de Torrelodones: \u00ab<strong>Van a terminar pagando porque esto no es serio ni pasa en otro pa\u00eds<\/strong>\u00ab.<\/p>\n","protected":false},"excerpt":{"rendered":"&#8216;El programa de Ana Rosa&#8217; ha contado una noticia que est\u00e1 dando la vuelta al mundo. La mujer&hellip;\n","protected":false},"author":2,"featured_media":151813,"comment_status":"","ping_status":"","sticky":false,"template":"","format":"standard","meta":{"footnotes":""},"categories":[8],"tags":[17,18,25,24,13,14,2313,11346,11,45954,19,20,205,2461,9,10,15,16,798,23,12,21,22],"class_list":{"0":"post-151812","1":"post","2":"type-post","3":"status-publish","4":"format-standard","5":"has-post-thumbnail","7":"category-espana","8":"tag-breaking-news","9":"tag-breakingnews","10":"tag-es","11":"tag-espana","12":"tag-featured-news","13":"tag-featurednews","14":"tag-fuera-de-juego","15":"tag-futbolista","16":"tag-headlines","17":"tag-inquiokupa","18":"tag-latest-news","19":"tag-latestnews","20":"tag-madrid","21":"tag-mujer","22":"tag-news","23":"tag-noticias","24":"tag-noticias-destacadas","25":"tag-noticiasdestacadas","26":"tag-real","27":"tag-spain","28":"tag-titulares","29":"tag-ultimas-noticias","30":"tag-ultimasnoticias"},"share_on_mastodon":{"url":"","error":""},"_links":{"self":[{"href":"https:\/\/www.europesays.com\/es\/wp-json\/wp\/v2\/posts\/151812","targetHints":{"allow":["GET"]}}],"collection":[{"href":"https:\/\/www.europesays.com\/es\/wp-json\/wp\/v2\/posts"}],"about":[{"href":"https:\/\/www.europesays.com\/es\/wp-json\/wp\/v2\/types\/post"}],"author":[{"embeddable":true,"href":"https:\/\/www.europesays.com\/es\/wp-json\/wp\/v2\/users\/2"}],"replies":[{"embeddable":true,"href":"https:\/\/www.europesays.com\/es\/wp-json\/wp\/v2\/comments?post=151812"}],"version-history":[{"count":0,"href":"https:\/\/www.europesays.com\/es\/wp-json\/wp\/v2\/posts\/151812\/revisions"}],"wp:featuredmedia":[{"embeddable":true,"href":"https:\/\/www.europesays.com\/es\/wp-json\/wp\/v2\/media\/151813"}],"wp:attachment":[{"href":"https:\/\/www.europesays.com\/es\/wp-json\/wp\/v2\/media?parent=151812"}],"wp:term":[{"taxonomy":"category","embeddable":true,"href":"https:\/\/www.europesays.com\/es\/wp-json\/wp\/v2\/categories?post=151812"},{"taxonomy":"post_tag","embeddable":true,"href":"https:\/\/www.europesays.com\/es\/wp-json\/wp\/v2\/tags?post=151812"}],"curies":[{"name":"wp","href":"https:\/\/api.w.org\/{rel}","templated":true}]}}