{"id":151814,"date":"2025-10-02T01:33:10","date_gmt":"2025-10-02T01:33:10","guid":{"rendered":"https:\/\/www.europesays.com\/es\/151814\/"},"modified":"2025-10-02T01:33:10","modified_gmt":"2025-10-02T01:33:10","slug":"fuerzas-de-israel-interceptan-a-la-flotilla-internacional-que-intentaba-llegar-a-gaza-con-ayuda-humanitaria","status":"publish","type":"post","link":"https:\/\/www.europesays.com\/es\/151814\/","title":{"rendered":"Fuerzas de Israel interceptan a la flotilla internacional que intentaba llegar a Gaza con ayuda humanitaria"},"content":{"rendered":"<p><img fetchpriority=\"high\" decoding=\"async\" src=\"https:\/\/www.europesays.com\/es\/wp-content\/uploads\/2025\/10\/4718c0a0-9f2b-11f0-92db-77261a15b9d2.jpg.webp.webp\"   alt=\"Greta Thunberg, junto a un efectivo israel\u00ed, que lleva casco y chaleco bal\u00edstico. \" loading=\"eager\" width=\"1536\" height=\"864\" style=\"aspect-ratio:1536 \/ 864\" class=\"bbc-139onq\"\/><\/p>\n<p class=\"bbc-by8ykd\" role=\"text\">Fuente de la imagen, Ministerio de Relaciones Exteriores de Israel<\/p>\n<p>Pie de foto, El Ministerio de Exteriores israel\u00ed public\u00f3 im\u00e1genes de efectivos israel\u00edes deteniendo a la activista sueca Greta Thunberg. <strong id=\"article-byline\" aria-hidden=\"true\" class=\"bbc-m04vo2\">Informaci\u00f3n del art\u00edculo<\/strong><\/p>\n<ul class=\"bbc-1rvtlej\">\n<li class=\"bbc-oe8da4\">\n<ul role=\"list\" class=\"bbc-r1yif8\">\n<li>Autor, Aleks Phillips<\/li>\n<li>T\u00edtulo del autor,  BBC News<\/li>\n<\/ul>\n<\/li>\n<li class=\"bbc-1clfxfc\">\n<p>4 horas<\/p>\n<\/li>\n<li class=\"bbc-1clfxfc\"\/><\/ul>\n<p dir=\"ltr\" class=\"bbc-hhl7in e17g058b0\"><b>Buques de la Armada de Israel interceptaron este mi\u00e9rcoles en aguas del Mediterr\u00e1neo a los activistas de la flotilla internacional que buscaba llegar a la Franja de Gaza y les exigieron cambiar de rumbo.<\/b><\/p>\n<p dir=\"ltr\" class=\"bbc-hhl7in e17g058b0\">La Global Sumud Flotilla (GSF, por sus siglas en ingl\u00e9s) inform\u00f3 en sus redes sociales que algunos de sus barcos fueron abordados por \u00abpersonal militar\u00bb tras ser interceptados en su curso hacia el territorio palestino en el Mediterr\u00e1neo y que estaba tratando de confirmar la situaci\u00f3n de las personas a bordo.<\/p>\n<p dir=\"ltr\" class=\"bbc-hhl7in e17g058b0\">El Ministerio de Relaciones Exteriores de Israel afirm\u00f3 que la armada de ese pa\u00eds hab\u00eda \u00abparado con seguridad\u00bb a los barcos que transportaban ayuda a Gaza y detenido a los activistas a bordo, entre ellos la sueca Greta Thunberg. <\/p>\n<p dir=\"ltr\" class=\"bbc-hhl7in e17g058b0\">La Armada orden\u00f3 a la flotilla que se alejara ya que se dirig\u00eda a \u00abuna zona de combate activa\u00bb.<\/p>\n<p dir=\"ltr\" class=\"bbc-hhl7in e17g058b0\">El gobierno ya hab\u00eda anunciado que no permitir\u00eda que la flotilla llegara a su destino. <\/p>\n<p dir=\"ltr\" class=\"bbc-hhl7in e17g058b0\">Tras su intercepci\u00f3n, public\u00f3 im\u00e1genes en las que se puede ver a Thunberg sentada en la cubierta de uno de los barcos mientras un militar israel\u00ed le entrega agua y una chaqueta. <\/p>\n<p dir=\"ltr\" class=\"bbc-hhl7in e17g058b0\">El gobierno israel\u00ed, que consider\u00f3 la llegada de la flotilla \u00abuna provocaci\u00f3n\u00bb, asegur\u00f3 que \u00abGreta y sus amigos est\u00e1n sanos y salvos\u00bb, y que los activistas interceptados han sido enviados a puertos de Israel.<\/p>\n<p dir=\"ltr\" class=\"bbc-hhl7in e17g058b0\">La GSF public\u00f3 en sus redes sociales que la actuaci\u00f3n de las autoridades israel\u00edes, a las que acusaron de sabotear las comunicaciones de las embarcaciones y atacarlas con ca\u00f1ones de agua, \u00abrevela claramente los extremos a los que llegar\u00e1 el ocupante para asegurar que Gaza sigue aislada y hambrienta\u00bb. <\/p>\n<p dir=\"ltr\" class=\"bbc-hhl7in e17g058b0\">\u00abAtacar\u00e1n una misi\u00f3n civil pac\u00edfica porque el \u00e9xito de la ayuda humanitaria supone el fracaso de su asedio\u00bb, a\u00f1adieron. <\/p>\n<p dir=\"ltr\" class=\"bbc-hhl7in e17g058b0\">En un intento anterior, las fuerzas israel\u00edes detuvieron a varios activistas y los llevaron a tierra.<\/p>\n<p dir=\"ltr\" class=\"bbc-hhl7in e17g058b0\">La GSF ha declarado su misi\u00f3n de \u00abromper el bloqueo\u00bb de Israel sobre Gaza producto de la guerra iniciada hace dos a\u00f1os y entregar ayuda humanitaria.<\/p>\n<p dir=\"ltr\" class=\"bbc-hhl7in e17g058b0\">El gobierno ha ridiculizado a los activistas y otras iniciativas similares. En junio pasado tild\u00f3 una embarcaci\u00f3n en la que tambi\u00e9n viajaba Thunberg como un \u00abyate para selfies\u00bb.<\/p>\n<p dir=\"ltr\" class=\"bbc-hhl7in e17g058b0\">La semana pasada, un ataque con drones da\u00f1\u00f3 algunas embarcaciones de la flotilla. <\/p>\n<p dir=\"ltr\" class=\"bbc-hhl7in e17g058b0\">Nadie result\u00f3 herido, pero la misi\u00f3n tuvo que detenerse varios d\u00edas en aguas griegas para efectuar reparaciones, antes de zarpar de nuevo hacia Gaza.<\/p>\n<p><img decoding=\"async\" src=\"https:\/\/www.europesays.com\/es\/wp-content\/uploads\/2025\/10\/8a79a980-9f04-11f0-bf4d-3be239c29483.jpg.webp.webp\"   alt=\"Activistas de la Global Sumud Flotilla posan frente a la c\u00e1mara de la embarcaci\u00f3n\" loading=\"lazy\" width=\"1109\" height=\"624\" style=\"aspect-ratio:1109 \/ 624\" class=\"bbc-139onq\"\/><\/p>\n<p class=\"bbc-by8ykd\" role=\"text\">Fuente de la imagen, Reuters<\/p>\n<p>Pie de foto, Los activistas han realizado transmisiones en vivo por internet desde el Mediterr\u00e1neo.<\/p>\n<p>A 130 km de Gaza<\/p>\n<p><img decoding=\"async\" src=\"https:\/\/www.europesays.com\/es\/wp-content\/uploads\/2025\/10\/4d8d63d0-9f05-11f0-928c-71dbb8619e94.jpg.webp.webp\"   alt=\"Varias fotos de los barcos de la GSF navegando en el Mediterr\u00e1neo\" loading=\"lazy\" width=\"3015\" height=\"1680\" style=\"aspect-ratio:3015 \/ 1680\" class=\"bbc-139onq\"\/><\/p>\n<p class=\"bbc-by8ykd\" role=\"text\">Fuente de la imagen, Reuters<\/p>\n<p>Pie de foto, La flotilla est\u00e1 integrada por varias embarcaciones de diferentes capacidades con tripulantes de todo el mundo.<\/p>\n<p dir=\"ltr\" class=\"bbc-hhl7in e17g058b0\">La GSF asegur\u00f3 este mi\u00e9rcoles que varios barcos, entre ellos el Alma, uno de los principales, as\u00ed como el Surius y el Adara, fueron interceptados y abordados.<\/p>\n<p dir=\"ltr\" class=\"bbc-hhl7in e17g058b0\">Antes de eso, acus\u00f3 al ej\u00e9rcito israel\u00ed de \u00abda\u00f1ar intencionadamente las comunicaciones de los barcos, en un intento de bloquear las se\u00f1ales de socorro y detener la transmisi\u00f3n en vivo de su abordaje ilegal\u00bb.<\/p>\n<p dir=\"ltr\" class=\"bbc-hhl7in e17g058b0\">El Ministerio de Relaciones Exteriores israel\u00ed se\u00f1al\u00f3 que se hab\u00eda informado a la flotilla de que, si continuaba su viaje, estar\u00eda \u00abviolando un bloqueo naval\u00bb en vigor que cubre las aguas cercanas a Gaza.<\/p>\n<p dir=\"ltr\" class=\"bbc-hhl7in e17g058b0\">Varias c\u00e1maras web de los barcos segu\u00edan transmitiendo una se\u00f1al en vivo por internet que mostraba a los activistas.<\/p>\n<p dir=\"ltr\" class=\"bbc-hhl7in e17g058b0\">Al momento de la intercepci\u00f3n de Israel, aseguraron que estaban a 70 millas n\u00e1uticas (130 km) de la costa de Gaza.<\/p>\n<p dir=\"ltr\" class=\"bbc-hhl7in e17g058b0\">La GSF dijo que esperaba que sus barcos llegaran a la costa de Gaza el jueves por la ma\u00f1ana.<\/p>\n<p><img decoding=\"async\" src=\"https:\/\/www.europesays.com\/es\/wp-content\/uploads\/2025\/10\/df88c220-9f05-11f0-928c-71dbb8619e94.jpg.webp.webp\"   alt=\"Tripulantes del barco &quot;Alma&quot; sentados alrededor de la cubierta del barco\" loading=\"lazy\" width=\"2280\" height=\"1188\" style=\"aspect-ratio:2280 \/ 1188\" class=\"bbc-139onq\"\/><\/p>\n<p class=\"bbc-by8ykd\" role=\"text\">Fuente de la imagen, Reuters<\/p>\n<p>Pie de foto, Los tripulantes del barco Alma aguardaban en la cubierta mientras se acercaban las fuerzas de Israel.<\/p>\n<p>Petro expulsa a los diplom\u00e1ticos israel\u00edes<\/p>\n<p dir=\"ltr\" class=\"bbc-hhl7in e17g058b0\">Desde Francia, el canciller Jean-Noal Barrot tambi\u00e9n dijo que la flotilla de la GSF estaba siendo interceptada.<\/p>\n<p dir=\"ltr\" class=\"bbc-hhl7in e17g058b0\">Afirm\u00f3 en un comunicado que su gobierno hab\u00eda garantizado \u00abque cualquier posible operaci\u00f3n de abordaje se llevar\u00eda a cabo en las mejores condiciones de seguridad posibles\u00bb.<\/p>\n<p dir=\"ltr\" class=\"bbc-hhl7in e17g058b0\">Por su parte, el gobierno de Italia dijo que Israel le hab\u00eda asegurado que sus fuerzas armadas no utilizar\u00edan la violencia contra las personas a bordo.<\/p>\n<p dir=\"ltr\" class=\"bbc-hhl7in e17g058b0\">\u00abEl abordaje estaba planeado, lo estamos discutiendo&#8230; con [el ministro de Relaciones Exteriores israel\u00ed, Gideon] Saar para que no haya acciones violentas por parte de las fuerzas armadas de Tel Aviv, y as\u00ed me lo han asegurado\u00bb, dijo el canciller italiano, Antonio Tajani.<\/p>\n<p dir=\"ltr\" class=\"bbc-hhl7in e17g058b0\">Israel ya bloque\u00f3 otros dos intentos de activistas de entregar ayuda por barco a Gaza, en junio y julio.<\/p>\n<p dir=\"ltr\" class=\"bbc-hhl7in e17g058b0\">Anteriormente, Italia y Grecia pidieron a Israel que garantizara la seguridad de los tripulantes y dijeron que estaban siguiendo de cerca los acontecimientos.<\/p>\n<p dir=\"ltr\" class=\"bbc-hhl7in e17g058b0\">El presidente de Colombia, Gustavo Petro, orden\u00f3 la expulsi\u00f3n de los diplom\u00e1ticos israel\u00edes que quedaban en su pa\u00eds y puso fin el acuerdo de libre comercio con Israel que entr\u00f3 en vigor en 2020.<\/p>\n<p dir=\"ltr\" class=\"bbc-hhl7in e17g058b0\">Tambi\u00e9n exigi\u00f3 la liberaci\u00f3n de los dos colombianos que viajaban a bordo de la flotilla. <\/p>\n<p>\u00abTenemos que seguir intent\u00e1ndolo\u00bb<\/p>\n<p dir=\"ltr\" class=\"bbc-hhl7in e17g058b0\">El martes, algunos activistas dijeron que se acercaban a una zona donde otras flotillas han sido interceptadas.<\/p>\n<p dir=\"ltr\" class=\"bbc-hhl7in e17g058b0\">Ezequiel Peressini, dirigente del partido Izquierda Socialista de Argentina, que lleva 30 d\u00edas a bordo de Sirius, una de las 52 embarcaciones que forman la GSF, explic\u00f3: \u00abHemos pasado todo el mes de septiembre en nuestra embarcaci\u00f3n con el objetivo de llevar la ayuda humanitaria para romper el cerco de hambre y genocida de Israel sobre Gaza y Palestina\u00bb.<\/p>\n<p dir=\"ltr\" class=\"bbc-hhl7in e17g058b0\">\u00abEste martes, nos encontramos a 200 millas mar\u00edtimas (de la costa de Gaza) y esperamos que la madrugada de este mi\u00e9rcoles estemos a 150 millas mar\u00edtimas, por lo que traspasaremos la llamada l\u00ednea naranja (un \u00e1rea donde el riesgo de intercepci\u00f3n es alto)\u00bb, asegur\u00f3.<\/p>\n<p dir=\"ltr\" class=\"bbc-hhl7in e17g058b0\">Este intento de la GSF se da despu\u00e9s de que otro buque operado por el grupo, el Conscience, fuese alcanzado por dos drones cuando cruzaba aguas maltesas a principios de mayo.<\/p>\n<p dir=\"ltr\" class=\"bbc-hhl7in e17g058b0\">La organizaci\u00f3n acus\u00f3 a Israel del ataque que impidi\u00f3 su arribo a la zona.<\/p>\n<p><img decoding=\"async\" src=\"https:\/\/www.europesays.com\/es\/wp-content\/uploads\/2025\/10\/9aac0e80-9f07-11f0-b741-177e3e2c2fc7.png.webp.webp\"   alt=\"Miembros de la Global Sumud Flotilla saludan abordo de un barco junto a varias banderas\" loading=\"lazy\" width=\"1388\" height=\"918\" style=\"aspect-ratio:1388 \/ 918\" class=\"bbc-139onq\"\/><\/p>\n<p class=\"bbc-by8ykd\" role=\"text\">Fuente de la imagen, Reuters<\/p>\n<p>Pie de foto, Unas 500 personas forman parte de la Global Sumud Flotilla.<\/p>\n<p dir=\"ltr\" class=\"bbc-hhl7in e17g058b0\">\u00abEstamos haciendo esto porque, sin importar las probabilidades que tengamos, tenemos que seguir intent\u00e1ndolo\u00bb, dijo Thunberg en junio, antes de subirse a la embarcaci\u00f3n en una rueda de prensa en la que rompi\u00f3 en llanto.<\/p>\n<p dir=\"ltr\" class=\"bbc-hhl7in e17g058b0\">\u00abPorque en el momento en que dejamos de intentarlo, perdemos nuestra humanidad. Y, por muy peligrosa que sea esta misi\u00f3n, no es ni de lejos tan peligrosa como el silencio del mundo entero ante el genocidio transmitido en directo\u00bb, agreg\u00f3.<\/p>\n<p dir=\"ltr\" class=\"bbc-hhl7in e17g058b0\">A la tripulaci\u00f3n tambi\u00e9n se suman otras personalidades como la eurodiputada franco-palestina Rima Hassan y el actor de \u00abJuego de tronos\u00bb Liam Cunningham.<\/p>\n<p dir=\"ltr\" class=\"bbc-hhl7in e17g058b0\">Seg\u00fan inform\u00f3 la organizaci\u00f3n, en el barco se transportan suministros de ayuda que el grupo calific\u00f3 de \u00abcantidades limitadas, aunque simb\u00f3licas\u00bb.<\/p>\n<p dir=\"ltr\" class=\"bbc-hhl7in e17g058b0\">Con informaci\u00f3n de Norberto Paredes, de BBC News Mundo.<\/p>\n<p><img decoding=\"async\" src=\"https:\/\/www.europesays.com\/es\/wp-content\/uploads\/2025\/08\/c8beb280-fb45-11ee-8369-47dc4454b972.png.webp.webp\"   alt=\"&quot;&quot;\" loading=\"lazy\" width=\"800\" height=\"100\" style=\"aspect-ratio:800 \/ 100\" class=\"bbc-139onq\"\/><\/p>\n<p dir=\"ltr\" class=\"bbc-hhl7in e17g058b0\"><a href=\"https:\/\/www.bbc.com\/mundo\/send\/u184973209\" class=\"focusIndicatorReducedWidth bbc-n8oauk e1p3sufg0\" rel=\"nofollow noopener\" target=\"_blank\">Suscr\u00edbete aqu\u00ed<\/a> a nuestro nuevo newsletter para recibir cada viernes una selecci\u00f3n de nuestro mejor contenido de la semana.<\/p>\n<p dir=\"ltr\" class=\"bbc-hhl7in e17g058b0\">Y recuerda que puedes recibir notificaciones en nuestra app. Descarga la \u00faltima versi\u00f3n y act\u00edvalas.<\/p>\n","protected":false},"excerpt":{"rendered":"Fuente de la imagen, Ministerio de Relaciones Exteriores de Israel Pie de foto, El Ministerio de Exteriores israel\u00ed&hellip;\n","protected":false},"author":2,"featured_media":151815,"comment_status":"","ping_status":"","sticky":false,"template":"","format":"standard","meta":{"footnotes":""},"categories":[5],"tags":[17,18,25,24,13,14,11,19,20,9,10,15,16,23,12,21,22],"class_list":{"0":"post-151814","1":"post","2":"type-post","3":"status-publish","4":"format-standard","5":"has-post-thumbnail","7":"category-titulares","8":"tag-breaking-news","9":"tag-breakingnews","10":"tag-es","11":"tag-espana","12":"tag-featured-news","13":"tag-featurednews","14":"tag-headlines","15":"tag-latest-news","16":"tag-latestnews","17":"tag-news","18":"tag-noticias","19":"tag-noticias-destacadas","20":"tag-noticiasdestacadas","21":"tag-spain","22":"tag-titulares","23":"tag-ultimas-noticias","24":"tag-ultimasnoticias"},"share_on_mastodon":{"url":"","error":""},"_links":{"self":[{"href":"https:\/\/www.europesays.com\/es\/wp-json\/wp\/v2\/posts\/151814","targetHints":{"allow":["GET"]}}],"collection":[{"href":"https:\/\/www.europesays.com\/es\/wp-json\/wp\/v2\/posts"}],"about":[{"href":"https:\/\/www.europesays.com\/es\/wp-json\/wp\/v2\/types\/post"}],"author":[{"embeddable":true,"href":"https:\/\/www.europesays.com\/es\/wp-json\/wp\/v2\/users\/2"}],"replies":[{"embeddable":true,"href":"https:\/\/www.europesays.com\/es\/wp-json\/wp\/v2\/comments?post=151814"}],"version-history":[{"count":0,"href":"https:\/\/www.europesays.com\/es\/wp-json\/wp\/v2\/posts\/151814\/revisions"}],"wp:featuredmedia":[{"embeddable":true,"href":"https:\/\/www.europesays.com\/es\/wp-json\/wp\/v2\/media\/151815"}],"wp:attachment":[{"href":"https:\/\/www.europesays.com\/es\/wp-json\/wp\/v2\/media?parent=151814"}],"wp:term":[{"taxonomy":"category","embeddable":true,"href":"https:\/\/www.europesays.com\/es\/wp-json\/wp\/v2\/categories?post=151814"},{"taxonomy":"post_tag","embeddable":true,"href":"https:\/\/www.europesays.com\/es\/wp-json\/wp\/v2\/tags?post=151814"}],"curies":[{"name":"wp","href":"https:\/\/api.w.org\/{rel}","templated":true}]}}