{"id":151818,"date":"2025-10-02T01:40:11","date_gmt":"2025-10-02T01:40:11","guid":{"rendered":"https:\/\/www.europesays.com\/es\/151818\/"},"modified":"2025-10-02T01:40:11","modified_gmt":"2025-10-02T01:40:11","slug":"pietro-fittipaldi-nieto-del-campeon-emerson-se-suma-al-equipo-cadillac-para-la-f1-2026-el-litoral","status":"publish","type":"post","link":"https:\/\/www.europesays.com\/es\/151818\/","title":{"rendered":"Pietro Fittipaldi, nieto del campe\u00f3n Emerson, se suma al equipo Cadillac para la F1 2026 &#8211; El Litoral"},"content":{"rendered":"<ol>\n<li><a href=\"https:\/\/news.google.com\/rss\/articles\/CBMiuwFBVV95cUxNQmpKaGtINDlzOVNFU0cxaDlWSnc2LVJoY29DZjZEejF5cTJEQ3VyZW5UNlhCUmc2dWRKdkxoYU5tMUFyOU5xR09WT291eGRnR2hKV3VTcEdMaUpOc3hEdkRyS3hHS3l2SGd6NUxTcjJUWlBZRE0xdzRQbFBJUzVDSTIzZmJvQ2psWl9YV2gwUzhsUnVEM3h2MnhvWTVUYXJsalc4LVFCeWJSc0puYmJ5SVRqQjBwd2VTVjJz0gHAAUFVX3lxTFBwS3A1bm5BbTVYYkg0ZUJIWl9aLW9jOTJvUmVDRXAzeGFaMmJyRE5idmVYaHNpNGwyUmJIa1J6SmNnZjl2OU81cU80T3ozRkJtZDNRdkFQODJMTUZIMWw5TGxLX3JHTFY5U3dDTXVnbFp0MGRVRVp6X2hqMXdVVGExSlJBRTRjbEg2SFlreGQwdXhPQklsNl9UMGQ4Mkl2bUZNYkx5UUU4UTIwZ1dLTEV1MnhhNEthUURob0g0SThSQw?oc=5\" target=\"_blank\" rel=\"nofollow noopener\">Pietro Fittipaldi, nieto del campe\u00f3n Emerson, se suma al equipo Cadillac para la F1 2026<\/a>&nbsp;&nbsp;El Litoral<\/li>\n<li><a href=\"https:\/\/news.google.com\/rss\/articles\/CBMipwFBVV95cUxNLXVqcndjdlNZUDdfbUhGcFJzWF9uS1VjUldQdmh6bkhYMXgxdFlIVEVxcVk3bUdQellYN2Z6WTZzQnBiRWNqOTRVRl8tSk5pRGNMbWgyVjlKOXNxaThEWENGU09TSmxDWUxZWWpXdDA0VXVVTTRzSk5NUS1SUmxxZ2FRU3NwOTZ1NHU0WHM2MnRhbVVaSzZ0SF9WSHV0azF3M1h3UE9CRdIBrAFBVV95cUxOY01VbDZZN3BMMVBtTVZpVHVDMGgzSXhPLTBEdUJ1YU16anluV2NNUTBjbTBWSFplc3pBb3JvdDFEWlRQWUNBWE9VSEttQldqNU8wcXZDUV9XZDRMdmxaSjBldjlWd3dQTDFkRkU5VERQemtIRGJVck1Fd1Q1QXRCek44QWk1ZWV2b1VZazBiaFNrSDJZa3NGZWhjUGl5MFE4WlY4R1VPQk42NDdH?oc=5\" target=\"_blank\" rel=\"nofollow noopener\">Cadillac ficha a tres pilotos de simulador: Fittipaldi, Pagenaud y Eastwood<\/a>&nbsp;&nbsp;SoyMotor.com<\/li>\n<li><a href=\"https:\/\/news.google.com\/rss\/articles\/CBMigAFBVV95cUxQOU1TV2JtZThSY0NvVnZEanJ2UEI5ZVE1TjFTT3dVQWtqdDJERmFHU3MwelZzV2lJbGZSajQ4WE5mQmp4SEpGUTVGTlpLOWI1Z1JuUGt2ZGVyLXp2U0NVS2oxUERwRmZYRUR4RVNHYkwzc0ZMRGRVdnJMZG14QnJpRA?oc=5\" target=\"_blank\" rel=\"nofollow noopener\">Cadillac F1 anuncia a sus pilotos de simulador para 2026<\/a>&nbsp;&nbsp;Motorsport.com Espa\u00f1a<\/li>\n<li><a href=\"https:\/\/news.google.com\/rss\/articles\/CBMiiAFBVV95cUxPalJGYW13VG9KR2hCeEVvcU01SUdiZDc1Znp1VE1HYmxPUzJuX0o4WU1KSVNaR0J1YmhsWTl4MkJ2Xy11eUd6aDRGVXFwbWpLaENjampoYlEyWDRTb2Y2Q2dIaXhGeTFDbmZDY0RsblJrMHV2QzItZUdBa3FmWnlyVkRDdXV3Ymdw0gGIAUFVX3lxTE8zOXc5TmxkTGs0al9RN3piRGxBNjhRMkJwNFc2U2tWNGFYSGk2bVlId1dlcjVucGxlRmc1d0E0U1FsNXhRODBxLVlWd2hoTXRnTF9oTF9yOWpCWjJIM1Y1dl9jd2ZRU2hLSXpZaEtiV1BCNzVqWGNDVFJQcGYxTVBSMS1MUmwzRzY?oc=5\" target=\"_blank\" rel=\"nofollow noopener\">El legado Fittipaldi deja la primera felicidad de Checo P\u00e9rez en Cadillac F1<\/a>&nbsp;&nbsp;MARCA<\/li>\n<li><a href=\"https:\/\/news.google.com\/rss\/articles\/CBMi3AFBVV95cUxNSlg5cmZLWmFEMGVnMW55ZkRCX0tHM1JPS1V4QU5LbFVMSlBlaHVCSFdIa1Z6bzFIMkx2YUdPaXFoLV9MUVZDOGktblY1T1FNMDQwYThaVmZlQmtHS3V6dDl3SE9Iak5iRWFEOUN0clRHVG4xbnRIUlVuYWNUTGFlVy13V2NjM3Y2QTViWktyT3plSk92MHEwRWVXSXR5QUhhNnlwR1dDUHVRY1RsbWRqSDJaXzNYbTZ4dUF3a1lzMHhLdFVDQmRJUExMT09VWlBtU20wRmxxYl9IOGhx0gHiAUFVX3lxTE9jX2EteGx5dFVRZjhEcDc1TWNLeGt6UnNMbmpEa0xraTIxbHVvQmhUTnh0SnJyclRoNEVtR1FSWkVGa1BNYnl2WFBmTVdFY0ItVW1TQ2ZONHdIZllNdG5jTGROeFcxWXpIMHAwOVBXMm1tRHpDUXM4Z0lMWDVMSFl2dWJic1VoeHJRRGVkU0p0LUZna19fRHVqMWtwZFlKQ25tU0VyclcxYkRBNUhCMmxseGJaZHlHU3IwUlREeS1HTGJwV0l3TS1adVlocUxxM2pjbnBjZHVHSGJvMDJIdUNVLUE?oc=5\" target=\"_blank\" rel=\"nofollow noopener\">\u00bfPor qu\u00e9 cr\u00edtico Schumacher a Checo P\u00e9rez y Valtteri Bottas tras su fichaje con Cadillac?<\/a>&nbsp;&nbsp;Estadio Deportes<\/li>\n<\/ol>\n","protected":false},"excerpt":{"rendered":"Pietro Fittipaldi, nieto del campe\u00f3n Emerson, se suma al equipo Cadillac para la F1 2026&nbsp;&nbsp;El Litoral Cadillac ficha&hellip;\n","protected":false},"author":2,"featured_media":151271,"comment_status":"","ping_status":"","sticky":false,"template":"","format":"standard","meta":{"footnotes":""},"categories":[270],"tags":[168,25,24,306,271,272,23,167],"class_list":{"0":"post-151818","1":"post","2":"type-post","3":"status-publish","4":"format-standard","5":"has-post-thumbnail","7":"category-formula-1","8":"tag-deportes","9":"tag-es","10":"tag-espana","11":"tag-f1","12":"tag-formula-1","13":"tag-formula1","14":"tag-spain","15":"tag-sports"},"share_on_mastodon":{"url":"","error":""},"_links":{"self":[{"href":"https:\/\/www.europesays.com\/es\/wp-json\/wp\/v2\/posts\/151818","targetHints":{"allow":["GET"]}}],"collection":[{"href":"https:\/\/www.europesays.com\/es\/wp-json\/wp\/v2\/posts"}],"about":[{"href":"https:\/\/www.europesays.com\/es\/wp-json\/wp\/v2\/types\/post"}],"author":[{"embeddable":true,"href":"https:\/\/www.europesays.com\/es\/wp-json\/wp\/v2\/users\/2"}],"replies":[{"embeddable":true,"href":"https:\/\/www.europesays.com\/es\/wp-json\/wp\/v2\/comments?post=151818"}],"version-history":[{"count":0,"href":"https:\/\/www.europesays.com\/es\/wp-json\/wp\/v2\/posts\/151818\/revisions"}],"wp:featuredmedia":[{"embeddable":true,"href":"https:\/\/www.europesays.com\/es\/wp-json\/wp\/v2\/media\/151271"}],"wp:attachment":[{"href":"https:\/\/www.europesays.com\/es\/wp-json\/wp\/v2\/media?parent=151818"}],"wp:term":[{"taxonomy":"category","embeddable":true,"href":"https:\/\/www.europesays.com\/es\/wp-json\/wp\/v2\/categories?post=151818"},{"taxonomy":"post_tag","embeddable":true,"href":"https:\/\/www.europesays.com\/es\/wp-json\/wp\/v2\/tags?post=151818"}],"curies":[{"name":"wp","href":"https:\/\/api.w.org\/{rel}","templated":true}]}}