{"id":151825,"date":"2025-10-02T01:45:04","date_gmt":"2025-10-02T01:45:04","guid":{"rendered":"https:\/\/www.europesays.com\/es\/151825\/"},"modified":"2025-10-02T01:45:04","modified_gmt":"2025-10-02T01:45:04","slug":"resuelta-la-convocatoria-de-ayudas-a-la-edicion-de-libros-de-la-comunidad-de-madrid-2025","status":"publish","type":"post","link":"https:\/\/www.europesays.com\/es\/151825\/","title":{"rendered":"Resuelta la convocatoria de ayudas a la edici\u00f3n de libros de la Comunidad de Madrid 2025"},"content":{"rendered":"<p>Dentro de los objetivos de la Consejer\u00eda de Cultura, Turismo y Deporte est\u00e1 el fomento de la actividad editora. Por ello,\u00a0se ha considerado oportuno promocionar\u00a0especialmente la edici\u00f3n de obras de inter\u00e9s cultural y cient\u00edfico realizadas por editoriales de Madrid que dif\u00edcilmente podr\u00edan publicarse\u00a0en las condiciones normales del mercado del libro comercial.<\/p>\n<p>El importe total destinado a estas ayudas ha alcanzado en este 2025 la cifra de\u00a0400.000 euros. Las obras presentadas deben pertenecer a alguna de las\u00a0siguientes categor\u00edas: obras de referencia y consulta, obras de disciplinas t\u00e9cnicas, human\u00edsticas, sociales o cient\u00edficas, obras de ficci\u00f3n y obras para el p\u00fablico infantil y juvenil. La ayuda ha de destinarse exclusivamente a los gastos de producci\u00f3n de la obra, quedando excluidos los gastos de distribuci\u00f3n y comercializaci\u00f3n.<\/p>\n<p>En 2025\u00a0se ha llevado a cabo la septima\u00a0convocatoria de estas ayudas a las que se han presentado 125\u00a0editoriales con un total de 298 proyectos. M\u00e1s de la mitad de los solicitantes han obtenido ayuda, un total de 73\u00a0editoriales y 76\u00a0proyectos.<\/p>\n<p>La resoluci\u00f3n puede consultarse en el portal <a href=\"https:\/\/sede.comunidad.madrid\/ayudas-becas-subvenciones\/ayudas-edicion-libros-2025\" rel=\"nofollow noopener\" target=\"_blank\">Administraci\u00f3n Digital\u00a0de la Comunidad de Madrid.<\/a><\/p>\n<p>\u00a0<\/p>\n<p>\u00a0<\/p>\n","protected":false},"excerpt":{"rendered":"Dentro de los objetivos de la Consejer\u00eda de Cultura, Turismo y Deporte est\u00e1 el fomento de la actividad&hellip;\n","protected":false},"author":2,"featured_media":151826,"comment_status":"","ping_status":"","sticky":false,"template":"","format":"standard","meta":{"footnotes":""},"categories":[172],"tags":[224,146,147,25,24,225,23],"class_list":{"0":"post-151825","1":"post","2":"type-post","3":"status-publish","4":"format-standard","5":"has-post-thumbnail","7":"category-libros","8":"tag-books","9":"tag-entertainment","10":"tag-entretenimiento","11":"tag-es","12":"tag-espana","13":"tag-libros","14":"tag-spain"},"share_on_mastodon":{"url":"","error":""},"_links":{"self":[{"href":"https:\/\/www.europesays.com\/es\/wp-json\/wp\/v2\/posts\/151825","targetHints":{"allow":["GET"]}}],"collection":[{"href":"https:\/\/www.europesays.com\/es\/wp-json\/wp\/v2\/posts"}],"about":[{"href":"https:\/\/www.europesays.com\/es\/wp-json\/wp\/v2\/types\/post"}],"author":[{"embeddable":true,"href":"https:\/\/www.europesays.com\/es\/wp-json\/wp\/v2\/users\/2"}],"replies":[{"embeddable":true,"href":"https:\/\/www.europesays.com\/es\/wp-json\/wp\/v2\/comments?post=151825"}],"version-history":[{"count":0,"href":"https:\/\/www.europesays.com\/es\/wp-json\/wp\/v2\/posts\/151825\/revisions"}],"wp:featuredmedia":[{"embeddable":true,"href":"https:\/\/www.europesays.com\/es\/wp-json\/wp\/v2\/media\/151826"}],"wp:attachment":[{"href":"https:\/\/www.europesays.com\/es\/wp-json\/wp\/v2\/media?parent=151825"}],"wp:term":[{"taxonomy":"category","embeddable":true,"href":"https:\/\/www.europesays.com\/es\/wp-json\/wp\/v2\/categories?post=151825"},{"taxonomy":"post_tag","embeddable":true,"href":"https:\/\/www.europesays.com\/es\/wp-json\/wp\/v2\/tags?post=151825"}],"curies":[{"name":"wp","href":"https:\/\/api.w.org\/{rel}","templated":true}]}}