{"id":151827,"date":"2025-10-02T01:46:12","date_gmt":"2025-10-02T01:46:12","guid":{"rendered":"https:\/\/www.europesays.com\/es\/151827\/"},"modified":"2025-10-02T01:46:12","modified_gmt":"2025-10-02T01:46:12","slug":"rtve-rescata-la-piramide-con-itziar-miranda-y-le-da-una-nueva-oportunidad-en-la-sobremesa","status":"publish","type":"post","link":"https:\/\/www.europesays.com\/es\/151827\/","title":{"rendered":"RTVE rescata La pir\u00e1mide con Itziar Miranda y le da una nueva oportunidad en la sobremesa"},"content":{"rendered":"<p class=\"ft-text\"><strong>&#8216;La pir\u00e1mide&#8217;<\/strong> vuelve a RTVE semanas despu\u00e9s de su retirada de La 1. <strong>Itziar Miranda <\/strong>volver\u00e1 a poner a prueba a los concursantes, esta vez en La 2 y como talonera de <a class=\"ft-link ft-link--decoration\" href=\"https:\/\/www.elperiodico.com\/es\/temas\/ganar-37337\" target=\"_blank\" rel=\"nofollow noopener\">&#8216;Saber y ganar&#8217;. <\/a><\/p>\n<p class=\"ft-text\">Fue ayer cuando el concurso volvi\u00f3 a la parrilla de la segunda cadena p\u00fablica a las 13:50 horas y sin previo aviso, para emitir la veintena de entregas que quedaron pendientes en verano.<\/p>\n<p class=\"ft-text\">&#8216;La pir\u00e1mide&#8217; lleg\u00f3 este verano a La 1 para cubrir el hueco que hab\u00eda dejado &#8216;La familia de la tele&#8217; y &#8216;El club de La Promesa&#8217;, pero sus pobres resultados hicieron que la cadena retirase el concurso de su parrilla.<\/p>\n<p class=\"ft-text\">El formato de Globomedia promedi\u00f3 un pobre 5,6% durante su transcurso en La 1. Ahora, busca mejor suerte en la segunda cadena de TVE, donde se emitir\u00e1 de lunes a viernes antes del concurso de Jordi Hurtado.<\/p>\n","protected":false},"excerpt":{"rendered":"&#8216;La pir\u00e1mide&#8217; vuelve a RTVE semanas despu\u00e9s de su retirada de La 1. Itziar Miranda volver\u00e1 a poner&hellip;\n","protected":false},"author":2,"featured_media":151828,"comment_status":"","ping_status":"","sticky":false,"template":"","format":"standard","meta":{"footnotes":""},"categories":[171],"tags":[45955,146,147,25,24,16925,9126,4289,6964,518,23,214],"class_list":{"0":"post-151827","1":"post","2":"type-post","3":"status-publish","4":"format-standard","5":"has-post-thumbnail","7":"category-tv","8":"tag-concursos-tv","9":"tag-entertainment","10":"tag-entretenimiento","11":"tag-es","12":"tag-espana","13":"tag-itziar","14":"tag-miranda","15":"tag-piramide","16":"tag-rescata","17":"tag-rtve","18":"tag-spain","19":"tag-tv"},"share_on_mastodon":{"url":"","error":""},"_links":{"self":[{"href":"https:\/\/www.europesays.com\/es\/wp-json\/wp\/v2\/posts\/151827","targetHints":{"allow":["GET"]}}],"collection":[{"href":"https:\/\/www.europesays.com\/es\/wp-json\/wp\/v2\/posts"}],"about":[{"href":"https:\/\/www.europesays.com\/es\/wp-json\/wp\/v2\/types\/post"}],"author":[{"embeddable":true,"href":"https:\/\/www.europesays.com\/es\/wp-json\/wp\/v2\/users\/2"}],"replies":[{"embeddable":true,"href":"https:\/\/www.europesays.com\/es\/wp-json\/wp\/v2\/comments?post=151827"}],"version-history":[{"count":0,"href":"https:\/\/www.europesays.com\/es\/wp-json\/wp\/v2\/posts\/151827\/revisions"}],"wp:featuredmedia":[{"embeddable":true,"href":"https:\/\/www.europesays.com\/es\/wp-json\/wp\/v2\/media\/151828"}],"wp:attachment":[{"href":"https:\/\/www.europesays.com\/es\/wp-json\/wp\/v2\/media?parent=151827"}],"wp:term":[{"taxonomy":"category","embeddable":true,"href":"https:\/\/www.europesays.com\/es\/wp-json\/wp\/v2\/categories?post=151827"},{"taxonomy":"post_tag","embeddable":true,"href":"https:\/\/www.europesays.com\/es\/wp-json\/wp\/v2\/tags?post=151827"}],"curies":[{"name":"wp","href":"https:\/\/api.w.org\/{rel}","templated":true}]}}