{"id":151829,"date":"2025-10-02T01:48:10","date_gmt":"2025-10-02T01:48:10","guid":{"rendered":"https:\/\/www.europesays.com\/es\/151829\/"},"modified":"2025-10-02T01:48:10","modified_gmt":"2025-10-02T01:48:10","slug":"james-gunn-transforma-la-pelicula-mas-violenta-de-dc-para-evitar-un-fracaso-en-cines-es-mas-dificil-vandal","status":"publish","type":"post","link":"https:\/\/www.europesays.com\/es\/151829\/","title":{"rendered":"James Gunn transforma la pel\u00edcula m\u00e1s violenta de DC para evitar un fracaso en cines: &#039;Es m\u00e1s dif\u00edcil&#039; &#8211; Vandal"},"content":{"rendered":"<ol>\n<li><a href=\"https:\/\/news.google.com\/rss\/articles\/CBMi3wFBVV95cUxQYzY1NzI5MnNXdFNnZXdPdHl3Y3F3OTFOcDFGXzVQWE85bTBxcmFhNkRqQzlLSUViWjBrS1ppWjVKaG5CajNrV1Z6Y3dEb2czMnZfc2hNOFNnYzAwbEtTRHdNc0l5bFE2RzMtUmJBRUdwZU56OS1nSk5IbE9oWlNHTzQxMElvaTVNUkh0MHdibWd3ajBRTVZocmpZZXVKS1dWYlYxSHM4VWZWSzJmZ2xGanR0QkNlNUQ3elo5a0V1dkxPbE4za1pnWTJWb2w2R1pxRE5vVUVlRVpkNHl4ekNv0gHkAUFVX3lxTE80LXFiSWw4ZWhQVEt1Y1lNSFZScDVKMEdHSU8zeldVbmRnemwzclF0VzRsWndwNWZjUjI3bW9aQ05BQUt4b1hrQml1bzA1N05EN1hUMmdLendDNE93Ti10X0NidjJ5RlpheEdBRERhQXpuTmMxTkw1ZkRMLTRjcXA3UnoyS2JDLTJ1amdTd3E0ajgxTmVkOE1BdXNOTmJiTDhOVldDemVIdktKcHpDSzduS3FwdVVXaTBvSURmUHRsMzhpdkVwY2w1QUpTeW4tZGJYSUg0am9xZGtuYzFaUXp1LWZNWQ?oc=5\" target=\"_blank\" rel=\"nofollow noopener\">James Gunn transforma la pel\u00edcula m\u00e1s violenta de DC para evitar un fracaso en cines: &#8216;Es m\u00e1s dif\u00edcil&#8217;<\/a>&nbsp;&nbsp;Vandal<\/li>\n<li><a href=\"https:\/\/news.google.com\/rss\/articles\/CBMingJBVV95cUxOQU4wbld3cXVLNE9XSE1lTXBHMnFDYnVpRXI2cUZfQ0x5VzI0NXJQU2k0SGRtOWc0bWF3ZjZfVVRHTDRyVENwYU5ZUnR3NUp5TVpoNFNraHhUNTRXTGdTVzJJZjlNTG5GSi1GSnNnUjZoSFoxbi1WSEFvMTlRaGI3amstcm5icnJ4YVFkM0V6b1dheWxLRnpHWkNJVkQ3Wmpod0VwVzg2MEplaVZUR2I2NEJIRnNRMDBvSjZkX1BEVnFraUo2SFc3R3ZMTGRRLUF0T010ZUJkRy1TOHpTR2FxQk0zMUItYlhScmxhemdKUTc2eE9QWnZVQlMweGlCeHJCenB2TW9VU0hqblJFbjJldDhvZHlUMkU4QkNSSVF3?oc=5\" target=\"_blank\" rel=\"nofollow noopener\">Es posible que no haya una tercera temporada de Peacemaker, seg\u00fan James Gunn, y los fans a los c\u00f3mics de DC est\u00e1n convencidos de saber por qu\u00e9<\/a>&nbsp;&nbsp;TechRadar<\/li>\n<li><a href=\"https:\/\/news.google.com\/rss\/articles\/CBMiyAFBVV95cUxOVkJmMDd4c1JMbG9kX0gwQXNfaTBZTm9ZNDM3RzBMbThFejIyc1IzNUtacUZIdUdxekZOSHpsTGgzb0E3RHRuRVNJZEFCTFZiRVNXQWhkaDdsdW13TF9BeWp1NndEY1VRc1lwenZ2Sl9qekNOUDZsSExkYlpDUmF1eDh3MnBYSnNfaHg2Q3JEeFpxN014cVQ2ZnpEd0JrTHBtaC1OSGtTSjM5TjFwcFFnU1BJZXlTMks0VEJWdHNXb1ZoaXpUcmRuZQ?oc=5\" target=\"_blank\" rel=\"nofollow noopener\">James Gunn no se olvida de The Authority en el Universo DC y ofrece novedades algo ambiguas del proyecto<\/a>&nbsp;&nbsp;Hobby Consolas<\/li>\n<li><a href=\"https:\/\/news.google.com\/rss\/articles\/CBMivAFBVV95cUxPLUFDMlJMT2tYZ0RURnZLblktT2dxU1pESFNtMDk2c3h4Sjd2OXJCWFBEWGdKaEJBbmJkcnVTM2MwSENMb1lNM3BQeXcxRHNlQTB5Zm1uMENhMDNpVkU1VC1CbkNoaW4xTTJJVWdwTEtvdWdHT0F3RVJjb19CZFA5U3JGSVg3SUFmdE9pMWMzSFpTMGphMkVyMzJ2UDJiQzRYQkdUdHpGRGF3RUpxTUdXcEZQQmI1YVRjZ19uQQ?oc=5\" target=\"_blank\" rel=\"nofollow noopener\">\u00bfHabr\u00e1 la temporada 3 de \u201cPacificador\u201d? James Gan dice que es complicado<\/a>&nbsp;&nbsp;mascipolletti.com.ar<\/li>\n<li><a href=\"https:\/\/news.google.com\/rss\/articles\/CBMieEFVX3lxTE1GQnFRNzZPWS14eTloM1IxaG42cWxmVW5nY08yVnlVYXR5R2hKQ3hnbGhYM3RXQ1NHLWJBbGdrRWMxUEhWODRZZlk2ZzZ0TDNsR0kwVFUwWjctQVlkYjFidE5sUmZfa19LLUd4Y1luSjdRbG5kU21JZA?oc=5\" target=\"_blank\" rel=\"nofollow noopener\">James Gunn abre la puerta a cambios en Peacemaker y el futuro de The Authority<\/a>&nbsp;&nbsp;La Casa de EL<\/li>\n<\/ol>\n","protected":false},"excerpt":{"rendered":"James Gunn transforma la pel\u00edcula m\u00e1s violenta de DC para evitar un fracaso en cines: &#8216;Es m\u00e1s dif\u00edcil&#8217;&nbsp;&nbsp;Vandal&hellip;\n","protected":false},"author":2,"featured_media":151830,"comment_status":"","ping_status":"","sticky":false,"template":"","format":"standard","meta":{"footnotes":""},"categories":[169],"tags":[177,146,147,25,24,2065,176,175,23],"class_list":{"0":"post-151829","1":"post","2":"type-post","3":"status-publish","4":"format-standard","5":"has-post-thumbnail","7":"category-cine","8":"tag-cine","9":"tag-entertainment","10":"tag-entretenimiento","11":"tag-es","12":"tag-espana","13":"tag-faltan-tags","14":"tag-film","15":"tag-movies","16":"tag-spain"},"share_on_mastodon":{"url":"","error":""},"_links":{"self":[{"href":"https:\/\/www.europesays.com\/es\/wp-json\/wp\/v2\/posts\/151829","targetHints":{"allow":["GET"]}}],"collection":[{"href":"https:\/\/www.europesays.com\/es\/wp-json\/wp\/v2\/posts"}],"about":[{"href":"https:\/\/www.europesays.com\/es\/wp-json\/wp\/v2\/types\/post"}],"author":[{"embeddable":true,"href":"https:\/\/www.europesays.com\/es\/wp-json\/wp\/v2\/users\/2"}],"replies":[{"embeddable":true,"href":"https:\/\/www.europesays.com\/es\/wp-json\/wp\/v2\/comments?post=151829"}],"version-history":[{"count":0,"href":"https:\/\/www.europesays.com\/es\/wp-json\/wp\/v2\/posts\/151829\/revisions"}],"wp:featuredmedia":[{"embeddable":true,"href":"https:\/\/www.europesays.com\/es\/wp-json\/wp\/v2\/media\/151830"}],"wp:attachment":[{"href":"https:\/\/www.europesays.com\/es\/wp-json\/wp\/v2\/media?parent=151829"}],"wp:term":[{"taxonomy":"category","embeddable":true,"href":"https:\/\/www.europesays.com\/es\/wp-json\/wp\/v2\/categories?post=151829"},{"taxonomy":"post_tag","embeddable":true,"href":"https:\/\/www.europesays.com\/es\/wp-json\/wp\/v2\/tags?post=151829"}],"curies":[{"name":"wp","href":"https:\/\/api.w.org\/{rel}","templated":true}]}}