{"id":151832,"date":"2025-10-02T01:55:16","date_gmt":"2025-10-02T01:55:16","guid":{"rendered":"https:\/\/www.europesays.com\/es\/151832\/"},"modified":"2025-10-02T01:55:16","modified_gmt":"2025-10-02T01:55:16","slug":"una-prueba-inedita-da-un-giro-de-guion-a-uno-de-los-casos-mas-mediaticos-en-espana","status":"publish","type":"post","link":"https:\/\/www.europesays.com\/es\/151832\/","title":{"rendered":"una prueba in\u00e9dita da un giro de guion a uno de los casos m\u00e1s medi\u00e1ticos en Espa\u00f1a"},"content":{"rendered":"<p data-gtm-element-container=\"modulo-texto-link\" class=\"paragraph\">Hace m\u00e1s de 30 a\u00f1os que tuvo lugar uno de los cr\u00edmenes que m\u00e1s ha marcado la historia de <strong>Espa\u00f1a<\/strong>. El 27 de enero de 1993, dos meses despu\u00e9s de las desapariciones, <strong>se hallaron los tres cad\u00e1veres que correspond\u00eda a las ni\u00f1as de Alc\u00e0sser.<\/strong>\u00a0Las autoridades encontraron en una fosa excavada los cuerpos de <strong>M\u00edriam, Desir\u00e9e y To\u00f1i,<\/strong> las tres menores que fueron violadas y asesinadas en el municipio valenciano.<\/p>\n<p data-gtm-element-container=\"modulo-texto-link\" class=\"paragraph\">Ese fat\u00eddico d\u00eda,\u00a0unos apicultores se dirigieron a revisar el estado de sus colmenas cuando <strong>hallaron un brazo humano parcialmente desenterrado en la zona<\/strong>. Las autoridades excavaron para extraer el cuerpo, cuando descubrieron que en realidad hab\u00eda tres cad\u00e1veres en la misma fosa.<\/p>\n<p>                <img loading=\"lazy\" decoding=\"async\" data-full-src=\"https:\/\/www.mundodeportivo.com\/uploads\/2023\/01\/27\/63d38f12e64cb.jpeg\" alt=\"V\u00edctimas del caso Alc\u00e0sser\" width=\"449\" height=\"314\" src=\"https:\/\/www.europesays.com\/es\/wp-content\/uploads\/2025\/10\/63d38f12e64cb.r_d.699-350.jpeg\" class=\"lazy\"\/><\/p>\n<p class=\"caption-title \">V\u00edctimas del caso Alc\u00e0sser<\/p>\n<p data-gtm-element-container=\"modulo-texto-link\" class=\"paragraph\">Pese al estado deteriorado de los cuerpos, los expertos apuntaron que pod\u00edan corresponder <strong>a las tres ni\u00f1as de Alc\u00e0sser <\/strong>desaparecidas en el mes de noviembre del 1992.  Las autoridades confirmaron la identidad de los cad\u00e1veres y, tres d\u00edas m\u00e1s tarde, <strong>m\u00e1s de 30.000 personas <\/strong>llenaron las calles del municipio valenciano para acompa\u00f1ar a los familiares de las v\u00edctimas en un emotivo funeral.<\/p>\n<p>                <img loading=\"lazy\" decoding=\"async\" data-full-src=\"https:\/\/www.mundodeportivo.com\/uploads\/2023\/01\/27\/63d398ed23722.png\" alt=\"Los principales sospechosos del caso Alc\u00e0sser\" width=\"449\" height=\"253\" src=\"https:\/\/www.europesays.com\/es\/wp-content\/uploads\/2025\/10\/63d398ed23722.r_d.1602-547.png\" class=\"lazy\"\/><\/p>\n<p class=\"caption-title \">Los principales sospechosos del caso Alc\u00e0sser<\/p>\n<p data-gtm-element-container=\"modulo-texto-link\" class=\"paragraph\">El d\u00eda del hallazgo,\u00a0la polic\u00eda identific\u00f3 a los sospechosos de la violaci\u00f3n, tortura y asesinato de las tres menores. Las autoridades barajaron tres nombres: <strong>Miguel Ricart y los hermanos Angl\u00e9s, Enrique y Antonio.<\/strong><\/p>\n<p data-gtm-element-container=\"modulo-texto-link\" class=\"paragraph\">De los tres implicados, solo <strong>Miguel Ricart<\/strong> declar\u00f3 ante el juez y fue condenado a prisi\u00f3n por la justicia. <strong>Antonio Angl\u00e9s todav\u00eda se encuentra en busca y captura tras darse a la fuga despu\u00e9s de cometer el crimen presuntamente.<\/strong> Ricart dej\u00f3 claro que se hab\u00eda sentido obligado a participar en el triple crimen bajo amenaza de muerte y que los cerebros de la trama fueron <strong>Antonio Angl\u00e9s <\/strong>y su hermano.<strong>\u00a0La causa sigue abierta, pero el pr\u00f3ximo mes de diciembre de 2029 los hechos prescribir\u00e1n.<\/strong><\/p>\n<p>                <img loading=\"lazy\" decoding=\"async\" data-full-src=\"https:\/\/www.mundodeportivo.com\/uploads\/2022\/12\/23\/63a55741c2f2e.jpeg\" alt=\"Miguel Ricart, el asesino de Alc\u00e0sser\" width=\"449\" height=\"337\" src=\"https:\/\/www.europesays.com\/es\/wp-content\/uploads\/2025\/10\/63a55741c2f2e.r_d.589-373.jpeg\" class=\"lazy\"\/><\/p>\n<p class=\"caption-title \">Miguel Ricart, el asesino de Alc\u00e0sser<\/p>\n<p>                    EFE<\/p>\n<p data-gtm-element-container=\"modulo-texto-link\" class=\"paragraph\">Ahora, el crimin\u00f3logo <strong>F\u00e9lix R\u00edos<\/strong> ha descubierto una nueva prueba en este crimen, que hasta ahora hab\u00eda sido in\u00e9dito, y se ha personado en el caso. Estamos hablando de <strong>una mancha de sangre<\/strong> que ha sido encontrada en uno de los coches donde estaban las v\u00edctimas y que abre una nueva v\u00eda de investigaci\u00f3n.<\/p>\n<p>                <img loading=\"lazy\" decoding=\"async\" data-full-src=\"https:\/\/www.mundodeportivo.com\/uploads\/2025\/10\/01\/68dd3dc69b15f.png\" alt=\"F\u00e9lix R\u00edos, crimin\u00f3logo, en 'Animales Humanos'\" width=\"449\" height=\"240\" src=\"https:\/\/www.europesays.com\/es\/wp-content\/uploads\/2025\/10\/68dd3dc69b15f.png\" class=\"lazy\"\/><\/p>\n<p class=\"caption-title \">F\u00e9lix R\u00edos, crimin\u00f3logo, en &#8216;Animales Humanos&#8217;<\/p>\n<p>                    Youtube<\/p>\n<p>    Lee tambi\u00e9n<\/p>\n<p data-gtm-element-container=\"modulo-texto-link\" class=\"paragraph\">En el p\u00f3dcast de &#8216;<strong>Animales Humanos&#8217;<\/strong>, el citado crimin\u00f3logo ha contado que \u00able propondremos al juez hacer pruebas forenses modernas respecto a los puntos negros de la investigaci\u00f3n. <strong>De esas pruebas solamente han llegado los resultados de una, la reinspecci\u00f3n de los coches, y justamente encontramos manchas de sangre<\/strong>\u00ab.<\/p>\n","protected":false},"excerpt":{"rendered":"Hace m\u00e1s de 30 a\u00f1os que tuvo lugar uno de los cr\u00edmenes que m\u00e1s ha marcado la historia&hellip;\n","protected":false},"author":2,"featured_media":151833,"comment_status":"","ping_status":"","sticky":false,"template":"","format":"standard","meta":{"footnotes":""},"categories":[8],"tags":[17,18,25,24,13,14,11,19,20,9,10,15,16,23,12,21,22],"class_list":{"0":"post-151832","1":"post","2":"type-post","3":"status-publish","4":"format-standard","5":"has-post-thumbnail","7":"category-espana","8":"tag-breaking-news","9":"tag-breakingnews","10":"tag-es","11":"tag-espana","12":"tag-featured-news","13":"tag-featurednews","14":"tag-headlines","15":"tag-latest-news","16":"tag-latestnews","17":"tag-news","18":"tag-noticias","19":"tag-noticias-destacadas","20":"tag-noticiasdestacadas","21":"tag-spain","22":"tag-titulares","23":"tag-ultimas-noticias","24":"tag-ultimasnoticias"},"share_on_mastodon":{"url":"","error":""},"_links":{"self":[{"href":"https:\/\/www.europesays.com\/es\/wp-json\/wp\/v2\/posts\/151832","targetHints":{"allow":["GET"]}}],"collection":[{"href":"https:\/\/www.europesays.com\/es\/wp-json\/wp\/v2\/posts"}],"about":[{"href":"https:\/\/www.europesays.com\/es\/wp-json\/wp\/v2\/types\/post"}],"author":[{"embeddable":true,"href":"https:\/\/www.europesays.com\/es\/wp-json\/wp\/v2\/users\/2"}],"replies":[{"embeddable":true,"href":"https:\/\/www.europesays.com\/es\/wp-json\/wp\/v2\/comments?post=151832"}],"version-history":[{"count":0,"href":"https:\/\/www.europesays.com\/es\/wp-json\/wp\/v2\/posts\/151832\/revisions"}],"wp:featuredmedia":[{"embeddable":true,"href":"https:\/\/www.europesays.com\/es\/wp-json\/wp\/v2\/media\/151833"}],"wp:attachment":[{"href":"https:\/\/www.europesays.com\/es\/wp-json\/wp\/v2\/media?parent=151832"}],"wp:term":[{"taxonomy":"category","embeddable":true,"href":"https:\/\/www.europesays.com\/es\/wp-json\/wp\/v2\/categories?post=151832"},{"taxonomy":"post_tag","embeddable":true,"href":"https:\/\/www.europesays.com\/es\/wp-json\/wp\/v2\/tags?post=151832"}],"curies":[{"name":"wp","href":"https:\/\/api.w.org\/{rel}","templated":true}]}}