{"id":151834,"date":"2025-10-02T02:07:04","date_gmt":"2025-10-02T02:07:04","guid":{"rendered":"https:\/\/www.europesays.com\/es\/151834\/"},"modified":"2025-10-02T02:07:04","modified_gmt":"2025-10-02T02:07:04","slug":"el-palo-de-rasmussen-a-mattias-skjelmose-tras-su-critica-a-juan-ayuso-por-el-liderato-en-lidl-trek-es-un-aspirante-mas-serio-al-podio-del-tour","status":"publish","type":"post","link":"https:\/\/www.europesays.com\/es\/151834\/","title":{"rendered":"El palo de Rasmussen a Mattias Skjelmose tras su cr\u00edtica a Juan Ayuso por el liderato en Lidl-Trek: \u00abEs un aspirante m\u00e1s serio al podio del Tour\u00bb"},"content":{"rendered":"<p>El fichaje de <b data-testid=\"body-text-bold\">Juan Ayuso<\/b> por el Lidl-Trek parece haber alterado los <b data-testid=\"body-text-bold\">equilibrios dentro del equipo<\/b>, especialmente despu\u00e9s de las declaraciones de<b data-testid=\"body-text-bold\"> Mattias Skjelmose<\/b>, quien admiti\u00f3 tener <b data-testid=\"body-text-bold\">ciertas dudas sobre su rol<\/b> tras la llegada del ciclista espa\u00f1ol. El dan\u00e9s se\u00f1al\u00f3 que, desde hace un par de a\u00f1os, le vienen diciendo que el equipo quiere construir un proyecto en torno a \u00e9l, por lo que confes\u00f3: \u00ab<b data-testid=\"body-text-bold\">No s\u00e9 c\u00f3mo encaja la llegada de Ayuso<\/b>\u00ab.<\/p>\n<p><img decoding=\"async\" class=\"text-transparent h-full w-full object-cover\" src=\"https:\/\/www.europesays.com\/es\/wp-content\/uploads\/2025\/10\/image-bc6dd828-f285-4c53-8977-d35a21754a72-85-2560-1440.jpeg\" alt=\"picture\" data-testid=\"image-high-res\"\/><\/p>\n<p class=\"caption-s6-fx\">Final 7\u00aa etapa: Juan Ayuso \u2018no rebla\u2019 y emerge en Cerler con una heroica victoria<\/p>\n<p class=\"caption-s6-fx\">Autor del v\u00eddeo: Eurosport<\/p>\n<p>Sin embargo, <b data-testid=\"body-text-bold\">Michael Rasmussen<\/b>, exciclista dan\u00e9s, sali\u00f3 en <b data-testid=\"body-text-bold\">defensa de Ayuso<\/b> en declaraciones a Viaplay: \u00ab<b data-testid=\"body-text-bold\">Claramente, tiene m\u00e1s calidad que Skjelmose<\/b>\u00ab. Adem\u00e1s, defendi\u00f3 el palmar\u00e9s del joven espa\u00f1ol: \u00abHa ganado mucho m\u00e1s y tiene dos a\u00f1os menos que Mattias\u00bb, afirm\u00f3 Rasmussen.<\/p>\n<blockquote class=\"wrapping-break-word mb-5 caps-s3-rs font-bold uppercase\"><p>Ayuso es mucho m\u00e1s probable que llegue a ser un serio aspirante al podio del Tour de Francia, de lo que Skjelmose ser\u00e1 jam\u00e1s<\/p><\/blockquote>\n<p>Seg\u00fan Rasmussen, Ayuso tiene muchas m\u00e1s probabilidades de convertirse en un <b data-testid=\"body-text-bold\">serio aspirante<\/b> al podio del <b data-testid=\"body-text-bold\">Tour de Francia<\/b> que Skjelmose. Por ello, considera que el dan\u00e9s \u00ab<b data-testid=\"body-text-bold\">debe centrarse en el Giro<\/b>\u00ab, ya que \u00abnunca se acercar\u00e1 a un podio del Tour de Francia\u00bb. En cambio, en la Corsa Rosa, \u00abs<b data-testid=\"body-text-bold\">i la lista de salida es favorable<\/b>\u00ab, podr\u00eda \u00abso\u00f1ar con terminar en el podio\u00bb.<\/p>\n<blockquote class=\"wrapping-break-word mb-5 caps-s3-rs font-bold uppercase\"><p>SKJELMOSE NUNCA PODR\u00c1 ASPIRAR AL PODIO DEL TOUR<\/p><\/blockquote>\n<p>De cara al futuro, se espera que Ayuso apueste por el doblete <b data-testid=\"body-text-bold\">Tour\u2013Vuelta<\/b>, mientras que Skjelmose podr\u00eda reforzar su <b data-testid=\"body-text-bold\">palmar\u00e9s en las cl\u00e1sicas de las Ardenas<\/b>, donde ya ha demostrado progresos importantes, como su <b data-testid=\"body-text-bold\">victoria sobre Pogacar<\/b> en la <b data-testid=\"body-text-bold\">Amstel Gold Race<\/b> de 2025. Adem\u00e1s, con el <b data-testid=\"body-text-bold\">aumento de la inversi\u00f3n de Lidl <\/b>en el equipo, se espera que Skjelmose d\u00e9 un paso adelante tras un 2025 bastante <b data-testid=\"body-text-bold\">accidentado<\/b>.<\/p>\n<p><img decoding=\"async\" class=\"text-transparent h-full w-full object-cover\" src=\"https:\/\/www.europesays.com\/es\/wp-content\/uploads\/2025\/10\/4120178-83541208-2560-1440.jpg\" alt=\"picture\" data-testid=\"image-high-res\"\/><\/p>\n<p class=\"caption-s6-fx\">Resumen Amstel Gold Race: Skjelmose vuelve m\u00e1s bonito el ciclismo y le hace la pascua a dos leyendas<\/p>\n<p class=\"caption-s6-fx\">Autor del v\u00eddeo: Eurosport<\/p>\n","protected":false},"excerpt":{"rendered":"El fichaje de Juan Ayuso por el Lidl-Trek parece haber alterado los equilibrios dentro del equipo, especialmente despu\u00e9s&hellip;\n","protected":false},"author":2,"featured_media":151835,"comment_status":"","ping_status":"","sticky":false,"template":"","format":"standard","meta":{"footnotes":""},"categories":[273],"tags":[313,312,168,25,24,4657,23,167,45956],"class_list":{"0":"post-151834","1":"post","2":"type-post","3":"status-publish","4":"format-standard","5":"has-post-thumbnail","7":"category-ciclismo","8":"tag-ciclismo","9":"tag-cycling","10":"tag-deportes","11":"tag-es","12":"tag-espana","13":"tag-juan-ayuso","14":"tag-spain","15":"tag-sports","16":"tag-uec-road-european-championships"},"share_on_mastodon":{"url":"","error":""},"_links":{"self":[{"href":"https:\/\/www.europesays.com\/es\/wp-json\/wp\/v2\/posts\/151834","targetHints":{"allow":["GET"]}}],"collection":[{"href":"https:\/\/www.europesays.com\/es\/wp-json\/wp\/v2\/posts"}],"about":[{"href":"https:\/\/www.europesays.com\/es\/wp-json\/wp\/v2\/types\/post"}],"author":[{"embeddable":true,"href":"https:\/\/www.europesays.com\/es\/wp-json\/wp\/v2\/users\/2"}],"replies":[{"embeddable":true,"href":"https:\/\/www.europesays.com\/es\/wp-json\/wp\/v2\/comments?post=151834"}],"version-history":[{"count":0,"href":"https:\/\/www.europesays.com\/es\/wp-json\/wp\/v2\/posts\/151834\/revisions"}],"wp:featuredmedia":[{"embeddable":true,"href":"https:\/\/www.europesays.com\/es\/wp-json\/wp\/v2\/media\/151835"}],"wp:attachment":[{"href":"https:\/\/www.europesays.com\/es\/wp-json\/wp\/v2\/media?parent=151834"}],"wp:term":[{"taxonomy":"category","embeddable":true,"href":"https:\/\/www.europesays.com\/es\/wp-json\/wp\/v2\/categories?post=151834"},{"taxonomy":"post_tag","embeddable":true,"href":"https:\/\/www.europesays.com\/es\/wp-json\/wp\/v2\/tags?post=151834"}],"curies":[{"name":"wp","href":"https:\/\/api.w.org\/{rel}","templated":true}]}}