{"id":151836,"date":"2025-10-02T02:08:08","date_gmt":"2025-10-02T02:08:08","guid":{"rendered":"https:\/\/www.europesays.com\/es\/151836\/"},"modified":"2025-10-02T02:08:08","modified_gmt":"2025-10-02T02:08:08","slug":"como-responde-sauber-al-pobre-record-de-clasificacion-de-hulkenberg-frente-a-bortoleto","status":"publish","type":"post","link":"https:\/\/www.europesays.com\/es\/151836\/","title":{"rendered":"C\u00f3mo responde Sauber al pobre r\u00e9cord de clasificaci\u00f3n de H\u00fclkenberg frente a Bortoleto"},"content":{"rendered":"<p>El jefe de Sauber, Jonathan Wheatley, descart\u00f3 cualquier preocupaci\u00f3n sobre que Nico H\u00fclkenberg est\u00e9 siendo batido regularmente por su compa\u00f1ero novato en F\u00f3rmula 1, Gabriel Bortoleto, en las sesiones de clasificaci\u00f3n.<\/p>\n<p>Bortoleto mantiene un balance de 13-7 sobre H\u00fclkenberg este a\u00f1o, 11-6 si no se cuentan las sprints, en lo que ha sido una campa\u00f1a impresionante para el vigente campe\u00f3n de F2, que ya suma cinco apariciones en Q3.<\/p>\n<p>Por supuesto, estas cifras podr\u00edan usarse para criticar a H\u00fclkenberg m\u00e1s que para elogiar a Bortoleto, pero Wheatley descarta esa lectura, dado que el alem\u00e1n de 38 a\u00f1os ha tenido una temporada s\u00f3lida por derecho propio.<\/p>\n<p>H\u00fclkenberg finalmente rompi\u00f3 su maldici\u00f3n en F1 al subir al podio por primera vez con un tercer puesto en el Gran Premio de Gran Breta\u00f1a de este a\u00f1o, y actualmente ocupa el 10\u00ba lugar del campeonato, ocho posiciones por delante de Bortoleto, con 19 puntos m\u00e1s.<\/p>\n<p>As\u00ed que, cuando se le pregunt\u00f3 si hab\u00eda preocupaci\u00f3n por el r\u00e9cord en clasificaci\u00f3n, Wheatley respondi\u00f3: \u00abEs una pregunta que me hacen cada vez m\u00e1s seguido ahora. Personalmente no siento que haya ning\u00fan problema fundamental aqu\u00ed, de verdad que no\u00bb.<\/p>\n<p>\u00abNico es un piloto tremendamente experimentado y r\u00e1pido. Muchas, muchas veces ha sido superado por mil\u00e9simas, cent\u00e9simas. No siempre es algo importante\u00bb.<\/p>\n<p>   <img decoding=\"async\" draggable=\"false\" src=\"https:\/\/cdn.motorsport.com\/images\/mgl\/0oOynDb0\/s1000\/jonathan-wheatley-team-princip.jpg\" alt=\"Jonathan Wheatley, jefe de Sauber\" width=\"1200\" height=\"800\" loading=\"lazy\"\/> <\/p>\n<p class=\"title\">Jonathan Wheatley, jefe de Sauber<\/p>\n<p class=\"photographer\">Photo by: Bryn Lennon \/ Formula 1 \/ Getty Images<\/p>\n<p>\u00abPasamos mucho tiempo hablando de que Nico nunca hab\u00eda subido al podio. Ya lo hemos conseguido. Honestamente pienso que esto es solo algo transitorio\u00bb.<\/p>\n<p>\u00abGabriel tambi\u00e9n es r\u00e1pido. Si uno de los dos logra redondear la vuelta, uno va a superar al otro en clasificaci\u00f3n\u00bb.<\/p>\n<p>\u00abCreo que Gabriel ha coincidido con una racha de circuitos con los que est\u00e1 m\u00e1s familiarizado. En el caso de Nico, no pienso que haya nada grande que superar, simplemente lo va a encadenar todo en alg\u00fan momento\u00bb.<\/p>\n<p>La familiaridad con los circuitos ha sido sin duda clave para Bortoleto, que ha superado a H\u00fclkenberg en las \u00faltimas ocho clasificaciones, en un tramo que abarc\u00f3 Austria, Gran Breta\u00f1a, B\u00e9lgica, Hungr\u00eda, Pa\u00edses Bajos, Italia y Azerbaiy\u00e1n.<\/p>\n<p>Todos estos circuitos estaban en el calendario de F2 durante el a\u00f1o en que el brasile\u00f1o se coron\u00f3 campe\u00f3n, por lo que el joven de 20 a\u00f1os ha ido construyendo de manera impresionante su temporada tras un arranque relativamente lento.<\/p>\n<p>As\u00ed, ha llamado la atenci\u00f3n de muchos, incluso si no siempre ha sido recompensado con grandes resultados, y la reacci\u00f3n de Bortoleto en los d\u00edas malos es lo que m\u00e1s destaca para su jefe.<\/p>\n<p>   <img decoding=\"async\" draggable=\"false\" src=\"https:\/\/cdn.motorsport.com\/images\/mgl\/6D1yaMV0\/s1000\/gabriel-bortoleto-sauber.jpg\" alt=\"Gabriel Bortoleto, Sauber\" width=\"1200\" height=\"800\" loading=\"lazy\"\/> <\/p>\n<p class=\"title\">Gabriel Bortoleto, Sauber<\/p>\n<p class=\"photographer\">Photo by: Andy Hone\/ LAT Images via Getty Images<\/p>\n<p>\u00abEs m\u00e1s sabio de lo que corresponde a su edad\u00bb, a\u00f1adi\u00f3 Wheatley, despu\u00e9s de que Bortoleto terminara 15\u00ba en Zandvoort el mes pasado. \u00abManej\u00f3 el debrief de manera brillante. Tras una carrera muy frustrante, nuevamente, la forma en la que se est\u00e1 desarrollando, no podr\u00eda pedir m\u00e1s como jefe de equipo\u00bb.<\/p>\n<p>\u00abEst\u00e1 haciendo todo lo que se espera de un piloto joven, mostrando una madurez incre\u00edble. Y cuando el coche lo permite, cumple\u00bb.<\/p>\n<p>Informaci\u00f3n adicional por Oleg Karpov y Stuart Codling<\/p>\n<p>M\u00e1s de la F\u00f3rmula 1:<\/p>\n","protected":false},"excerpt":{"rendered":"El jefe de Sauber, Jonathan Wheatley, descart\u00f3 cualquier preocupaci\u00f3n sobre que Nico H\u00fclkenberg est\u00e9 siendo batido regularmente por&hellip;\n","protected":false},"author":2,"featured_media":151837,"comment_status":"","ping_status":"","sticky":false,"template":"","format":"standard","meta":{"footnotes":""},"categories":[270],"tags":[37379,45957,168,25,24,306,271,272,1230,2107,37378,2098,2093,23,167],"class_list":{"0":"post-151836","1":"post","2":"type-post","3":"status-publish","4":"format-standard","5":"has-post-thumbnail","7":"category-formula-1","8":"tag-baku-city-circuit","9":"tag-cu00f3mo-responde-sauber-al-pobre-ru00e9cord-de-clasificaciu00f3n-de-hu00fclkenberg-frente-a-bortoleto","10":"tag-deportes","11":"tag-es","12":"tag-espana","13":"tag-f1","14":"tag-formula-1","15":"tag-formula1","16":"tag-fu00f3rmula-1","17":"tag-gabriel-bortoleto","18":"tag-gp-de-azerbaiyu00e1n","19":"tag-nico-hulkenberg","20":"tag-sauber-f1-team","21":"tag-spain","22":"tag-sports"},"share_on_mastodon":{"url":"","error":""},"_links":{"self":[{"href":"https:\/\/www.europesays.com\/es\/wp-json\/wp\/v2\/posts\/151836","targetHints":{"allow":["GET"]}}],"collection":[{"href":"https:\/\/www.europesays.com\/es\/wp-json\/wp\/v2\/posts"}],"about":[{"href":"https:\/\/www.europesays.com\/es\/wp-json\/wp\/v2\/types\/post"}],"author":[{"embeddable":true,"href":"https:\/\/www.europesays.com\/es\/wp-json\/wp\/v2\/users\/2"}],"replies":[{"embeddable":true,"href":"https:\/\/www.europesays.com\/es\/wp-json\/wp\/v2\/comments?post=151836"}],"version-history":[{"count":0,"href":"https:\/\/www.europesays.com\/es\/wp-json\/wp\/v2\/posts\/151836\/revisions"}],"wp:featuredmedia":[{"embeddable":true,"href":"https:\/\/www.europesays.com\/es\/wp-json\/wp\/v2\/media\/151837"}],"wp:attachment":[{"href":"https:\/\/www.europesays.com\/es\/wp-json\/wp\/v2\/media?parent=151836"}],"wp:term":[{"taxonomy":"category","embeddable":true,"href":"https:\/\/www.europesays.com\/es\/wp-json\/wp\/v2\/categories?post=151836"},{"taxonomy":"post_tag","embeddable":true,"href":"https:\/\/www.europesays.com\/es\/wp-json\/wp\/v2\/tags?post=151836"}],"curies":[{"name":"wp","href":"https:\/\/api.w.org\/{rel}","templated":true}]}}