{"id":151838,"date":"2025-10-02T02:10:08","date_gmt":"2025-10-02T02:10:08","guid":{"rendered":"https:\/\/www.europesays.com\/es\/151838\/"},"modified":"2025-10-02T02:10:08","modified_gmt":"2025-10-02T02:10:08","slug":"napoles-sporting-portugal-en-directo","status":"publish","type":"post","link":"https:\/\/www.europesays.com\/es\/151838\/","title":{"rendered":"N\u00e1poles &#8211; Sporting Portugal en directo"},"content":{"rendered":"<p> \u00daltimo hora del N\u00e1poles &#8211; Sporting en directo:<\/p>\n<p class=\"ue-c-article__paragraph \"><strong>\u00a1Buenas tardes! <\/strong>La Champions League ha iniciado su segunda jornada. <strong>Uno de los partidos m\u00e1s atractivos <\/strong>es el que enfrentar\u00e1 al <strong>N\u00e1poles frente al Sporting de Portugal.<\/strong><\/p>\n<p class=\"ue-c-article__paragraph \">Los italianos llegan tras sufrir el <strong>primer tropiezo en la Serie A frente al AC Mil\u00e1n por 2-1<\/strong>. No obstante, los vigentes campeones se mantienen col\u00edderes con el mismo Mil\u00e1n. <strong>En la Liga de Campeones sufrieron una dolorosa derrota ante el Manchester City<\/strong> en la primera jornada. <strong>La expulsi\u00f3n de Di Lorenzo en el minuto 20 fue clave en la derrota.<\/strong><\/p>\n<p class=\"ue-c-article__paragraph \">El Sporting de Portugal llega tambi\u00e9n en buena din\u00e1mica. <strong>Segundos en la liga portuguesa<\/strong> por detr\u00e1s del Oporto y <strong>llegan tras ganar 0-1 al Estoril<\/strong>. En la Champions <strong>vencieron c\u00f3modamente al Kairat de Kazajist\u00e1n por 4-1.<\/strong><\/p>\n","protected":false},"excerpt":{"rendered":"\u00daltimo hora del N\u00e1poles &#8211; Sporting en directo: \u00a1Buenas tardes! La Champions League ha iniciado su segunda jornada.&hellip;\n","protected":false},"author":2,"featured_media":151839,"comment_status":"","ping_status":"","sticky":false,"template":"","format":"standard","meta":{"footnotes":""},"categories":[268],"tags":[1241,168,25,24,280,282,281,23,40679,167],"class_list":{"0":"post-151838","1":"post","2":"type-post","3":"status-publish","4":"format-standard","5":"has-post-thumbnail","7":"category-futbol","8":"tag-champions-league","9":"tag-deportes","10":"tag-es","11":"tag-espana","12":"tag-football","13":"tag-futbol","14":"tag-soccer","15":"tag-spain","16":"tag-sporting-lisboa","17":"tag-sports"},"share_on_mastodon":{"url":"","error":""},"_links":{"self":[{"href":"https:\/\/www.europesays.com\/es\/wp-json\/wp\/v2\/posts\/151838","targetHints":{"allow":["GET"]}}],"collection":[{"href":"https:\/\/www.europesays.com\/es\/wp-json\/wp\/v2\/posts"}],"about":[{"href":"https:\/\/www.europesays.com\/es\/wp-json\/wp\/v2\/types\/post"}],"author":[{"embeddable":true,"href":"https:\/\/www.europesays.com\/es\/wp-json\/wp\/v2\/users\/2"}],"replies":[{"embeddable":true,"href":"https:\/\/www.europesays.com\/es\/wp-json\/wp\/v2\/comments?post=151838"}],"version-history":[{"count":0,"href":"https:\/\/www.europesays.com\/es\/wp-json\/wp\/v2\/posts\/151838\/revisions"}],"wp:featuredmedia":[{"embeddable":true,"href":"https:\/\/www.europesays.com\/es\/wp-json\/wp\/v2\/media\/151839"}],"wp:attachment":[{"href":"https:\/\/www.europesays.com\/es\/wp-json\/wp\/v2\/media?parent=151838"}],"wp:term":[{"taxonomy":"category","embeddable":true,"href":"https:\/\/www.europesays.com\/es\/wp-json\/wp\/v2\/categories?post=151838"},{"taxonomy":"post_tag","embeddable":true,"href":"https:\/\/www.europesays.com\/es\/wp-json\/wp\/v2\/tags?post=151838"}],"curies":[{"name":"wp","href":"https:\/\/api.w.org\/{rel}","templated":true}]}}