{"id":151850,"date":"2025-10-02T02:21:09","date_gmt":"2025-10-02T02:21:09","guid":{"rendered":"https:\/\/www.europesays.com\/es\/151850\/"},"modified":"2025-10-02T02:21:09","modified_gmt":"2025-10-02T02:21:09","slug":"david-martinez-accionista-de-sabadell-se-enfrenta-a-goldman-sachs-morgan-stanley-y-evercore-expansion","status":"publish","type":"post","link":"https:\/\/www.europesays.com\/es\/151850\/","title":{"rendered":"David Mart\u00ednez, accionista de Sabadell, se enfrenta a Goldman Sachs, Morgan Stanley y Evercore &#8211; Expansi\u00f3n"},"content":{"rendered":"<ol>\n<li><a href=\"https:\/\/news.google.com\/rss\/articles\/CBMiiAFBVV95cUxQLXNXMlJaSlhVZFpGUlFzeUJkeWVQZG9NZHlXWnB6OXRTTXhaNVViV2MzZjNUc2JUOHlPMzV3Z3dPZ0gycFlzR1NOT1RjOXJOdFdoM1dJZWdnMDBJRnpCTnM1ZnNGMEh3TTdZSlRKb1FlNzhOWDdFMGZYa0pTSF9OajluN0NueVFX0gGIAUFVX3lxTE5BbkFXQ01pOHdESVFjQXF4V1hJcXFvbWNFOER1LTlQMWNLdWwzU1ZueXhnclNPSEgxZEJkcXhFT0wzMHFsdTRSSXpHTUh2UzFBVzQzc3BRakZUYVgwVXNPd3JUN3JiWWhPZ3kwUHdGTDBFMDAwMUNub0RtTzZhNmxzdG9IWHlWcWQ?oc=5\" target=\"_blank\" rel=\"nofollow noopener\">David Mart\u00ednez, accionista de Sabadell, se enfrenta a Goldman Sachs, Morgan Stanley y Evercore<\/a>&nbsp;&nbsp;Expansi\u00f3n<\/li>\n<li><a href=\"https:\/\/news.google.com\/rss\/articles\/CBMiiAFBVV95cUxPMDFpOTVTdzdsdGw0Sm1JTk5EMF9zZUV4cnlyckhMT2x0TTFrVjV1ajNCVVRnZEFlQVQ1ZUZ4SG1CX2FadXN4aGxCUGgyQVk1MHR4UnQtZG5oVXBLSUladTAtUXNqOE9UY2s3SjRpYVVNTzlmZHRXWXd1NkJDdmptRjFiSHdOT1ZC0gGIAUFVX3lxTFBScjAzMU1UYW9JWGlLaVgxdUxHY09oanlxM3o4bDRxTU5uYkktQmNLMWcxWnVmdDRxN3d3eEs3UnljamtQWHV6NlhaLTZucVpTYmViekppMW1aMEp1d3dwWFI3aGxoRy14QXZLU1BKanZ0QlZVNFdESjNiUGF6T095czhKYm9UaWQ?oc=5\" target=\"_blank\" rel=\"nofollow noopener\">\u00bfQui\u00e9n es David Mart\u00ednez? El multimillonario d\u00edscolo del consejo de Sabadell que se al\u00eda con BBVA<\/a>&nbsp;&nbsp;El Mundo<\/li>\n<li><a href=\"https:\/\/news.google.com\/rss\/articles\/CBMitAFBVV95cUxPZGxVeDVPdTQ5bXN0bDZBOVRLd25IX0ZKY2VJUFZReHpzLWhwbmlSaXM4NDBCT3BqWXNxWmdMWk42eGI4OTZMSk5SX1VyQTdzTnl0bGxmcGRjeHB2ZVNVX0VyMlVxbndlb25BcUUzZ01hanpLSUhuMXZUYk9CYVpLQVZaX2wxQm0xZkRwR2NIbUxnQ1RIOU84M3VTUGgxLW1mUEdwbFBnZ3hWU19FaTRaRE9QWmg?oc=5\" target=\"_blank\" rel=\"nofollow noopener\">La &#8216;traici\u00f3n&#8217; de Mart\u00ednez, la diluci\u00f3n minorista y los dividendos: as\u00ed queda la guerra por Sabadell<\/a>&nbsp;&nbsp;El Confidencial<\/li>\n<li><a href=\"https:\/\/news.google.com\/rss\/articles\/CBMi9AFBVV95cUxPaGwxZmItckswRXE4Zm4yUnFqQklpY3pka19BSEUyMlA5NTRLb3hwcWlVSjdralFwUXNjUGpjNTc1R2lfc3hUY3FPNmYxb3lvQTZ2bXRxb2lxOXlsc3VZQUx1djB5UDFUZTdIZGdKUXpUVWxoOFo2ZnlVMjFkWjJUTDJDRTV6Ti1pM2QwSUZJdFpiTmh5cFRKZnNfWTRKS3dwLTgxRnl2NUxfZ0FvamVpYnBPRW9TcTBIRkhHTExyQUZELXkxT1BFZG1TaDZHbU5yMkVPdGxCT2tjQ3VOcEpvc1AzdDFQS3JVTWZzOW8wVWZIS3Zf?oc=5\" target=\"_blank\" rel=\"nofollow noopener\">Torres invita a los accionistas del Sabadell a seguir el ejemplo del primer inversor individual en la opa y conf\u00eda en superar el 50%<\/a>&nbsp;&nbsp;EL PA\u00cdS<\/li>\n<li><a href=\"https:\/\/news.google.com\/rss\/articles\/CBMipgFBVV95cUxPcnlqY2tRdVp6Y0psM0lnRlh0RlQySnhWajk1S3dTVWxkSGkxelpZWjFDZS1IUWFnZS1kb2lYQnYxVDNmcDYwOVpnQ2lJRDdpLWE1UzVWbktxMVNNM0tJZ20wLXhKUkdLSTd5Q0YtVWhVVnJXRlVRSVJKME9lMWxDOGt3SVBZalNLT0lSZ2tPb2Nmd3U4VjZLNzFGM0JMTGpXVmlXYkJR?oc=5\" target=\"_blank\" rel=\"nofollow noopener\">Acciones del Sabadell y Repsol bajo presi\u00f3n en el mercado<\/a>&nbsp;&nbsp;ig.com<\/li>\n<\/ol>\n","protected":false},"excerpt":{"rendered":"David Mart\u00ednez, accionista de Sabadell, se enfrenta a Goldman Sachs, Morgan Stanley y Evercore&nbsp;&nbsp;Expansi\u00f3n \u00bfQui\u00e9n es David Mart\u00ednez?&hellip;\n","protected":false},"author":2,"featured_media":151851,"comment_status":"","ping_status":"","sticky":false,"template":"","format":"standard","meta":{"footnotes":""},"categories":[80],"tags":[5219,3287,3285,82,95,94,2308,6133,25,24,23],"class_list":{"0":"post-151850","1":"post","2":"type-post","3":"status-publish","4":"format-standard","5":"has-post-thumbnail","7":"category-economia","8":"tag-banca","9":"tag-banco-sabadell","10":"tag-bbva","11":"tag-business","12":"tag-economia","13":"tag-economy","14":"tag-empresas","15":"tag-empresas-banca","16":"tag-es","17":"tag-espana","18":"tag-spain"},"share_on_mastodon":{"url":"","error":""},"_links":{"self":[{"href":"https:\/\/www.europesays.com\/es\/wp-json\/wp\/v2\/posts\/151850","targetHints":{"allow":["GET"]}}],"collection":[{"href":"https:\/\/www.europesays.com\/es\/wp-json\/wp\/v2\/posts"}],"about":[{"href":"https:\/\/www.europesays.com\/es\/wp-json\/wp\/v2\/types\/post"}],"author":[{"embeddable":true,"href":"https:\/\/www.europesays.com\/es\/wp-json\/wp\/v2\/users\/2"}],"replies":[{"embeddable":true,"href":"https:\/\/www.europesays.com\/es\/wp-json\/wp\/v2\/comments?post=151850"}],"version-history":[{"count":0,"href":"https:\/\/www.europesays.com\/es\/wp-json\/wp\/v2\/posts\/151850\/revisions"}],"wp:featuredmedia":[{"embeddable":true,"href":"https:\/\/www.europesays.com\/es\/wp-json\/wp\/v2\/media\/151851"}],"wp:attachment":[{"href":"https:\/\/www.europesays.com\/es\/wp-json\/wp\/v2\/media?parent=151850"}],"wp:term":[{"taxonomy":"category","embeddable":true,"href":"https:\/\/www.europesays.com\/es\/wp-json\/wp\/v2\/categories?post=151850"},{"taxonomy":"post_tag","embeddable":true,"href":"https:\/\/www.europesays.com\/es\/wp-json\/wp\/v2\/tags?post=151850"}],"curies":[{"name":"wp","href":"https:\/\/api.w.org\/{rel}","templated":true}]}}