{"id":151862,"date":"2025-10-02T02:32:08","date_gmt":"2025-10-02T02:32:08","guid":{"rendered":"https:\/\/www.europesays.com\/es\/151862\/"},"modified":"2025-10-02T02:32:08","modified_gmt":"2025-10-02T02:32:08","slug":"el-lobe-huesca-la-magia-se-presenta-en-sociedad-agradecido-por-el-respaldo-recibido","status":"publish","type":"post","link":"https:\/\/www.europesays.com\/es\/151862\/","title":{"rendered":"El Lobe Huesca La Magia se presenta en sociedad \u00abagradecido\u00bb por el respaldo recibido"},"content":{"rendered":"<p class=\"paragraph\"><b>El Club Baloncesto Pe\u00f1as ha dado este mi\u00e9rcoles el pistoletazo de salida a la temporada 2025\/26 en un acto celebrado en la plaza Luis L\u00f3pez Allu\u00e9.<\/b> En el epicentro de la capital oscense, <b>el evento sirvi\u00f3 para presentar en sociedad a la plantilla del Lobe Huesca La Magia<\/b>, que este s\u00e1bado afronta la primera jornada de liga en Segunda FEB frente a la Spanish Basketball Academy, y por supuesto para poner en valor el <b>trabajo de cantera que se realiza de manera altruista, con m\u00e1s de 400 ni\u00f1os y ni\u00f1as form\u00e1ndose en sus categor\u00edas base.<\/b><\/p>\n<p class=\"paragraph\">La ceremonia, que atrajo a aficionados, familias y representantes institucionales, se convirti\u00f3 en una fiesta del baloncesto oscense. Por tercer curso consecutivo, <b>el equipo estar\u00e1 dirigido por el t\u00e9cnico Rafa Sanz, con la misi\u00f3n de mantener la ambici\u00f3n competitiva y consolidar un proyecto que mira tanto al presente como al futuro<\/b>: el ascenso a Primera FEB.<\/p>\n<p class=\"paragraph\">Fiel a su filosof\u00eda, <b>el CB Pe\u00f1as volvi\u00f3 a poner el acento en la cantera, piedra angular de la entidad desde hace casi cincuenta a\u00f1os. <\/b>Ni\u00f1os y ni\u00f1as de las categor\u00edas inferiores disputaron varios partidillos en la misma plaza, antes y despu\u00e9s de la presentaci\u00f3n del primer equipo para mostrar la relevancia de los m\u00e1s peque\u00f1os en uno de los clubes m\u00e1s hist\u00f3ricos de Arag\u00f3n. <b>Un gesto simb\u00f3lico que recordaba el papel fundamental del baloncesto base en la construcci\u00f3n de la identidad pe\u00f1ista.<\/b><\/p>\n<p class=\"paragraph\">Como no pod\u00eda ser de otra forma, <b>el acto cont\u00f3 con la presencia de representantes del Ayuntamiento de Huesca, la Diputaci\u00f3n Provincial de Huesca (DPH) y la empresa aragonesa Lobe, patrocinador principal del club. <\/b>La uni\u00f3n de instituciones, empresas y sociedad civil fue el hilo conductor de un evento que quiso reivindicar la importancia del deporte como motor de valores, cohesi\u00f3n social y proyecci\u00f3n territorial.<\/p>\n<p class=\"paragraph\">Algo que sin duda puso en valor en el acto <b>Fernando Lascorz, presidente del CB Pe\u00f1as. <\/b>El m\u00e1ximo responsable del club quiso agradecer el apoyo recibido en los \u00faltimos a\u00f1os, subrayando el esfuerzo colectivo que mantiene viva la llama del baloncesto en Huesca: \u201cEs un d\u00eda muy especial para todos nosotros. <b>Lo que me sale en este d\u00eda son palabras de agradecimiento a las familias, instituciones, empresas, trabajadores, colaboradores y miembros de la junta directiva que nos han echado una mano constantemente y de manera desinteresada. <\/b>Todo lo conseguido hasta ahora es fruto del trabajo de muchas personas\u201d.<\/p>\n<p class=\"paragraph\">No se olvid\u00f3 de los momentos dif\u00edciles que se han vivido en el club a lo largo de sus casi cincuenta a\u00f1os, etapas que de una manera u otra se han superado con el apoyo social. <b>\u201cEn estos dos a\u00f1os y medio que llevamos en el club hemos tratado de trabajar con honestidad, esfuerzo y pensando en hacer bien las cosas mejorando cada a\u00f1o. En una situaci\u00f3n extrema pudimos sacarlo adelante gracias a muchos que cre\u00edsteis en nosotros. <\/b>A lo largo de la historia del club ha habido momentos muy complicados, pero se han superado porque la gente ha querido que el Pe\u00f1as siga vivo, que represente a nuestra ciudad\u201d, valor\u00f3.<\/p>\n<p class=\"paragraph\">El presidente pe\u00f1ista tambi\u00e9n lanz\u00f3 un mensaje claro a la afici\u00f3n despu\u00e9s de agradecer a las instituciones y Lobe su aportaci\u00f3n constante: \u201cOs animo a todos a abonaros, a venir al Palacio y a seguir juntos en este ambicioso proyecto. <b>D\u00edas como hoy nos hacen seguir adelante y con energ\u00eda\u201d.<\/b><\/p>\n<p class=\"paragraph\"><b>Lorena Orduna, alcaldesa de Huesca<\/b>, no dud\u00f3 en respaldar uno de los proyectos deportivos de la ciudad que m\u00e1s apuesta por la cantera y que tantas alegr\u00edas ha dado a lo largo de los a\u00f1os. El pasado curso, el primer equipo se qued\u00f3 a las puertas del ascenso:  \u201cEl a\u00f1o pasado estuvimos a muy poquito de subir. <b>Conseguirlo nos har\u00eda una ilusi\u00f3n tremenda a todos, a familias y ni\u00f1os, por todo lo que significa el baloncesto en la ciudad. <\/b>Huesca es una ciudad abierta al deporte y al deporte base, y sobre todo al CB Pe\u00f1as. <b>El Pe\u00f1as no es solo un club, es una identidad de Huesca\u201d.<\/b><\/p>\n<p class=\"paragraph\">\u201cVamos a intentar que el Pe\u00f1as ascienda, que es lo que se merece por historia. <b>Tanto el Ayuntamiento de Huesca como el Gobierno de Arag\u00f3n, que hoy no ha podido acudir nadie, vamos a estar al lado del club\u201d<\/b>, asegur\u00f3.<\/p>\n<p class=\"paragraph\">En representaci\u00f3n de la <b>Diputaci\u00f3n Provincial de Huesca, Celsa Rufas<\/b> puso en valor la visibilidad del baloncesto en la provincia: \u201cHab\u00e9is sacado el deporte a la calle para darle visibilidad, y eso es digno de orgullo. <b>Esta presentaci\u00f3n genera ilusi\u00f3n y sirve para recordar lo que fue, es y ser\u00e1 el Pe\u00f1as.<\/b> El club cuenta con unos 400 ni\u00f1os y ni\u00f1as en cantera, lo que demuestra que el baloncesto est\u00e1 en auge\u201d.<\/p>\n<p class=\"paragraph\">Tambi\u00e9n destac\u00f3 el papel educativo del deporte, el cual se mantiene gracias a la labor de clubes como el pe\u00f1ista: <b>\u201cEl baloncesto inculca valores que no se olvidan nunca: trabajo en equipo, esfuerzo, compa\u00f1erismo o responsabilidad.<\/b> Por eso la DPH sigue estando ah\u00ed, porque el Pe\u00f1as da visibilidad a Huesca y a toda la provincia\u201d.<\/p>\n<p class=\"paragraph\">Por su parte<b> Juan Carlos Bandr\u00e9s, director general del Grupo Lobe<\/b>, augur\u00f3 el mayor de los \u00e9xitos para el equipo en un futuro a corto y medio plazo:  <b>\u201cPara Lobe es una suerte apoyar al Pe\u00f1as en su desarrollo. Esta es la segunda etapa de colaboraci\u00f3n, y en la primera conseguimos un ascenso. No tengo ninguna duda de que vais a volver a ascender. <\/b>Si no es este a\u00f1o ser\u00e1 el siguiente. El a\u00f1o pasado se acab\u00f3 la temporada de manera maravillosa, y ojal\u00e1 esta tenga un desenlace a\u00fan mejor\u201d.<\/p>\n<p class=\"paragraph\">Con el respaldo un\u00e1nime de instituciones, empresas y afici\u00f3n, el Lobe Huesca La Magia inicia un nuevo curso cargado de ilusi\u00f3n.\u00a0<\/p>\n","protected":false},"excerpt":{"rendered":"El Club Baloncesto Pe\u00f1as ha dado este mi\u00e9rcoles el pistoletazo de salida a la temporada 2025\/26 en un&hellip;\n","protected":false},"author":2,"featured_media":151863,"comment_status":"","ping_status":"","sticky":false,"template":"","format":"standard","meta":{"footnotes":""},"categories":[269],"tags":[45983,299,298,168,25,24,1265,2782,6436,26728,23,167],"class_list":{"0":"post-151862","1":"post","2":"type-post","3":"status-publish","4":"format-standard","5":"has-post-thumbnail","7":"category-baloncesto","8":"tag-agradecido","9":"tag-baloncesto","10":"tag-basketball","11":"tag-deportes","12":"tag-es","13":"tag-espana","14":"tag-huesca","15":"tag-presenta","16":"tag-provincia","17":"tag-respaldo","18":"tag-spain","19":"tag-sports"},"share_on_mastodon":{"url":"","error":""},"_links":{"self":[{"href":"https:\/\/www.europesays.com\/es\/wp-json\/wp\/v2\/posts\/151862","targetHints":{"allow":["GET"]}}],"collection":[{"href":"https:\/\/www.europesays.com\/es\/wp-json\/wp\/v2\/posts"}],"about":[{"href":"https:\/\/www.europesays.com\/es\/wp-json\/wp\/v2\/types\/post"}],"author":[{"embeddable":true,"href":"https:\/\/www.europesays.com\/es\/wp-json\/wp\/v2\/users\/2"}],"replies":[{"embeddable":true,"href":"https:\/\/www.europesays.com\/es\/wp-json\/wp\/v2\/comments?post=151862"}],"version-history":[{"count":0,"href":"https:\/\/www.europesays.com\/es\/wp-json\/wp\/v2\/posts\/151862\/revisions"}],"wp:featuredmedia":[{"embeddable":true,"href":"https:\/\/www.europesays.com\/es\/wp-json\/wp\/v2\/media\/151863"}],"wp:attachment":[{"href":"https:\/\/www.europesays.com\/es\/wp-json\/wp\/v2\/media?parent=151862"}],"wp:term":[{"taxonomy":"category","embeddable":true,"href":"https:\/\/www.europesays.com\/es\/wp-json\/wp\/v2\/categories?post=151862"},{"taxonomy":"post_tag","embeddable":true,"href":"https:\/\/www.europesays.com\/es\/wp-json\/wp\/v2\/tags?post=151862"}],"curies":[{"name":"wp","href":"https:\/\/api.w.org\/{rel}","templated":true}]}}