{"id":151864,"date":"2025-10-02T02:33:10","date_gmt":"2025-10-02T02:33:10","guid":{"rendered":"https:\/\/www.europesays.com\/es\/151864\/"},"modified":"2025-10-02T02:33:10","modified_gmt":"2025-10-02T02:33:10","slug":"alineaciones-probables-del-ludogorets-betis-de-la-uefa-europa-league-2025-2026-onces-y-banquillo-de-suplentes","status":"publish","type":"post","link":"https:\/\/www.europesays.com\/es\/151864\/","title":{"rendered":"Alineaciones probables del Ludogorets &#8211; Betis de la UEFA Europa League 2025-2026: onces y banquillo de suplentes"},"content":{"rendered":"<p><img decoding=\"async\" class=\"voc-author__img\" src=\"https:\/\/www.europesays.com\/es\/wp-content\/uploads\/2025\/09\/autor-4703-foto-2.jpeg\" alt=\"\u00c1lvaro Galv\u00e1n\"\/><\/p>\n<p>01\/10\/2025<br \/>\n<br \/><strong><br \/>\nActualizado a las 21:19h.<br \/>\n<\/strong><\/p>\n<p class=\"voc-p\" style=\"\">Tras una nueva victoria en LaLiga (<a href=\"https:\/\/www.abc.es\/deportes\/alfinaldelapalmera\/noticias-betis\/cronica-betis-osasuna-20250928160132-nts.html\" target=\"_self\" data-voc-vtm-id=\"in-text-traffic\" title=\"2-0 ante Osasuna\" data-mrf-link=\"www.abc.es\" rel=\"nofollow noopener\">2-0 ante Osasuna<\/a>), el <strong>Real Betis<\/strong> retoma este jueves la <a href=\"https:\/\/es.uefa.com\/uefaeuropaleague\/\" target=\"_self\" data-voc-vtm-id=\"in-text-traffic\" title=\"UEFA Europa League\" data-mrf-link=\"es.uefa.com\" rel=\"nofollow noopener\">UEFA Europa League<\/a>, en esta ocasi\u00f3n para afrontar su primer choque continental del curso a domicilio. Y es que, con motivo de <a href=\"https:\/\/www.abc.es\/deportes\/alfinaldelapalmera\/noticias-betis\/betis-conoce-fechas-horarios-europa-league-20250830203836-nts.html\" target=\"_self\" data-voc-vtm-id=\"in-text-traffic\" title=\"la segunda jornada de la fase de liga\" data-mrf-link=\"www.abc.es\" rel=\"nofollow noopener\">la segunda jornada de la fase de liga<\/a>, los verdiblancos visitan al <strong>PFC Ludogorets Razgrad<\/strong>. As\u00ed, el conjunto b\u00e9tico se cita a partir de las <strong>18.45 horas<\/strong> en el Huvepharma Arena con uno de los clubes m\u00e1s punteros de Bulgaria.<\/p>\n<p class=\"voc-p\" style=\"\">En lo que llevamos de temporada, <strong>el Betis a\u00fan no sabe lo que es ganar lejos del Estadio de la Cartuja<\/strong>, pues enlaza tres empates como visitante (<a href=\"https:\/\/www.abc.es\/deportes\/alfinaldelapalmera\/noticias-betis\/elche-betis-cronica-20250818201652-nts.html\" target=\"_self\" data-voc-vtm-id=\"in-text-traffic\" title=\"1-1 en Elche\" data-mrf-link=\"www.abc.es\" rel=\"nofollow noopener\">1-1 en Elche<\/a>, <a href=\"https:\/\/www.abc.es\/deportes\/alfinaldelapalmera\/noticias-betis\/celta-betis-pellegrini-llena-botella-puntito-espera-20250827231514-nts.html\" target=\"_self\" data-voc-vtm-id=\"in-text-traffic\" title=\"1-1 frente al Celta\" data-mrf-link=\"www.abc.es\" rel=\"nofollow noopener\">1-1 frente al Celta<\/a> y <a href=\"https:\/\/www.abc.es\/deportes\/alfinaldelapalmera\/noticias-betis\/betis-regala-empate-levante-tras-siesta-diez-20250914183621-nts.html\" target=\"_self\" data-voc-vtm-id=\"in-text-traffic\" title=\"2-2 ante el Levante\" data-mrf-link=\"www.abc.es\" rel=\"nofollow noopener\">2-2 ante el Levante<\/a>). En cambio, <strong>el Ludogorets no ha perdido este curso como local<\/strong> en ninguna competici\u00f3n (suma siete victorias y dos empates en su estadio). <\/p>\n<p>\nLa posible alineaci\u00f3n del Betis ante el Ludogorets\n<\/p>\n<p class=\"voc-p\" style=\"\">Con respecto al partido del domingo ante Osasuna, Manuel Pellegrini no suma nuevos efectivos para este encuentro de Europa League. Con lo cual, <strong>seguir\u00e1n causando baja los lesionados Isco, Deossa, Bartra y Diego Llorente<\/strong>; en el caso del colombiano y los centrales, el t\u00e9cnico ya avis\u00f3 de que se les espera para despu\u00e9s del pr\u00f3ximo par\u00f3n liguero.<\/p>\n<ul class=\"voc-list\">\n<li class=\"voc-list__item\">\n<strong>Real Betis<\/strong><br \/>\nValles; Ortiz, Natan, Valent\u00edn, Junior; Amrabat, Altimira; Antony, Lo Celso, Riquelme; y Bakambu\n<\/li>\n<\/ul>\n<p class=\"voc-p\" style=\"\">Como es habitual en la planificaci\u00f3n de Pellegrini, se esperan <strong>rotaciones en el once b\u00e9tico<\/strong> para visitar al conjunto b\u00falgaro.<\/p>\n<p>La posible alineaci\u00f3n del Ludogorets ante el Betis<\/p>\n<p class=\"voc-p\" style=\"\">El Ludogorets afrontar\u00e1 tambi\u00e9n este duelo europeo ante el Betis con algunas bajas. Concretamente, Rui Mota no podr\u00e1 contar este jueves con el central <strong>Georgi Terziev<\/strong>, ni con el centrocampista <strong>Aguibou Camara<\/strong>, ni con el delantero <strong>Kwadwo Duah<\/strong>, todos ellos lesionados.<\/p>\n<ul class=\"voc-list\">\n<li class=\"voc-list__item\">\n<strong>PFC Ludogorets Razgrad<\/strong><br \/>\nPadt; Andersson, Kurtulus, Almeida, Son; Duarte, Pedrinho, Stanis; Marcus, Caio Vidal y Bille\n<\/li>\n<\/ul>\n<p class=\"voc-p\" style=\"\">El t\u00e9cnico portugu\u00e9s del Ludogorets realizar\u00e1 tambi\u00e9n <strong>algunas modificaciones en su formaci\u00f3n inicial<\/strong> con respecto a <a href=\"https:\/\/www.abc.es\/deportes\/alfinaldelapalmera\/noticias-betis\/ludogorets-golea-casa-recibir-betis-20250929120835-nts.html\" target=\"_self\" data-voc-vtm-id=\"in-text-traffic\" title=\"su \u00faltimo choque de la liga de Bulgaria ante el Montana (3-0)\" data-mrf-link=\"www.abc.es\" rel=\"nofollow noopener\">su \u00faltimo choque de la liga de Bulgaria ante el Montana (3-0)<\/a> del pasado domingo.<\/p>\n<p>Reportar un error<\/p>\n","protected":false},"excerpt":{"rendered":"01\/10\/2025 Actualizado a las 21:19h. Tras una nueva victoria en LaLiga (2-0 ante Osasuna), el Real Betis retoma&hellip;\n","protected":false},"author":2,"featured_media":151865,"comment_status":"","ping_status":"","sticky":false,"template":"","format":"standard","meta":{"footnotes":""},"categories":[268],"tags":[13519,26170,2953,291,168,25,24,700,280,282,1211,45568,26172,281,23,167,26173,6674],"class_list":{"0":"post-151864","1":"post","2":"type-post","3":"status-publish","4":"format-standard","5":"has-post-thumbnail","7":"category-futbol","8":"tag-13519","9":"tag-alineaciones","10":"tag-banquillo","11":"tag-betis","12":"tag-deportes","13":"tag-es","14":"tag-espana","15":"tag-europa","16":"tag-football","17":"tag-futbol","18":"tag-league","19":"tag-ludogorets","20":"tag-onces","21":"tag-soccer","22":"tag-spain","23":"tag-sports","24":"tag-suplentes","25":"tag-uefa"},"share_on_mastodon":{"url":"","error":""},"_links":{"self":[{"href":"https:\/\/www.europesays.com\/es\/wp-json\/wp\/v2\/posts\/151864","targetHints":{"allow":["GET"]}}],"collection":[{"href":"https:\/\/www.europesays.com\/es\/wp-json\/wp\/v2\/posts"}],"about":[{"href":"https:\/\/www.europesays.com\/es\/wp-json\/wp\/v2\/types\/post"}],"author":[{"embeddable":true,"href":"https:\/\/www.europesays.com\/es\/wp-json\/wp\/v2\/users\/2"}],"replies":[{"embeddable":true,"href":"https:\/\/www.europesays.com\/es\/wp-json\/wp\/v2\/comments?post=151864"}],"version-history":[{"count":0,"href":"https:\/\/www.europesays.com\/es\/wp-json\/wp\/v2\/posts\/151864\/revisions"}],"wp:featuredmedia":[{"embeddable":true,"href":"https:\/\/www.europesays.com\/es\/wp-json\/wp\/v2\/media\/151865"}],"wp:attachment":[{"href":"https:\/\/www.europesays.com\/es\/wp-json\/wp\/v2\/media?parent=151864"}],"wp:term":[{"taxonomy":"category","embeddable":true,"href":"https:\/\/www.europesays.com\/es\/wp-json\/wp\/v2\/categories?post=151864"},{"taxonomy":"post_tag","embeddable":true,"href":"https:\/\/www.europesays.com\/es\/wp-json\/wp\/v2\/tags?post=151864"}],"curies":[{"name":"wp","href":"https:\/\/api.w.org\/{rel}","templated":true}]}}