{"id":151866,"date":"2025-10-02T02:34:10","date_gmt":"2025-10-02T02:34:10","guid":{"rendered":"https:\/\/www.europesays.com\/es\/151866\/"},"modified":"2025-10-02T02:34:10","modified_gmt":"2025-10-02T02:34:10","slug":"tengo-una-mente-muy-sucia","status":"publish","type":"post","link":"https:\/\/www.europesays.com\/es\/151866\/","title":{"rendered":"\u201cTengo una mente muy sucia\u201d"},"content":{"rendered":"<p><b>Daniel Diges<\/b> ha conseguido que un panel sobre prendas de vestir y sus referencias en la cultura popular termine con un inesperado toque de humor. El actor ha convertido a Pamela Anderson en la protagonista de la prueba <b>Palabras Cruzadas <\/b>con una de sus respuestas.<\/p>\n<p>Hay que destacar que, antes de su ocurrencia, la actriz <b>Ana Ruiz<\/b> ya hab\u00eda tropezado en esa piedra. Ella misma se ha echado a re\u00edr al asegurar que con la \u00fanica prenda que Pamela Anderson luci\u00f3 en su boda con Tommy Lee fue\u2026 \u00a1un cors\u00e9!<\/p>\n<p>M\u00e1s sorprendente ha sido la respuesta que Dani ha dado despu\u00e9s. De hecho, \u00e9l mismo ha comentado su lapsus: \u201cTengo una mente muy sucia\u201d. <b>Roberto Leal<\/b> se ha mostrado comprensivo: \u201cPodr\u00eda ser perfectamente, por qu\u00e9 no\u201d. <b>\u00a1No te pierdas este momento en el v\u00eddeo!<\/b><\/p>\n","protected":false},"excerpt":{"rendered":"Daniel Diges ha conseguido que un panel sobre prendas de vestir y sus referencias en la cultura popular&hellip;\n","protected":false},"author":2,"featured_media":151867,"comment_status":"","ping_status":"","sticky":false,"template":"","format":"standard","meta":{"footnotes":""},"categories":[174],"tags":[255,146,147,25,24,256,23],"class_list":{"0":"post-151866","1":"post","2":"type-post","3":"status-publish","4":"format-standard","5":"has-post-thumbnail","7":"category-famosos","8":"tag-celebrities","9":"tag-entertainment","10":"tag-entretenimiento","11":"tag-es","12":"tag-espana","13":"tag-famosos","14":"tag-spain"},"share_on_mastodon":{"url":"","error":""},"_links":{"self":[{"href":"https:\/\/www.europesays.com\/es\/wp-json\/wp\/v2\/posts\/151866","targetHints":{"allow":["GET"]}}],"collection":[{"href":"https:\/\/www.europesays.com\/es\/wp-json\/wp\/v2\/posts"}],"about":[{"href":"https:\/\/www.europesays.com\/es\/wp-json\/wp\/v2\/types\/post"}],"author":[{"embeddable":true,"href":"https:\/\/www.europesays.com\/es\/wp-json\/wp\/v2\/users\/2"}],"replies":[{"embeddable":true,"href":"https:\/\/www.europesays.com\/es\/wp-json\/wp\/v2\/comments?post=151866"}],"version-history":[{"count":0,"href":"https:\/\/www.europesays.com\/es\/wp-json\/wp\/v2\/posts\/151866\/revisions"}],"wp:featuredmedia":[{"embeddable":true,"href":"https:\/\/www.europesays.com\/es\/wp-json\/wp\/v2\/media\/151867"}],"wp:attachment":[{"href":"https:\/\/www.europesays.com\/es\/wp-json\/wp\/v2\/media?parent=151866"}],"wp:term":[{"taxonomy":"category","embeddable":true,"href":"https:\/\/www.europesays.com\/es\/wp-json\/wp\/v2\/categories?post=151866"},{"taxonomy":"post_tag","embeddable":true,"href":"https:\/\/www.europesays.com\/es\/wp-json\/wp\/v2\/tags?post=151866"}],"curies":[{"name":"wp","href":"https:\/\/api.w.org\/{rel}","templated":true}]}}