{"id":151879,"date":"2025-10-02T02:46:22","date_gmt":"2025-10-02T02:46:22","guid":{"rendered":"https:\/\/www.europesays.com\/es\/151879\/"},"modified":"2025-10-02T02:46:22","modified_gmt":"2025-10-02T02:46:22","slug":"200-euros-por-hijo-sin-limite-de-renta","status":"publish","type":"post","link":"https:\/\/www.europesays.com\/es\/151879\/","title":{"rendered":"200 euros por hijo sin l\u00edmite de renta"},"content":{"rendered":"<p>El presidente de la Junta de Andaluc\u00eda, Juanma Moreno, ha anunciado una importante mejora en las deducciones auton\u00f3micas de de 200 euros en el IRPF por <b>nacimiento, adopci\u00f3n o acogimiento <\/b>de hijos, eliminando el l\u00edmite de renta previamente existente. Esta medida convierte el apoyo fiscal en una ayuda universal para todas las familias andaluzas, independientemente de su nivel de ingresos. <\/p>\n<p>Se estima que la medida beneficiar\u00e1 a <b>13.100 contribuyentes<\/b> andaluces y tendr\u00e1 un <b>impacto recaudatorio estimado de <\/b><b>-2,6 millones<\/b> de euros, un coste que el gobierno regional asume como una inversi\u00f3n directa en la protecci\u00f3n de la infancia y las pol\u00edticas sociales de la comunidad.<\/p>\n<p>Moreno ha realizado este anuncio tras la rueda de prensa celebrada en las Atarazanas de Sevilla, con una medida que se suma a las que se tomaron respecto a gasto en veterinario para mascotas, gimnasios, mejoras en el tramo auton\u00f3mico del IRPF en vivienda y cel\u00edacos. Si hasta ahora el ahorro para las familias previsto era de unos 55 millones de euros ahora la cantidad <b>sobrepasa ya los 62<\/b> millones.<\/p>\n<p>La medida<\/p>\n<p>Con la nueva medida, los contribuyentes andaluces tendr\u00e1n derecho a aplicar una<b> deducci\u00f3n de <\/b><b>200 euros por cada hijo<\/b> nacido, adoptado o menor en r\u00e9gimen de acogimiento familiar, aplicable en el periodo impositivo en el que se produzca el evento. <\/p>\n<p>La cuant\u00eda se incrementa significativamente en zonas con desaf\u00edos demogr\u00e1ficos: hay una notificaci\u00f3n que eleva la cuant\u00eda <b>hasta los <\/b><b>400 euros si el contribuyente reside en un municipio considerado con problemas de despoblaci\u00f3n<\/b>. Y tambi\u00e9n se incrementa en 200 euros adicionales por cada hijo o menor en caso de partos, adopciones o acogimientos m\u00faltiples.<\/p>\n<p>El cambio m\u00e1s significativo es la <b>supresi\u00f3n total del l\u00edmite de renta<\/b> para la aplicaci\u00f3n de la deducci\u00f3n. Hasta ahora, solo pod\u00edan aplicarla rentas de hasta 25.000 euros en declaraci\u00f3n individual y 30.000 euros en conjunta, excluyendo a muchas familias con un esfuerzo econ\u00f3mico significativo.<\/p>\n<p>Problema de natalidad<\/p>\n<p>Moreno ha justificado la universalizaci\u00f3n de la medida en dos razones principales: la necesidad de<b> impulsar la <\/b><b>natalidad<\/b><b> <\/b>y la conciliaci\u00f3n familiar frente al envejecimiento, y la de garantizar que todas las familias puedan beneficiarse de un apoyo que contribuye a paliar los gastos iniciales vinculados a la crianza.<\/p>\n<p>Esta universalizaci\u00f3n es el paso m\u00e1s reciente en el apoyo fiscal a la familia, despu\u00e9s de que ya <b>en 2022 se multiplicara la deducci\u00f3n<\/b> existente (por cuatro la deducci\u00f3n base y por ocho en categor\u00edas especiales).<\/p>\n<p>WhatsApp<a href=\"https:\/\/api.whatsapp.com\/send?text=https:\/\/www.eleconomista.es\/economia\/noticias\/13572423\/10\/25\/juanma-moreno-sorprende-con-una-nueva-rebaja-del-irpf-200-euros-por-hijo-sin-limite-de-renta.html?utm_source%3Dwhatsapp%26utm_medium%3Dshare_button&amp;id=1648118629957_whatsapp\" target=\"_blank\" data-action=\"share\/whatsapp\/share\" aria-label=\"Compartir en Whatsapp\" rel=\"nofollow noopener\"><\/a>Facebook<a id=\"fb-share\" href=\"#\" target=\"_blank\" rel=\"noopener noreferrer\" aria-label=\"Compartir en Facebook\"><\/a>Twitter<a href=\"https:\/\/twitter.com\/share?text=Juanma+Moreno+sorprende+con+una+nueva+rebaja+del+IRPF%3A++200+euros+por+hijo+sin+l%C3%ADmite+de+renta&amp;url=https:\/\/www.eleconomista.es\/economia\/noticias\/13572423\/10\/25\/juanma-moreno-sorprende-con-una-nueva-rebaja-del-irpf-200-euros-por-hijo-sin-limite-de-renta.html&amp;via=elEconomistaes&amp;id=1648118839245_twitter\" target=\"_blank\" aria-label=\"Compartir en Twitter\" rel=\"nofollow noopener\"><\/a>Linkedin<a href=\"https:\/\/linkedin.com\/share?text=https:\/\/www.eleconomista.es\/economia\/noticias\/13572423\/10\/25\/juanma-moreno-sorprende-con-una-nueva-rebaja-del-irpf-200-euros-por-hijo-sin-limite-de-renta.html&amp;via=elEconomistaes\" target=\"_blank\" aria-label=\"Compartir en linkedin\" rel=\"nofollow noopener\"><\/a>Beloud<a href=\"https:\/\/beloud.com\/share?text=Juanma+Moreno+sorprende+con+una+nueva+rebaja+del+IRPF%3A++200+euros+por+hijo+sin+l%C3%ADmite+de+renta&amp;url=https:\/\/www.eleconomista.es\/economia\/noticias\/13572423\/10\/25\/juanma-moreno-sorprende-con-una-nueva-rebaja-del-irpf-200-euros-por-hijo-sin-limite-de-renta.html&amp;via=elEconomistaes&amp;id=1648118839245_beloud\" target=\"_blank\" aria-label=\"Compartir en beloud\" rel=\"nofollow noopener\"><\/a>Bluesky<a href=\"https:\/\/bsky.app\/intent\/compose?text=https:\/\/bsky.app\/intent\/compose?text=https:\/\/www.eleconomista.es\/economia\/noticias\/13572423\/10\/25\/juanma-moreno-sorprende-con-una-nueva-rebaja-del-irpf-200-euros-por-hijo-sin-limite-de-renta.html&amp;url=https:\/\/www.eleconomista.es\/economia\/noticias\/13572423\/10\/25\/juanma-moreno-sorprende-con-una-nueva-rebaja-del-irpf-200-euros-por-hijo-sin-limite-de-renta.html&amp;via=elEconomistaes&amp;id=1648118839245_bluesky\" target=\"_blank\" aria-label=\"Compartir en bluesky\" rel=\"nofollow noopener\"><\/a><\/p>\n<p><script async src=\"https:\/\/platform.twitter.com\/widgets.js\" charset=\"utf-8\"><\/script><\/p>\n","protected":false},"excerpt":{"rendered":"El presidente de la Junta de Andaluc\u00eda, Juanma Moreno, ha anunciado una importante mejora en las deducciones auton\u00f3micas&hellip;\n","protected":false},"author":2,"featured_media":151880,"comment_status":"","ping_status":"","sticky":false,"template":"","format":"standard","meta":{"footnotes":""},"categories":[8],"tags":[17,18,5385,25,24,13,14,11,19,20,9,10,15,16,23,12,21,22],"class_list":{"0":"post-151879","1":"post","2":"type-post","3":"status-publish","4":"format-standard","5":"has-post-thumbnail","7":"category-espana","8":"tag-breaking-news","9":"tag-breakingnews","10":"tag-economaa","11":"tag-es","12":"tag-espana","13":"tag-featured-news","14":"tag-featurednews","15":"tag-headlines","16":"tag-latest-news","17":"tag-latestnews","18":"tag-news","19":"tag-noticias","20":"tag-noticias-destacadas","21":"tag-noticiasdestacadas","22":"tag-spain","23":"tag-titulares","24":"tag-ultimas-noticias","25":"tag-ultimasnoticias"},"share_on_mastodon":{"url":"","error":""},"_links":{"self":[{"href":"https:\/\/www.europesays.com\/es\/wp-json\/wp\/v2\/posts\/151879","targetHints":{"allow":["GET"]}}],"collection":[{"href":"https:\/\/www.europesays.com\/es\/wp-json\/wp\/v2\/posts"}],"about":[{"href":"https:\/\/www.europesays.com\/es\/wp-json\/wp\/v2\/types\/post"}],"author":[{"embeddable":true,"href":"https:\/\/www.europesays.com\/es\/wp-json\/wp\/v2\/users\/2"}],"replies":[{"embeddable":true,"href":"https:\/\/www.europesays.com\/es\/wp-json\/wp\/v2\/comments?post=151879"}],"version-history":[{"count":0,"href":"https:\/\/www.europesays.com\/es\/wp-json\/wp\/v2\/posts\/151879\/revisions"}],"wp:featuredmedia":[{"embeddable":true,"href":"https:\/\/www.europesays.com\/es\/wp-json\/wp\/v2\/media\/151880"}],"wp:attachment":[{"href":"https:\/\/www.europesays.com\/es\/wp-json\/wp\/v2\/media?parent=151879"}],"wp:term":[{"taxonomy":"category","embeddable":true,"href":"https:\/\/www.europesays.com\/es\/wp-json\/wp\/v2\/categories?post=151879"},{"taxonomy":"post_tag","embeddable":true,"href":"https:\/\/www.europesays.com\/es\/wp-json\/wp\/v2\/tags?post=151879"}],"curies":[{"name":"wp","href":"https:\/\/api.w.org\/{rel}","templated":true}]}}