{"id":151883,"date":"2025-10-02T02:48:11","date_gmt":"2025-10-02T02:48:11","guid":{"rendered":"https:\/\/www.europesays.com\/es\/151883\/"},"modified":"2025-10-02T02:48:11","modified_gmt":"2025-10-02T02:48:11","slug":"la-justicia-da-una-vida-extra-al-ademar","status":"publish","type":"post","link":"https:\/\/www.europesays.com\/es\/151883\/","title":{"rendered":"La Justicia da una vida extra al Ademar"},"content":{"rendered":"<p>                                    <img decoding=\"async\" loading=\"lazy\" src=\"https:\/\/www.europesays.com\/es\/wp-content\/uploads\/2025\/09\/65f85879beb73.jpeg\" alt=\"Pablo Rioja\" width=\"40\" height=\"40\" data-full-src=\"https:\/\/www.europesays.com\/es\/wp-content\/uploads\/2025\/09\/65f85879beb73.jpeg\"\/><\/p>\n<p class=\"paragraph\">Bola extra para el Ademar. El Tribunal Superior de Justicia de Madrid impide a la Federaci\u00f3n Espa\u00f1ola de Balonmano utilizar los 30.000 euros de subvenci\u00f3n para la cantera que el club leon\u00e9s perdi\u00f3 a finales de 2024 por no presentar la solicitud en tiempo y forma, tal y como ya adelant\u00f3 este peri\u00f3dico el pasado mes de enero. Una medida cautelar que de momento da margen a la directiva marista para maniobrar en su empe\u00f1o por hacerse con una cantidad que paliar\u00eda \u2014en gran parte\u2014 los gastos que genera cada temporada la base. Eso s\u00ed, la RFEBM tiene a\u00fan potestad para recurrir esas medidas cautelares.<\/p>\n<p class=\"paragraph\">De hecho, la estrategia de la c\u00fapula del Ademar va m\u00e1s all\u00e1. \u00abVamos a pedir que se anule el procedimiento de convocatoria\u00bb, insisten, lo que podr\u00eda dar al traste con el reparto que s\u00ed se hizo entre el resto de equipos que integran la Asobal. Todos ellos \u2014salvo el conjunto ademarista\u2014 enviaron la solicitud a tiempo.<\/p>\n<p class=\"paragraph\">El origen del conflicto<\/p>\n<p class=\"paragraph\">Los famosos 30.000 euros de subvenci\u00f3n que le correspond\u00edan al Ademar \u2014ayuda destinada a premiar a las canteras de los equipos de \u00e9lite que ceden sus jugadores a las diferentes categor\u00edas inferiores de la selecci\u00f3n\u2014 proceden del Consejo Superior de Deportes, pero es la Federaci\u00f3n Espa\u00f1ola la encargada de repartirla. Fuentes de la RFEBM confirmaron a Diario de Le\u00f3n que \u00abla han perdido\u00bb por \u00abpresentar tarde la documentaci\u00f3n requerida\u00bb.<\/p>\n<p class=\"paragraph\">Por su parte, el propio Cayetano Franco vio una \u00abmala praxis\u00bb por parte de la Federaci\u00f3n Espa\u00f1ola de Balonmano a la hora de comunicar la subvenci\u00f3n. No esconde que, por ahora, han perdido esa cantidad, pero insiste en que lo tienen recurrido y que llegar\u00e1n \u00abhasta donde haga falta\u00bb para cobrarla. Sin embargo, seg\u00fan remarcan desde el \u00f3rgano presidido por Francisco Bl\u00e1zquez, los documentos presentados por los leoneses \u00abllegaron fuera del plazo requerido\u00bb, que conclu\u00eda a finales de diciembre de 2024. \u00abLas normas son iguales para todos\u00bb, dicen.<\/p>\n<p class=\"paragraph\">\u00abPresentaron la subvenci\u00f3n por un correo ordinario y no por el cauce habitual que se suele utilizar en otras ocasiones\u00bb, subraya Franco, a quien le extra\u00f1a que lo enviaran en las fechas de Navidad, cuando la actividad suele estar parada. Ning\u00fan trabajador del club vio ese correo electr\u00f3nico y cuando quisieron actuar ya era tarde. Lejos de dar por perdidos los 30.000 euros, el Ademar batallar\u00e1 hasta las \u00faltimas consecuencias y, por ahora, la Justicia est\u00e1 de su lado.<\/p>\n<p>La directiva del Ademar pedir\u00e1 que se anule el procedimiento de convocatoria de la subvenci\u00f3n perdida a finales del pasado a\u00f1o<\/p>\n","protected":false},"excerpt":{"rendered":"Bola extra para el Ademar. El Tribunal Superior de Justicia de Madrid impide a la Federaci\u00f3n Espa\u00f1ola de&hellip;\n","protected":false},"author":2,"featured_media":151884,"comment_status":"","ping_status":"","sticky":false,"template":"","format":"standard","meta":{"footnotes":""},"categories":[278],"tags":[5871,376,168,25,24,375,2158,4108,1675,23,167],"class_list":{"0":"post-151883","1":"post","2":"type-post","3":"status-publish","4":"format-standard","5":"has-post-thumbnail","7":"category-balonmano","8":"tag-ademar","9":"tag-balonmano","10":"tag-deportes","11":"tag-es","12":"tag-espana","13":"tag-handball","14":"tag-justicia","15":"tag-leon","16":"tag-liga-asobal","17":"tag-spain","18":"tag-sports"},"share_on_mastodon":{"url":"","error":""},"_links":{"self":[{"href":"https:\/\/www.europesays.com\/es\/wp-json\/wp\/v2\/posts\/151883","targetHints":{"allow":["GET"]}}],"collection":[{"href":"https:\/\/www.europesays.com\/es\/wp-json\/wp\/v2\/posts"}],"about":[{"href":"https:\/\/www.europesays.com\/es\/wp-json\/wp\/v2\/types\/post"}],"author":[{"embeddable":true,"href":"https:\/\/www.europesays.com\/es\/wp-json\/wp\/v2\/users\/2"}],"replies":[{"embeddable":true,"href":"https:\/\/www.europesays.com\/es\/wp-json\/wp\/v2\/comments?post=151883"}],"version-history":[{"count":0,"href":"https:\/\/www.europesays.com\/es\/wp-json\/wp\/v2\/posts\/151883\/revisions"}],"wp:featuredmedia":[{"embeddable":true,"href":"https:\/\/www.europesays.com\/es\/wp-json\/wp\/v2\/media\/151884"}],"wp:attachment":[{"href":"https:\/\/www.europesays.com\/es\/wp-json\/wp\/v2\/media?parent=151883"}],"wp:term":[{"taxonomy":"category","embeddable":true,"href":"https:\/\/www.europesays.com\/es\/wp-json\/wp\/v2\/categories?post=151883"},{"taxonomy":"post_tag","embeddable":true,"href":"https:\/\/www.europesays.com\/es\/wp-json\/wp\/v2\/tags?post=151883"}],"curies":[{"name":"wp","href":"https:\/\/api.w.org\/{rel}","templated":true}]}}