{"id":151887,"date":"2025-10-02T02:54:12","date_gmt":"2025-10-02T02:54:12","guid":{"rendered":"https:\/\/www.europesays.com\/es\/151887\/"},"modified":"2025-10-02T02:54:12","modified_gmt":"2025-10-02T02:54:12","slug":"hay-flexibilidad-en-el-reglamento","status":"publish","type":"post","link":"https:\/\/www.europesays.com\/es\/151887\/","title":{"rendered":"Hay flexibilidad en el reglamento&#8230;"},"content":{"rendered":"<p class=\"L6-news-detail__text\">Los equipos de F\u00f3rmula 1 ultiman sus dise\u00f1os para la pr\u00f3xima temporada, los de las nuevas normas. Ya quedan meses para que arranque el campeonato y en <b><a title=\"Aston Martin notan el trabajo de Adrian Newey\" href=\"https:\/\/www.lasexta.com\/noticias\/deportes\/motor\/formula1\/fernando-alonso-anonadado-adrian-newey-intentas-entender-que-hace_2025092468d3c6b0d06d8c46f28e9ba4.html\" target=\"_blank\" rel=\"nofollow noopener\">Aston Martin notan el trabajo de Adrian Newey<\/a><\/b>, que parece que no est\u00e1 durmiendo demasiado y se queda hasta tarde en la f\u00e1brica de Silverstone.<\/p>\n<p class=\"L6-news-detail__text\">Cree el ingeniero m\u00e1s laureado de la historia de la competici\u00f3n que <b>podr\u00eda haber coches muy diferentes en la pretemporada de 2026. <\/b><\/p>\n<p class=\"L6-news-detail__text\">En palabras a &#8216;Auto Motor und Sport&#8217;, Newey dice que espera coches diferentes: \u00abEs aburrido cuando todos los coches son iguales y solo se distinguen por la decoraci\u00f3n&#8230;\u00bb.<\/p>\n<p class=\"L6-news-detail__text\"><b>\u00abHay suficiente flexibilidad en el reglamento<\/b>. Estoy seguro de que cada uno encontrar\u00e1 soluciones diferentes\u00bb, espera un Newey que ya prepara el monoplaza de <b><a title=\"Fernando Alonso y de Lance Stroll\" href=\"https:\/\/www.lasexta.com\/noticias\/deportes\/motor\/formula1\/dato-fernando-alonso-baku-que-vuelve-dejar-muy-senalado-lance-stroll_2025092468d42cb5f158e014f6f64f0f.html\" target=\"_blank\" rel=\"nofollow noopener\">Fernando Alonso y de Lance Stroll<\/a><\/b> para el curso que viene.<\/p>\n<p class=\"L6-news-detail__text\"><b>Aston Martin ser\u00e1 uno de los candidatos.<\/b> Ya lo advirti\u00f3 Fernando: tienen todos los ingredientes para luchar por el mundial ya en 2026. Y la cuenta atr\u00e1s ha comenzado.<\/p>\n<p class=\"L6-support-news-video__title\">Entrevista &#8216;Jugones&#8217;<\/p>\n<p>            <a href=\"https:\/\/www.lasexta.com\/noticias\/deportes\/motor\/marc-marquez-lograr-noveno-mundial-volver-quedar-paz-conmigo-mismo_2025092968dadd0af10d3f0678252184.html\" class=\"L6-news__link\" rel=\"nofollow noopener\" target=\"_blank\"><br \/>\n                Marc M\u00e1rquez, tras lograr el noveno mundial: \u00abVolver para quedar en paz conmigo mismo&#8230;\u00bb<\/p>\n<p class=\"recirculation-video-desc\">Marc atiende a &#8216;Jugones&#8217; despu\u00e9s de proclamarse campe\u00f3n de MotoGP en el Gran Premio de Jap\u00f3n. Este martes entrevista completa a partir de las 15.10 en laSexta.<\/p>\n<p>            <\/a><\/p>\n","protected":false},"excerpt":{"rendered":"Los equipos de F\u00f3rmula 1 ultiman sus dise\u00f1os para la pr\u00f3xima temporada, los de las nuevas normas. Ya&hellip;\n","protected":false},"author":2,"featured_media":55465,"comment_status":"","ping_status":"","sticky":false,"template":"","format":"standard","meta":{"footnotes":""},"categories":[270],"tags":[168,25,24,306,271,272,23,167],"class_list":{"0":"post-151887","1":"post","2":"type-post","3":"status-publish","4":"format-standard","5":"has-post-thumbnail","7":"category-formula-1","8":"tag-deportes","9":"tag-es","10":"tag-espana","11":"tag-f1","12":"tag-formula-1","13":"tag-formula1","14":"tag-spain","15":"tag-sports"},"share_on_mastodon":{"url":"","error":""},"_links":{"self":[{"href":"https:\/\/www.europesays.com\/es\/wp-json\/wp\/v2\/posts\/151887","targetHints":{"allow":["GET"]}}],"collection":[{"href":"https:\/\/www.europesays.com\/es\/wp-json\/wp\/v2\/posts"}],"about":[{"href":"https:\/\/www.europesays.com\/es\/wp-json\/wp\/v2\/types\/post"}],"author":[{"embeddable":true,"href":"https:\/\/www.europesays.com\/es\/wp-json\/wp\/v2\/users\/2"}],"replies":[{"embeddable":true,"href":"https:\/\/www.europesays.com\/es\/wp-json\/wp\/v2\/comments?post=151887"}],"version-history":[{"count":0,"href":"https:\/\/www.europesays.com\/es\/wp-json\/wp\/v2\/posts\/151887\/revisions"}],"wp:featuredmedia":[{"embeddable":true,"href":"https:\/\/www.europesays.com\/es\/wp-json\/wp\/v2\/media\/55465"}],"wp:attachment":[{"href":"https:\/\/www.europesays.com\/es\/wp-json\/wp\/v2\/media?parent=151887"}],"wp:term":[{"taxonomy":"category","embeddable":true,"href":"https:\/\/www.europesays.com\/es\/wp-json\/wp\/v2\/categories?post=151887"},{"taxonomy":"post_tag","embeddable":true,"href":"https:\/\/www.europesays.com\/es\/wp-json\/wp\/v2\/tags?post=151887"}],"curies":[{"name":"wp","href":"https:\/\/api.w.org\/{rel}","templated":true}]}}