{"id":151888,"date":"2025-10-02T02:55:12","date_gmt":"2025-10-02T02:55:12","guid":{"rendered":"https:\/\/www.europesays.com\/es\/151888\/"},"modified":"2025-10-02T02:55:12","modified_gmt":"2025-10-02T02:55:12","slug":"clases-de-recuperacion-en-el-rincon-de-pensar-para-el-nuevo-uemc-cbcv","status":"publish","type":"post","link":"https:\/\/www.europesays.com\/es\/151888\/","title":{"rendered":"Clases de recuperaci\u00f3n en el rinc\u00f3n de pensar para el nuevo UEMC CBCV"},"content":{"rendered":"<p class=\"paragraph\">La regeneraci\u00f3n del baloncesto de elite en Valladolid pasa por un a\u00f1o condenado en el rinc\u00f3n de pensar. El descenso a la Segunda FEB o lo que es lo mismo a la tercera categor\u00eda del baloncesto espa\u00f1ol, obliga a clases de recuperaci\u00f3n para un CBCiudad de Valladolid, que vuelve a los or\u00edgenes tras su fallido y&#8230; decepcionante matrimonio con el Real Valladolid CF, y se ve arropado por el patrocinador, UEMC,  que le ha acompa\u00f1ado, en lo bueno y en lo malo en estos \u00faltimos cinco a\u00f1os como patrono principal.<\/p>\n<p>            <a href=\"#\" title=\"\"><\/p>\n<p>                    <img loading=\"lazy\" decoding=\"async\" data-index=\"\" width=\"140\" height=\"140\" alt=\"Acci\u00f3n  defensiva del UEMCCBCV.\" data-full=\"[object Object]\" data-original=\"[object Object]\" src=\"https:\/\/imagenes.diariodevalladolid.es\/files\/related_image\/uploads\/2025\/09\/27\/68d85b1f4991e.jpeg\" data-full-src=\"https:\/\/www.europesays.com\/es\/wp-content\/uploads\/2025\/10\/68d85b1f4991e.jpeg\"\/><\/p>\n<p>            <\/a><\/p>\n<p class=\"paragraph\">El recientemente renovado Campus de la Universidad Europea Miguel de Cervantes (UEMC) en su Plaza Central, acogi\u00f3 la ya tradicional puesta en escena o presentaci\u00f3n oficial de la primera plantilla y cuerpo t\u00e9cnico de un tambi\u00e9n renovado UEMC Baloncesto Valladolid, que busca recuperar la categor\u00eda perdida en una temporada de obligadas clases recuperaci\u00f3n.\u00a0<\/p>\n<p class=\"c-detail__media__subtitle\">\n<p>        Presentaci\u00f3n del UEMC CBCV.CBCV \/ RUB\u00c9N ORTEGA<\/p>\n<p class=\"paragraph\">Y qu\u00e9 mejor manera de hacerlo que con un plantel, quiz\u00e1s demasiado corto (sin duda el gran handicap de partida) pero joven y de corte universitario. Y es que la plantilla  morada de esta campa\u00f1a cuenta  con  hasta diez graduados o estudiantes universitarios, algunos de ellos con reconocimientos a su trayectoria acad\u00e9mica, como Hanna, con su Premio a la Excelencia Acad\u00e9mica en la carrera de Biolog\u00eda, o \u2018Ice\u2019 Haney, quien ha recibido tambi\u00e9n galardones por su compromiso social.<\/p>\n<p class=\"c-detail__media__subtitle\">\n<p>        El presidente Lorenzo Alonso Nistal en su intervenci\u00f3n.CBCV \/ RUBEN ORTEGA<\/p>\n<p>LORENZO ALONSO NISTAL: \u00abEs una ocasi\u00f3n para volver a los inicios\u00bb<\/p>\n<p>Con las ausencias del presidente honor\u00edfico Mike Hansen y del director general Paco Gonz\u00e1lez, la puesta en escena del UEMC CBCV s\u00ed cont\u00f3 con la presencia del  presidente Lorenzo Alonso Nistal, que se mostr\u00f3 ilusionado ante esta nueva campa\u00f1a de obligada  reconstrucci\u00f3n. \u00abEs una temporada de volver al inicio, a la esencia del club, y con toda ilusi\u00f3n de intentar recuperar la categor\u00eda lo antes posible. La afici\u00f3n ha demostrado responder muy bien en la campa\u00f1a de abonados y ahora hay que intentar llenar Pisuerga con la gente que pueda venir y se sume al proyecto\u00bb.<br \/>A pesar de tener que afrontar un proyecto en el tercer escal\u00f3n del baloncesto profesional espa\u00f1ol, la m\u00e1xima cabeza visible del club opta por ver el vaso medio lleno. \u00abCreo que es una plantilla que est\u00e1 muy  bien posicionada, a pesar de ser un poco corta. Est\u00e1n entrenando muy bien y han ido de menos a m\u00e1s. Pero sobre todo se ve un grupo muy unido que  va a dar muchas alegr\u00edas\u00bb.<\/p>\n<p class=\"paragraph\">El v\u00ednculo entre el Club y la UEMC es total como prueba el hecho de que hasta cuatro jugadores tienen una relaci\u00f3n directa con la Universidad Europea Miguel de Cervantes, desde el capit\u00e1n Juan Garc\u00eda-Abril, estudiante de ADE, hasta Pablo Hern\u00e1ndez, alumno de Ciencias de la Actividad F\u00edsica y del Deporte, Rodrigo S\u00e1nchez, alumno de Fisioterapia o Pablo Mart\u00edn, ya graduado en Fisioterapia. ya estos cuatro jugadores hay que sumar el cuerpo t\u00e9cnico por partida triple. Comenzando por el primer entrenador, David Barrio, graduado en ADE en la UEMC y Premio Extraordinario Fin de Carrera al Mejor Expediente Acad\u00e9mico, al que acompa\u00f1an esta temporada \u00c1lvaro D\u00edaz, graduado en Ciencias de la Actividad F\u00edsica y del Deporte por la UEMC, como segundo entrenador, y Pablo Rold\u00e1n, quien defender\u00e1 este a\u00f1o su trabajo de fin de grado en esta misma titulaci\u00f3n y ejercer\u00e1 como tercer entrenador.<\/p>\n<p class=\"c-detail__media__subtitle\">\n<p>        Jes\u00fas Zarzuela, en su intervenci\u00f3n.CBCV \/ RUBEN ORTEGA<\/p>\n<p>JES\u00daS ZARZUELA: \u00abHay que ser optimistas y defender lo nuestro\u00bb<\/p>\n<p>En las duras y&#8230; en las maduras. La UEMC sigue arropando al baloncesto pese a bajar un escal\u00f3n tras el descenso. Jes\u00fas Zarzuela mostraba su compromiso. \u00abNo quedaba otra de verdad que el apoyar este proyecto que adem\u00e1s es sociodeportivo y que tiene otros componentes, como el cultural, formativo, que tiene valores y que entend\u00edamos que adem\u00e1s en este a\u00f1o ten\u00edamos que estar respald\u00e1ndolo\u00bb.<br \/>El consejero delegado de la UEMC tambi\u00e9n se mostraba ilusionado ante el nuevo proyecto. \u00abSomos de Valladolid y la gente de Valladolid creo que tenemos una capacidad de sufrimiento y debemos de ser optimistas y respaldar lo que tenemos en nuestra tierra. Es importante. Ojal\u00e1 que volvamos alg\u00fan d\u00eda a lo que fuimos aunque no hay que marcar plazos porque creo que lo importante en ese momento es el objetivo, no los plazos. Yo creo que alguna vez se conseguir\u00e1 y se conseguir\u00e1 un proyecto estable como el que estuvo tantos a\u00f1os en la ACB\u00bb.<\/p>\n<p class=\"paragraph\">A tres d\u00edas del debut liguero (s\u00e1bado; 19.00 horas en Pisuerga ante Toledo), el UEMC CBCV afront\u00f3, como ya es tradici\u00f3n, un nuevo reto. En este caso se trataba de encestar desde la azotea del recientemente inaugurado Edificio 03, a m\u00e1s de una veintena de metros, en una canasta situada en la Plaza Central del Campus. Se enfrentaron, por parte de la UEMC, el Vicerrector de Pol\u00edtica Cient\u00edfica e Internacionalizaci\u00f3n, Juan Mart\u00edn Hern\u00e1ndez, y la responsable del Servicio de Admisiones, Jimena Fern\u00e1ndez Alcalde, y representando al equipo, los capitanes vallisoletanos y miembros de la Comunidad UEMC, Juan Garc\u00eda-Abril y Pablo Mart\u00edn. \u00bfEl resultado? Triunfo para el que jugaba en casa. Con una canasta lograda por Juan Mart\u00edn Hern\u00e1ndez que levant\u00f3 los v\u00edtores de los alumnos.<\/p>\n<p>SEGUNDA FEB.- Tres billetes de ascenso en juego<\/p>\n<p>El UEMC CBC Valladolid arranca la Liga el s\u00e1bado en Pisuerga ante el CB Toledo. Con 28 equipos en liza divididos en dos conferencias  participantes en dos conferencias (Este y Oeste) el CBC Valladolid  parte en la Conferencia Oeste en busca primero de esa primera plaza que da\u00a0 derecho a disputar la final que da el primero de los tres bille tes de ascenso a Primera FEB. La fase regular se disputar\u00e1 a doble vuelta. Los ocho primeros clasificados de cada grupo acceder\u00e1n a los playoffs, que repartir\u00e1 otras dos plazas de ascenso. La Segunda FEB cuenta con una norma  acerca de los jugadores de formaci\u00f3n, y es que en todo momento debe haber dos en pista y durante todo el tiempo de juego.<\/p>\n","protected":false},"excerpt":{"rendered":"La regeneraci\u00f3n del baloncesto de elite en Valladolid pasa por un a\u00f1o condenado en el rinc\u00f3n de pensar.&hellip;\n","protected":false},"author":2,"featured_media":151889,"comment_status":"","ping_status":"","sticky":false,"template":"","format":"standard","meta":{"footnotes":""},"categories":[269],"tags":[299,298,168,25,24,9486,34786,43826,23,167,45987],"class_list":{"0":"post-151888","1":"post","2":"type-post","3":"status-publish","4":"format-standard","5":"has-post-thumbnail","7":"category-baloncesto","8":"tag-baloncesto","9":"tag-basketball","10":"tag-deportes","11":"tag-es","12":"tag-espana","13":"tag-estudiantes","14":"tag-miguel-de-cervantes","15":"tag-pablo-hernandez","16":"tag-spain","17":"tag-sports","18":"tag-universidad-europea-miguel-de-cervantes"},"share_on_mastodon":{"url":"","error":""},"_links":{"self":[{"href":"https:\/\/www.europesays.com\/es\/wp-json\/wp\/v2\/posts\/151888","targetHints":{"allow":["GET"]}}],"collection":[{"href":"https:\/\/www.europesays.com\/es\/wp-json\/wp\/v2\/posts"}],"about":[{"href":"https:\/\/www.europesays.com\/es\/wp-json\/wp\/v2\/types\/post"}],"author":[{"embeddable":true,"href":"https:\/\/www.europesays.com\/es\/wp-json\/wp\/v2\/users\/2"}],"replies":[{"embeddable":true,"href":"https:\/\/www.europesays.com\/es\/wp-json\/wp\/v2\/comments?post=151888"}],"version-history":[{"count":0,"href":"https:\/\/www.europesays.com\/es\/wp-json\/wp\/v2\/posts\/151888\/revisions"}],"wp:featuredmedia":[{"embeddable":true,"href":"https:\/\/www.europesays.com\/es\/wp-json\/wp\/v2\/media\/151889"}],"wp:attachment":[{"href":"https:\/\/www.europesays.com\/es\/wp-json\/wp\/v2\/media?parent=151888"}],"wp:term":[{"taxonomy":"category","embeddable":true,"href":"https:\/\/www.europesays.com\/es\/wp-json\/wp\/v2\/categories?post=151888"},{"taxonomy":"post_tag","embeddable":true,"href":"https:\/\/www.europesays.com\/es\/wp-json\/wp\/v2\/tags?post=151888"}],"curies":[{"name":"wp","href":"https:\/\/api.w.org\/{rel}","templated":true}]}}