{"id":151890,"date":"2025-10-02T02:56:10","date_gmt":"2025-10-02T02:56:10","guid":{"rendered":"https:\/\/www.europesays.com\/es\/151890\/"},"modified":"2025-10-02T02:56:10","modified_gmt":"2025-10-02T02:56:10","slug":"por-que-karim-adeyemi-grito-a-inigo-lekue-en-el-dortmund","status":"publish","type":"post","link":"https:\/\/www.europesays.com\/es\/151890\/","title":{"rendered":"Por qu\u00e9 Karim Adeyemi grit\u00f3 a I\u00f1igo Lekue en el Dortmund"},"content":{"rendered":"\n<p>M\u00e1s noticias<\/p>\n<p><a class=\"info_masnoticias\" href=\"https:\/\/www.eldesmarque.com\/futbol\/athletic-club\/\" rel=\"nofollow noopener\" target=\"_blank\"><br \/>\nM\u00e1s de<br \/>\nM\u00e1s noticias de<br \/>\nAthletic Club<br \/>\n<\/a><\/p>\n<p>El <strong>Athletic Club<\/strong> conoc\u00eda de primera mano <a href=\"https:\/\/www.eldesmarque.com\/futbol\/athletic-club\/20250929\/miguel-angel-moya-aviso-gran-amenaza-borussia-dortmund-athletic_300770676.html\" rel=\"nofollow noopener\" target=\"_blank\">cu\u00e1les eran los principales peligros<\/a> de su rival este mi\u00e9rcoles. Ernesto Valverde <a href=\"https:\/\/www.eldesmarque.com\/futbol\/athletic-club\/20251001\/alineaciones-confirmadas-borussia-athletic-champions_300769544.html\" rel=\"nofollow noopener\" target=\"_blank\">apost\u00f3 por I\u00f1igo Lekue<\/a> para<strong> frenar a Karim Adeyemi<\/strong> y lo cierto es que el jugador del Borussia Dortmund fue un colmillo en ataque.<\/p>\n<p>De hecho, el primer tanto del encuentro <strong>naci\u00f3 de las botas del futbolista alem\u00e1n<\/strong>. El extremo le gan\u00f3 la partida al lateral y puso un bal\u00f3n al segundo palo que <strong>remat\u00f3 a placer <\/strong><strong>Daniel Svensson<\/strong> pese al intento de estirada de Unai Sim\u00f3n.<\/p>\n<p>Pese a su buen hacer, Adeyemi fue el primer cambio del t\u00e9cnico Niko Kovac en el partido. No obstante, y aunque solo estuvo 63 minutos sobre el terreno de juego, el germano<strong> tambi\u00e9n tuvo tiempo para protagonizar un pol\u00e9mico gesto<\/strong>.<\/p>\n<p><img decoding=\"async\" src=\"https:\/\/www.europesays.com\/es\/wp-content\/uploads\/2025\/10\/251001_99_209808_dpaijpg_001.jpg\" width=\"660\" height=\"461.54\" alt=\"Karim Adeyemi, al fondo, ante el Athletic. (Foto: EFE)\"\/><br \/>\nKarim Adeyemi, al fondo, ante el Athletic. (Foto: EFE)<\/p>\n<p>El gesto de Karim Adeyemi a I\u00f1igo Lekue en el Dortmund &#8211; Athletic<\/p>\n<p>Ya con el 1-0 en el luminoso del Signal Iduna Park, el atacante local pugn\u00f3 por un bal\u00f3n con el lateral de los leones y gan\u00f3 la batalla. El Borussia disfrutar\u00eda de un c\u00f3rner, una acci\u00f3n m\u00e1s en el encuentro, pero para Adeyemi <strong>pareci\u00f3 m\u00e1s importante dada su reacci\u00f3n en la cara de Lekue<\/strong>.<\/p>\n<p>El extremo del Dortmund celebr\u00f3 la acci\u00f3n y grit\u00f3 al defensor del Athletic, ante la incredulidad de este, pues<strong> le pidi\u00f3 r\u00e1pidamente explicaciones<\/strong>. Adeyemi protagonizar\u00eda m\u00e1s acciones similares, ya que <strong>lleg\u00f3 a dirigirse en un tono similar al trencilla<\/strong> del encuentro, para la sorpresa de los athleticzales.<\/p>\n<blockquote class=\"twitter-tweet\">\n<p lang=\"tr\" dir=\"ltr\">Karim Adeyemi \ud83d\ude02 <a href=\"https:\/\/twitter.com\/hashtag\/BVBATH?src=hash&amp;ref_src=twsrc%5Etfw\" rel=\"nofollow noopener\" target=\"_blank\">#BVBATH<\/a> <a href=\"https:\/\/twitter.com\/hashtag\/UCL?src=hash&amp;ref_src=twsrc%5Etfw\" rel=\"nofollow noopener\" target=\"_blank\">#UCL<\/a> <a href=\"https:\/\/t.co\/84RVGQeN46\" rel=\"nofollow\">pic.twitter.com\/84RVGQeN46<\/a><\/p>\n<p>\u2014 B.Dortmund \ud83d\udcf8 (@MediaBVB) <a href=\"https:\/\/twitter.com\/MediaBVB\/status\/1973474207024726096?ref_src=twsrc%5Etfw\" rel=\"nofollow noopener\" target=\"_blank\">October 1, 2025<\/a><\/p>\n<\/blockquote>\n<p>La primera parte, un mon\u00f3logo local<\/p>\n<p>El Athletic Club perd\u00eda por 1-0 frente al Borussia Dortmund, tras un gol del sueco Daniel Svensson, al descanso del partido de la segunda jornada de la Liga de Campeones que se disputaba en el Signal Iduna Park.<\/p>\n<p>El equipo rojiblanco, con poca presencia en ataque aunque s\u00f3lido en la primera media hora, <strong>encaj\u00f3 el 1-0 en el minuto 29 tras un centro desde la derecha de Karim Adeyemi<\/strong> que Svensson empuj\u00f3 en el segundo palo al fondo de la porter\u00eda de Unai Sim\u00f3n. El portero internacional, en el 36, <strong>evit\u00f3 el segundo en un zapatazo de Niklas S\u00fcle<\/strong> desde la frontal del \u00e1rea<\/p>\n<p><script async src=\"https:\/\/platform.twitter.com\/widgets.js\" charset=\"utf-8\"><\/script><\/p>\n","protected":false},"excerpt":{"rendered":"M\u00e1s noticias M\u00e1s de M\u00e1s noticias de Athletic Club El Athletic Club conoc\u00eda de primera mano cu\u00e1les eran&hellip;\n","protected":false},"author":2,"featured_media":151891,"comment_status":"","ping_status":"","sticky":false,"template":"","format":"standard","meta":{"footnotes":""},"categories":[268],"tags":[168,25,24,280,282,281,23,167],"class_list":{"0":"post-151890","1":"post","2":"type-post","3":"status-publish","4":"format-standard","5":"has-post-thumbnail","7":"category-futbol","8":"tag-deportes","9":"tag-es","10":"tag-espana","11":"tag-football","12":"tag-futbol","13":"tag-soccer","14":"tag-spain","15":"tag-sports"},"share_on_mastodon":{"url":"","error":""},"_links":{"self":[{"href":"https:\/\/www.europesays.com\/es\/wp-json\/wp\/v2\/posts\/151890","targetHints":{"allow":["GET"]}}],"collection":[{"href":"https:\/\/www.europesays.com\/es\/wp-json\/wp\/v2\/posts"}],"about":[{"href":"https:\/\/www.europesays.com\/es\/wp-json\/wp\/v2\/types\/post"}],"author":[{"embeddable":true,"href":"https:\/\/www.europesays.com\/es\/wp-json\/wp\/v2\/users\/2"}],"replies":[{"embeddable":true,"href":"https:\/\/www.europesays.com\/es\/wp-json\/wp\/v2\/comments?post=151890"}],"version-history":[{"count":0,"href":"https:\/\/www.europesays.com\/es\/wp-json\/wp\/v2\/posts\/151890\/revisions"}],"wp:featuredmedia":[{"embeddable":true,"href":"https:\/\/www.europesays.com\/es\/wp-json\/wp\/v2\/media\/151891"}],"wp:attachment":[{"href":"https:\/\/www.europesays.com\/es\/wp-json\/wp\/v2\/media?parent=151890"}],"wp:term":[{"taxonomy":"category","embeddable":true,"href":"https:\/\/www.europesays.com\/es\/wp-json\/wp\/v2\/categories?post=151890"},{"taxonomy":"post_tag","embeddable":true,"href":"https:\/\/www.europesays.com\/es\/wp-json\/wp\/v2\/tags?post=151890"}],"curies":[{"name":"wp","href":"https:\/\/api.w.org\/{rel}","templated":true}]}}