{"id":151892,"date":"2025-10-02T02:57:13","date_gmt":"2025-10-02T02:57:13","guid":{"rendered":"https:\/\/www.europesays.com\/es\/151892\/"},"modified":"2025-10-02T02:57:13","modified_gmt":"2025-10-02T02:57:13","slug":"la-familia-de-montserrat-caballe-aclara-lo-que-ha-ocurrido-tras-estar-al-borde-del-desahucio","status":"publish","type":"post","link":"https:\/\/www.europesays.com\/es\/151892\/","title":{"rendered":"La familia de Montserrat Caball\u00e9 aclara lo que ha ocurrido tras estar al borde del desahucio"},"content":{"rendered":"<p id=\"ePL58KcT_C\" data-wc=\"107\">La familia de Montserrat Caball\u00e9 ha pasado un verano con algunas complicaciones. <a class=\"hm-link ho-link\" href=\"https:\/\/www.hola.com\/actualidad\/20250722845793\/familia-montserrat-caballe-desahucio-impago\/\" data-mrf-recirculation=\"article-body-link\" rel=\"nofollow noopener\" target=\"_blank\">Se enfrentaron a un desahucio por impago<\/a>, y un juzgado lleg\u00f3 a fijar para el pr\u00f3ximo 3 de octubre la fecha de lanzamiento de la sede de su fundaci\u00f3n, donde vive el hermano de la artista. Pero \u00bfqu\u00e9 ha ocurrido finalmente? \u00bfHan conseguido llegar a un acuerdo? <strong>El hermano y la sobrina de Montserrat Caball\u00e9 han reaparecido<\/strong>, a punto de cumplirse siete a\u00f1os del fallecimiento de la cantante, en el estreno del musical El fantasma de la \u00f3pera en Barcelona, y all\u00ed han aclarado qu\u00e9 ha pasado exactamente con respecto a este asunto tan delicado.\u00a0<\/p>\n","protected":false},"excerpt":{"rendered":"La familia de Montserrat Caball\u00e9 ha pasado un verano con algunas complicaciones. Se enfrentaron a un desahucio por&hellip;\n","protected":false},"author":2,"featured_media":151893,"comment_status":"","ping_status":"","sticky":false,"template":"","format":"standard","meta":{"footnotes":""},"categories":[174],"tags":[517,255,146,147,25,24,256,45988,23],"class_list":{"0":"post-151892","1":"post","2":"type-post","3":"status-publish","4":"format-standard","5":"has-post-thumbnail","7":"category-famosos","8":"tag-actualidad","9":"tag-celebrities","10":"tag-entertainment","11":"tag-entretenimiento","12":"tag-es","13":"tag-espana","14":"tag-famosos","15":"tag-montserrat-caballe","16":"tag-spain"},"share_on_mastodon":{"url":"","error":""},"_links":{"self":[{"href":"https:\/\/www.europesays.com\/es\/wp-json\/wp\/v2\/posts\/151892","targetHints":{"allow":["GET"]}}],"collection":[{"href":"https:\/\/www.europesays.com\/es\/wp-json\/wp\/v2\/posts"}],"about":[{"href":"https:\/\/www.europesays.com\/es\/wp-json\/wp\/v2\/types\/post"}],"author":[{"embeddable":true,"href":"https:\/\/www.europesays.com\/es\/wp-json\/wp\/v2\/users\/2"}],"replies":[{"embeddable":true,"href":"https:\/\/www.europesays.com\/es\/wp-json\/wp\/v2\/comments?post=151892"}],"version-history":[{"count":0,"href":"https:\/\/www.europesays.com\/es\/wp-json\/wp\/v2\/posts\/151892\/revisions"}],"wp:featuredmedia":[{"embeddable":true,"href":"https:\/\/www.europesays.com\/es\/wp-json\/wp\/v2\/media\/151893"}],"wp:attachment":[{"href":"https:\/\/www.europesays.com\/es\/wp-json\/wp\/v2\/media?parent=151892"}],"wp:term":[{"taxonomy":"category","embeddable":true,"href":"https:\/\/www.europesays.com\/es\/wp-json\/wp\/v2\/categories?post=151892"},{"taxonomy":"post_tag","embeddable":true,"href":"https:\/\/www.europesays.com\/es\/wp-json\/wp\/v2\/tags?post=151892"}],"curies":[{"name":"wp","href":"https:\/\/api.w.org\/{rel}","templated":true}]}}