{"id":151894,"date":"2025-10-02T03:00:08","date_gmt":"2025-10-02T03:00:08","guid":{"rendered":"https:\/\/www.europesays.com\/es\/151894\/"},"modified":"2025-10-02T03:00:08","modified_gmt":"2025-10-02T03:00:08","slug":"adivinar-canciones-de-los-coaches-con-un-despiste-inesperado","status":"publish","type":"post","link":"https:\/\/www.europesays.com\/es\/151894\/","title":{"rendered":"adivinar canciones de los coaches\u2026 \u00a1con un despiste inesperado!"},"content":{"rendered":"<p>Tras las c\u00e1maras de<b> La Voz <\/b>hemos vivido un reto lleno de risas y complicidad entre los coaches. <b><a title=\"Mal\u00fa\" href=\"https:\/\/www.antena3.com\/programas\/la-voz\/malu-demuestra-destreza-jugando-ahorcado-conoce-uno-mayores-exitos-yatra_2025100168dcff53771e4a2d532631e6.html\" target=\"_blank\" rel=\"nofollow noopener\">Mal\u00fa<\/a><\/b><b>, Pablo L\u00f3pez, Mika<\/b> y<b> Sebasti\u00e1n Yatra<\/b> jugaron a adivinar canciones a partir de fragmentos de sus letras, un reto que parec\u00eda sencillo, pero que ha tra\u00eddo alg\u00fan que otro despiste entre ellos.<\/p>\n<p>Aunque la mayor\u00eda de temas los identificaron con rapidez, hubo uno que desat\u00f3 las carcajadas: \u2018<b>Tacones Rojos<\/b>\u2019. El propio Sebasti\u00e1n Yatra, autor del <b>hit<\/b>, se despist\u00f3 tanto que lleg\u00f3 a pensar que era un tema de Mika. Las bromas no tardaron en aparecer y el momento se convirti\u00f3 en uno de los m\u00e1s divertidos.<\/p>\n<p>Entre risas, los cuatro coaches demostraron que no solo disfrutan con la m\u00fasica en el escenario, sino tambi\u00e9n jugando y compartiendo momentos \u00fanicos entre ellos. Una muestra m\u00e1s del gran ambiente que se vive en el <b>backstage<\/b> de La Voz. \u00a1Desc\u00fabrelo en el v\u00eddeo de arriba!<\/p>\n<p>   <img decoding=\"async\" title=\"Nayo, talent de La Voz\" alt=\"Nayo, talent de La Voz\" width=\"480\" height=\"270\" src=\"https:\/\/www.europesays.com\/es\/wp-content\/uploads\/2025\/10\/nayo-talent-voz_70.jpg\" loading=\"lazy\" class=\"lazy\"\/><\/p>\n","protected":false},"excerpt":{"rendered":"Tras las c\u00e1maras de La Voz hemos vivido un reto lleno de risas y complicidad entre los coaches.&hellip;\n","protected":false},"author":2,"featured_media":151895,"comment_status":"","ping_status":"","sticky":false,"template":"","format":"standard","meta":{"footnotes":""},"categories":[171],"tags":[146,147,25,24,23,214],"class_list":{"0":"post-151894","1":"post","2":"type-post","3":"status-publish","4":"format-standard","5":"has-post-thumbnail","7":"category-tv","8":"tag-entertainment","9":"tag-entretenimiento","10":"tag-es","11":"tag-espana","12":"tag-spain","13":"tag-tv"},"share_on_mastodon":{"url":"","error":""},"_links":{"self":[{"href":"https:\/\/www.europesays.com\/es\/wp-json\/wp\/v2\/posts\/151894","targetHints":{"allow":["GET"]}}],"collection":[{"href":"https:\/\/www.europesays.com\/es\/wp-json\/wp\/v2\/posts"}],"about":[{"href":"https:\/\/www.europesays.com\/es\/wp-json\/wp\/v2\/types\/post"}],"author":[{"embeddable":true,"href":"https:\/\/www.europesays.com\/es\/wp-json\/wp\/v2\/users\/2"}],"replies":[{"embeddable":true,"href":"https:\/\/www.europesays.com\/es\/wp-json\/wp\/v2\/comments?post=151894"}],"version-history":[{"count":0,"href":"https:\/\/www.europesays.com\/es\/wp-json\/wp\/v2\/posts\/151894\/revisions"}],"wp:featuredmedia":[{"embeddable":true,"href":"https:\/\/www.europesays.com\/es\/wp-json\/wp\/v2\/media\/151895"}],"wp:attachment":[{"href":"https:\/\/www.europesays.com\/es\/wp-json\/wp\/v2\/media?parent=151894"}],"wp:term":[{"taxonomy":"category","embeddable":true,"href":"https:\/\/www.europesays.com\/es\/wp-json\/wp\/v2\/categories?post=151894"},{"taxonomy":"post_tag","embeddable":true,"href":"https:\/\/www.europesays.com\/es\/wp-json\/wp\/v2\/tags?post=151894"}],"curies":[{"name":"wp","href":"https:\/\/api.w.org\/{rel}","templated":true}]}}