{"id":15190,"date":"2025-07-31T01:24:12","date_gmt":"2025-07-31T01:24:12","guid":{"rendered":"https:\/\/www.europesays.com\/es\/15190\/"},"modified":"2025-07-31T01:24:12","modified_gmt":"2025-07-31T01:24:12","slug":"mercado-fichajes-2026-gilmore-a-israel-kopecky-a-unibet","status":"publish","type":"post","link":"https:\/\/www.europesays.com\/es\/15190\/","title":{"rendered":"Mercado fichajes 2026: Gilmore a Israel; Kopecky a Unibet"},"content":{"rendered":"<p><strong><a href=\"https:\/\/www.ciclo21.com\/mercado-fichajes-2024-vermote\/\" target=\"_blank\" rel=\"noopener nofollow\">MERCADO FICHAJES 2024<\/a> \/ <a href=\"https:\/\/www.ciclo21.com\/mercado-fichajes-2025-mckenzie\/\" target=\"_blank\" rel=\"noopener nofollow\">2025<\/a><\/strong><\/p>\n<p><strong>Redacci\u00f3n \/ <a href=\"https:\/\/t.me\/ciclo21\" target=\"_blank\" rel=\"noopener nofollow\">Ciclo 21<\/a><\/strong><\/p>\n<p><strong>30 julio<\/strong><\/p>\n<p><a href=\"https:\/\/www.europesays.com\/es\/wp-content\/uploads\/2025\/07\/Brady-Gilmore.jpeg\" target=\"_blank\" rel=\"noopener\"><img fetchpriority=\"high\" decoding=\"async\" aria-describedby=\"caption-attachment-442791\" class=\"wp-image-442791 lazy\" src=\"data:image\/svg+xml,%3Csvg%20xmlns=\" http:=\"\" data-src=\"https:\/\/www.europesays.com\/es\/wp-content\/uploads\/2025\/07\/Brady-Gilmore.jpeg\" alt=\"\" width=\"746\" height=\"468\" data- data-\/><\/a><\/p>\n<p id=\"caption-attachment-442791\" class=\"wp-caption-text\">\u00a9 Israel Premier Tech<\/p>\n<p style=\"text-align: justify;\">Despu\u00e9s de una temporada destacada en 2025, <strong>Brady Gilmore<\/strong> dar\u00e1 el siguiente paso en su carrera y se convertir\u00e1 en profesional en 2026 tras haber firmado un contrato de <strong>tres temporadas con Israel-Premier Tech<\/strong>. El australiano de 24 a\u00f1os, que ya corri\u00f3 en el equipo como aprendiz en 2023, antes de firmar con el conjunto filial de categor\u00eda <strong>continental a mediados de 2024<\/strong>, ha tenido un gran inicio de 2025, con dos victorias de etapa en el <a href=\"https:\/\/www.ciclo21.com\/4a-tour-ruanda-2025-gilmore\/\" target=\"_blank\" rel=\"noopener nofollow\"><strong>Tour de Ruanda<\/strong><\/a>, y una victoria de etapa y la general tanto en el <a href=\"https:\/\/www.ciclo21.com\/2a-tour-taiwan-2025-gilmore\/\" target=\"_blank\" rel=\"noopener nofollow\"><strong>Tour de Taiw\u00e1n<\/strong><\/a> como en el <strong>Circuito de las Ardenas<\/strong> gracias a sus cualidades como puncheur.<\/p>\n<p style=\"text-align: justify;\">Brady Gilmore: \u00abHa sido un logro muy esperado y se siente incre\u00edble. <strong>Me pregunto si es real<\/strong>. Con el camino que me ha brindado el equipo, junto con la oportunidad de ganar carreras, fue una decisi\u00f3n natural dar el salto profesional con este equipo. El a\u00f1o que viene ser\u00e1 un ascenso familiar y sin contratiempos. Me gusta el ambiente del equipo, sobre todo <strong>su cultura internacional<\/strong>. Me siento como en casa y he hecho grandes amigos. Mis objetivos para los pr\u00f3ximos a\u00f1os son concentrarme en convertirme en el mejor profesional posible, aprovechar las oportunidades que se me presenten y, por supuesto, <strong>competir en una gran vuelta<\/strong>\u00ab.<\/p>\n<p><a href=\"https:\/\/www.europesays.com\/es\/wp-content\/uploads\/2025\/07\/GxFyITMXcAEYF_U.jpg\" target=\"_blank\" rel=\"noopener\"><img loading=\"lazy\" decoding=\"async\" aria-describedby=\"caption-attachment-442796\" class=\"wp-image-442796 lazy\" src=\"data:image\/svg+xml,%3Csvg%20xmlns=\" http:=\"\" data-src=\"https:\/\/www.europesays.com\/es\/wp-content\/uploads\/2025\/07\/GxFyITMXcAEYF_U.jpg\" alt=\"\" width=\"651\" height=\"609\" data- data-\/><\/a><\/p>\n<p id=\"caption-attachment-442796\" class=\"wp-caption-text\">Maty\u00e1\u0161 y Tom\u00e1\u0161 Kopeck\u00fd \u00a9 Unibet Tietema Rockets<\/p>\n<p style=\"text-align: justify;\"><strong>Los hermanos Kopeck\u00fd correr\u00e1n juntos en 2026<\/strong>. <strong>Maty\u00e1\u0161 Kopeck\u00fd<\/strong> ha firmado para las temporadas 2026 y 2027 con el equipo <strong>Unibet Tietema Rockets<\/strong>, donde coincidir\u00e1 con <strong>Tom\u00e1\u0161 Kopeck\u00fd<\/strong>. El checo de 22 a\u00f1os llegar\u00e1 procedente del Novo Nordisk, donde ha competido las cuatro \u00faltimas temporadas. El <strong>velocista, puncheur y clasic\u00f3mano<\/strong> destac\u00f3 ya en 2023 con un quinto puesto en el Campeonato de Europa sub-23 y el pasado a\u00f1o daba un salto adelante al ser quinto en el Cholet Agglo Tour y sumando numerosos top-10 en etapas del Tour de Turqu\u00eda o el Tour de Grecia y en cl\u00e1sicas como el Circuito Franco-Belga, La Roue Tourangelle o la Par\u00eds-Camembert. Ya en 2025, destac\u00f3 en la primavera siendo quinto en La Route Ad\u00e9lie o s\u00e9ptimo en la Par\u00eds-Camembert. Despu\u00e9s de lograr <strong>numerosos top-10 al sprint<\/strong> en etapas de Hungr\u00eda, Estonia o B\u00e9lgica, el pasado mes se proclamaba <strong>subcampe\u00f3n de la Rep\u00fablica Checa<\/strong>.<\/p>\n<p><strong>MERCADO FICHAJES 2026<\/strong><\/p>\n<p><strong>World Tour<\/strong><\/p>\n<p><strong>ALPECIN (BEL): <\/strong>Lennert Belmans (BEL\/Alpecin continental), Aaron Dockx (BEL\/Alpecin continental), Senna Remijn (PBA\/Alpecin continental)<\/p>\n<p><strong>ARK\u00c9A (FRA):<\/strong>\u00a0<\/p>\n<p><strong>BAHRAIN (BRN):<\/strong><\/p>\n<p><strong>COFIDIS (FRA):<\/strong>\u00a0<\/p>\n<p><strong>DECATHLON (FRA):\u00a0<\/strong><\/p>\n<p><strong>EF (USA):<\/strong>\u00a0<\/p>\n<p><strong>GROUPAMA (FRA): <\/strong>Maxime Decomble (FRA\/Groupama filial)<\/p>\n<p><strong>INEOS (GBR):<\/strong>\u00a0<\/p>\n<p><strong>INTERMARCH\u00c9 (BEL):<\/strong> Felix \u00d8rn-Kristoff (NOR\/Wanty filial), Simone Gualdi (ITA\/Wanty filial)<\/p>\n<p><strong>JAYCO (AUS):<\/strong> Wil Holmes (AUS\/Hagens Berman Axeon)<\/p>\n<p><strong>LIDL (USA): <\/strong>Jakob S\u00f6derqvist (SUE\/ Lidl filial)<\/p>\n<p><strong>MOVISTAR (ESP):\u00a0<\/strong><\/p>\n<p><strong>PICNIC (ALE):\u00a0<\/strong><\/p>\n<p><strong>RED BULL (ALE):<\/strong>\u00a0<\/p>\n<p><strong>SOUDAL (BEL):<\/strong> Jonathan Vervenne (BEL\/Soudal filial)<\/p>\n<p><strong>UAE (EAU):\u00a0<\/strong><\/p>\n<p><strong>VISMA (PBA):<\/strong><\/p>\n<p><strong>XDS ASTANA (KAZ):\u00a0<\/strong><\/p>\n<p><strong>PRO TEAMS<\/strong><\/p>\n<p><strong>BURGOS (ESP):<\/strong>\u00a0<\/p>\n<p><strong>CAJA RURAL (ESP):<\/strong>\u00a0<\/p>\n<p><strong>EUSKALTEL (ESP):\u00a0<\/strong><\/p>\n<p><strong>FLANDERS (BEL):<\/strong>\u00a0<\/p>\n<p><strong>ISRAEL (ISR):<\/strong> Brady Gilmore (AUS\/Israel filial)<\/p>\n<p><a href=\"https:\/\/www.ciclo21.com\/tag\/kern-pharma\/\" target=\"_blank\" rel=\"noopener nofollow\"><strong>KERN PHARMA (ESP):<\/strong><\/a>\u00a0<\/p>\n<p><strong>LOTTO (BEL): <\/strong>Jarno Widar (BEL\/Lotto filial)<\/p>\n<p><strong>NOVO NORDISK (USA):\u00a0<\/strong><\/p>\n<p><strong>POLTI (ITA):\u00a0<\/strong><\/p>\n<p><strong>Q36.5 (SUI)<\/strong>:\u00a0<\/p>\n<p><strong>SOLUTION TECH (ITA)<\/strong>:\u00a0<\/p>\n<p><strong>TOTALENERGIES (FRA):<\/strong>\u00a0<\/p>\n<p><strong>TUDOR (SUI)<\/strong>:\u00a0<\/p>\n<p><strong>UNIBET (FRA)<\/strong>: Maty\u00e1\u0161 Kopeck\u00fd (RCH\/Novo Nordisk)<\/p>\n<p><strong>UNO-X (DIN): <\/strong>Henrik Pedersen (DIN\/Uno-X filial)<\/p>\n<p><strong>VF GROUP (ITA):<\/strong>\u00a0<\/p>\n<p><strong>WAGNER (BEL)<\/strong>:\u00a0<\/p>\n<p>M\u00e1s informaci\u00f3n cronol\u00f3gica de las altas a continuaci\u00f3n:<\/p>\n<p style=\"text-align: justify;\"><strong>15 julio<\/strong><\/p>\n<p><a href=\"https:\/\/www.europesays.com\/es\/wp-content\/uploads\/2025\/07\/c-Getty-Sport-left-Private-right.png\" target=\"_blank\" rel=\"noopener\"><img loading=\"lazy\" decoding=\"async\" aria-describedby=\"caption-attachment-441468\" class=\"wp-image-441468  lazy\" src=\"data:image\/svg+xml,%3Csvg%20xmlns=\" http:=\"\" data-src=\"https:\/\/www.europesays.com\/es\/wp-content\/uploads\/2025\/07\/c-Getty-Sport-left-Private-right.png\" alt=\"\" width=\"748\" height=\"421\" data- data-\/><\/a><\/p>\n<p id=\"caption-attachment-441468\" class=\"wp-caption-text\">Storm Ingebrigtsen (izquierda) y Tobias Svarre (derecha) (c) Getty Sport<\/p>\n<p style=\"text-align: justify;\"><strong>Uno-X anunci\u00f3 la incorporaci\u00f3n de Storm Ingebrigtsen y Tobias Svarre como \u00abstagiaires\u00bb para 2025 y con contratos a largo plazo<\/strong>. El equipo escandinavo ha confirmado este lunes la llegada de Ingebrigtsen (Noruega) y Svarre (Dinamarca) como profesionales \u00aben pr\u00e1cticas\u00bb para lo que resta de la temporada 2025. Ambos corredores han firmado tambi\u00e9n contratos profesionales a largo plazo con la formaci\u00f3n escandinava.<\/p>\n<p style=\"text-align: justify;\">El noruego <strong>Storm Ingebrigtsen, de 20 a\u00f1os, ha firmado un contrato de dos temporadas (2026\u20132027)<\/strong> con Uno-X. Procedente del Team Coop, Ingebrigtsen ha sido una de las revelaciones del a\u00f1o tras lograr una victoria en solitario en la primera etapa del Tour de Noruega, aguantando el pulso a un pelot\u00f3n repleto de WorldTeams. Ciclista con potencia y de perfil cl\u00e1sico. \u00abDesde peque\u00f1o he admirado a Uno-X. Es el \u00fanico equipo escandinavo de este nivel y para m\u00ed es un sue\u00f1o unirme. Me gusta su forma de correr y c\u00f3mo desarrollan a los ciclistas\u00bb, coment\u00f3 el joven corredor, que debutar\u00e1 con el equipo como stagiaire en el Tour de Luxemburgo en septiembre. Vers\u00e1til y potente, el joven noruego se define como un rodador con gusto por las carreras largas y selectivas.<strong> \u00abMe gustan las cl\u00e1sicas. Si pudiera elegir una carrera para ganar, ser\u00eda el Tour de Flandes\u00bb<\/strong>.<\/p>\n<p style=\"text-align: justify;\">Para <strong>Thor Hushovd<\/strong>, m\u00e1nager general del equipo y leyenda del ciclismo noruego, el potencial es evidente: \u00abStorm es <strong>uno de los talentos m\u00e1s prometedores del ciclismo noruego actual<\/strong>. Lo que hizo en el Tour de Noruega fue impresionante. Tiene fuerza, mentalidad y ambici\u00f3n. Lo ayudaremos a crecer, especialmente para las grandes cl\u00e1sicas de un d\u00eda\u201d.<\/p>\n<p style=\"text-align: justify;\">Por su parte, el dan\u00e9s <strong>Tobias Svarre, de 21 a\u00f1os, ha firmado un acuerdo por tres temporadas (2026\u20132028)<\/strong> tras destacar con el equipo Colo Quick, donde ha brillado como uno de los j\u00f3venes escaladores m\u00e1s prometedores del pa\u00eds. Atrajo la atenci\u00f3n del p\u00fablico este a\u00f1o liderando un intento organizado por su equipo para <strong>recuperar el KOM del Coll de Rates en Calpe. \u00abFue un esfuerzo de alto nivel. Nunca hab\u00eda rendido tan bien\u00bb<\/strong>, record\u00f3. \u00abEn enero particip\u00e9 en un \u00abtraining camp\u00bb con los Uno-X y me sent\u00ed en casa desde el primer momento. El ambiente escandinavo, la energ\u00eda, el humor\u2026 como joven ciclista, lo m\u00e1s dif\u00edcil es sentirte visto, y aqu\u00ed eso no pasa. Uno-X apuesta de verdad por el desarrollo de sus corredores\u00bb, explic\u00f3 Svarre.<\/p>\n<p style=\"text-align: justify;\">Para<strong> Thor Hushovd<\/strong>, el fichaje es estrat\u00e9gico: \u00abTobias tiene un gran potencial como escalador y ha evolucionado muy bien en Colo Quick. Est\u00e1 listo para dar el salto. <strong>Lo vemos como un corredor importante para el futuro en vueltas por etapas<\/strong>\u00ab.<\/p>\n<p><strong>10 julio<\/strong><\/p>\n<p><a href=\"https:\/\/www.europesays.com\/es\/wp-content\/uploads\/2025\/07\/Captura-de-pantalla-2025-07-10-a-las-11.09.38.png\" target=\"_blank\" rel=\"noopener\"><img loading=\"lazy\" decoding=\"async\" aria-describedby=\"caption-attachment-440891\" class=\"wp-image-440891  lazy\" src=\"data:image\/svg+xml,%3Csvg%20xmlns=\" http:=\"\" data-src=\"https:\/\/www.europesays.com\/es\/wp-content\/uploads\/2025\/07\/Captura-de-pantalla-2025-07-10-a-las-11.09.38.png\" alt=\"\" width=\"747\" height=\"467\" data- data-\/><\/a><\/p>\n<p id=\"caption-attachment-440891\" class=\"wp-caption-text\">Jonathan Vervenne \u00a9 Soudal<\/p>\n<p style=\"text-align: justify;\" data-start=\"82\" data-end=\"451\"><strong data-start=\"82\" data-end=\"163\">El primer fichaje oficial del Soudal Quick-Step para 2026 ya es una realidad.<\/strong> Mientras persisten las especulaciones sobre el futuro de su gran estrella, Remco Evenepoel, el conjunto belga ha asegurado la continuidad de uno de sus talentos m\u00e1s prometedores: <strong data-start=\"343\" data-end=\"364\">Jonathan Vervenne<\/strong>, quien da el salto al profesionalismo tras tres temporadas en el equipo de desarrollo.<\/p>\n<p style=\"text-align: justify;\" data-start=\"453\" data-end=\"778\">El joven ciclista de <strong data-start=\"474\" data-end=\"502\">22 a\u00f1os, natural de Genk<\/strong>, firmar\u00e1 su primer contrato profesional con la estructura WorldTour a partir de la pr\u00f3xima temporada. Vervenne ya ha competido con el primer equipo en varias pruebas como stagiaire, dejando buenas sensaciones y consolid\u00e1ndose como una apuesta de futuro dentro del \u00abWolfPack\u00bb.<\/p>\n<p style=\"text-align: justify;\" data-start=\"780\" data-end=\"1081\">En su palmar\u00e9s figuran dos t\u00edtulos nacionales sub-23 en contrarreloj y una victoria de etapa en el <strong data-start=\"879\" data-end=\"901\">Giro Next Gen 2025<\/strong>, lo que confirma su perfil completo y su progresi\u00f3n constante. Con este movimiento, el Soudal Quick-Step sigue reforzando su proyecto de cantera, apostando por el talento de casa.<\/p>\n<p><strong>27 junio<\/strong><\/p>\n<p><a href=\"https:\/\/www.europesays.com\/es\/wp-content\/uploads\/2025\/07\/Captura-de-pantalla-2025-06-27-a-las-13.05.19.png\" target=\"_blank\" rel=\"noopener\"><img loading=\"lazy\" decoding=\"async\" aria-describedby=\"caption-attachment-439814\" class=\"wp-image-439814  lazy\" src=\"data:image\/svg+xml,%3Csvg%20xmlns=\" http:=\"\" data-src=\"https:\/\/www.europesays.com\/es\/wp-content\/uploads\/2025\/07\/Captura-de-pantalla-2025-06-27-a-las-13.05.19.png\" alt=\"\" width=\"755\" height=\"574\" data- data-\/><\/a><\/p>\n<p id=\"caption-attachment-439814\" class=\"wp-caption-text\">Salto para Senna Remijn \u00a9 Alpecin<\/p>\n<p style=\"text-align: justify;\" data-start=\"93\" data-end=\"436\"><strong data-start=\"93\" data-end=\"139\">Nuevo salto en la carrera de Senna Remijn.<\/strong> El joven ciclista neerland\u00e9s de <strong data-start=\"172\" data-end=\"183\">19 a\u00f1os<\/strong> dar\u00e1 el salto al primer equipo del conjunto <strong data-start=\"228\" data-end=\"241\">WorldTeam<\/strong> a partir del pr\u00f3ximo <strong data-start=\"263\" data-end=\"277\">1 de enero<\/strong>, tras su paso por la estructura de desarrollo. Se trata de un paso natural en su progresi\u00f3n, respaldado por sus destacadas actuaciones en el calendario sub23.<\/p>\n<p style=\"text-align: justify;\" data-start=\"438\" data-end=\"756\">En esta temporada, <strong data-start=\"457\" data-end=\"467\">Remijn<\/strong> ya ha brillado con podios en dos de las cl\u00e1sicas m\u00e1s exigentes de la categor\u00eda: <strong data-start=\"548\" data-end=\"573\">Par\u00eds-Roubaix Espoirs<\/strong> y <strong data-start=\"576\" data-end=\"605\">Lieja-Basto\u00f1a-Lieja sub23<\/strong>. Su talento no ha pasado desapercibido y ha firmado un <strong data-start=\"661\" data-end=\"698\">contrato profesional de tres a\u00f1os<\/strong> que lo vincular\u00e1 con el equipo hasta <strong data-start=\"736\" data-end=\"755\">finales de 2028<\/strong>.<\/p>\n<p><strong>5 junio<\/strong><\/p>\n<p><a href=\"https:\/\/www.europesays.com\/es\/wp-content\/uploads\/2025\/07\/trainingskamp-0901-43-1_1749117239.jpg\" target=\"_blank\" rel=\"noopener\"><img loading=\"lazy\" decoding=\"async\" aria-describedby=\"caption-attachment-437754\" class=\"wp-image-437754  lazy\" src=\"data:image\/svg+xml,%3Csvg%20xmlns=\" http:=\"\" data-src=\"https:\/\/www.europesays.com\/es\/wp-content\/uploads\/2025\/07\/trainingskamp-0901-43-1_1749117239.jpg\" alt=\"\" width=\"746\" height=\"373\" data- data-\/><\/a><\/p>\n<p id=\"caption-attachment-437754\" class=\"wp-caption-text\">Matys Grisel firm\u00f3 un contrato profesional con Lotto hasta 2028<\/p>\n<p style=\"text-align: justify;\"><strong>Matys Grisel ser\u00e1 corredor profesional del Lotto durante las tres pr\u00f3ximas temporadas<\/strong>. El ciclista de 19 a\u00f1os ya formaba parte del equipo de desarrollo del equipo desde el a\u00f1o pasado y ahora sube de categor\u00eda. \u00abSoy un corredor de cl\u00e1sicas y Lotto encaja perfectamente conmigo\u00bb.<\/p>\n<p style=\"text-align: justify;\">Esta temporada, ya ha probado algunas carreras profesionales como la Nokere Koerse, Tro Bro L\u00e9on y los Cuatro D\u00edas de Dunkerque. El franc\u00e9s termin\u00f3 tercero en la Brussels-Opwijk esta temporada, gan\u00f3 la clasificaci\u00f3n general en el Tour de Namur el a\u00f1o pasado, consigui\u00f3 una victoria de etapa en el Tour de Bretagne y fue segundo en la edici\u00f3n sub23 de la Omloop Het Nieuwsblad 2024.<\/p>\n<p><strong>7 mayo<\/strong><\/p>\n<p><a href=\"https:\/\/www.europesays.com\/es\/wp-content\/uploads\/2025\/07\/Nx400xteam-2025.jpg.pagespeed.ic_.dTPn0sJxpW.webp.webp\" target=\"_blank\" rel=\"noopener\"><img loading=\"lazy\" decoding=\"async\" aria-describedby=\"caption-attachment-434850\" class=\"wp-image-434850 size-full lazy\" src=\"data:image\/svg+xml,%3Csvg%20xmlns=\" http:=\"\" data-src=\"https:\/\/www.europesays.com\/es\/wp-content\/uploads\/2025\/07\/Nx400xteam-2025.jpg.pagespeed.ic_.dTPn0sJxpW.webp.webp\" alt=\"\" width=\"600\" height=\"400\" data- data-\/><\/a><\/p>\n<p id=\"caption-attachment-434850\" class=\"wp-caption-text\">\u00a9 Alpecin-Deceuninck<\/p>\n<p style=\"text-align: justify;\"><strong>Alpecin-Deceuninck<\/strong> ha anunciado el ascenso al primer equipo de <strong>dos de sus corredores del equipo Continental<\/strong> de cara a la temporada 2026. Los j\u00f3venes talentos <strong>Lennert Belmans y Aaron Dockx<\/strong> ven recompensados \u200b\u200bsus excelentes actuaciones con un ascenso desde el equipo de desarrollo. Ambos ciclistas han mostrado un progreso impresionante y ahora continuar\u00e1n su desarrollo al m\u00e1s alto nivel del ciclismo profesional.<\/p>\n<p style=\"text-align: justify;\">\u201cEstoy muy contento de unirme al WorldTeam y <strong>seguir desarroll\u00e1ndome en un entorno de confianza<\/strong>\u201d, afirma Lennert. \u201cMi objetivo para los pr\u00f3ximos dos a\u00f1os es convertirme en un miembro valioso del equipo y seguir creciendo como piloto y como persona\u201d. Aaron Dockx: \u201cEstoy s\u00faper contento de pasarme al WorldTeam. <strong>Siento que mi sue\u00f1o de la infancia se est\u00e1 haciendo realidad<\/strong>. Espero seguir trabajando en este entorno con el apoyo perfecto y a ver qu\u00e9 nos depara el futuro\u201d.<\/p>\n<p><strong>15 abril<\/strong><\/p>\n<p><a href=\"https:\/\/www.europesays.com\/es\/wp-content\/uploads\/2025\/07\/Screenshot-2025-04-15-at-13-51-14-Lidl-Trek-Jakob-Soderqvist-promosso-in-prima-squadra-dal-2026-Incr.png\" target=\"_blank\" rel=\"noopener\"><img loading=\"lazy\" decoding=\"async\" aria-describedby=\"caption-attachment-432865\" class=\"wp-image-432865 size-full lazy\" src=\"data:image\/svg+xml,%3Csvg%20xmlns=\" http:=\"\" data-src=\"https:\/\/www.europesays.com\/es\/wp-content\/uploads\/2025\/07\/Screenshot-2025-04-15-at-13-51-14-Lidl-Trek-Jakob-Soderqvist-promosso-in-prima-squadra-dal-2026-Incr.png\" alt=\"Jakob S\u00f6derqvist\" width=\"585\" height=\"478\" data- data-\/><\/a><\/p>\n<p id=\"caption-attachment-432865\" class=\"wp-caption-text\">Jakob S\u00f6derqvist<\/p>\n<p style=\"text-align: justify;\"><strong>Jakob S\u00f6derqvist<\/strong> ascender\u00e1 al primer equipo del Lidl al final de la temporada. Reci\u00e9n llegado de su segundo puesto en la Par\u00eds-Roubaix en su categor\u00eda, tambi\u00e9n hab\u00eda demostrado repetidamente sus cualidades en este inicio de temporada corriendo\u00a0 ya en el primer equipo, confirmando lo que ya hab\u00eda hecho la temporada pasada, en la que tambi\u00e9n hab\u00eda estado cerca del \u00e9xito en el pr\u00f3logo del <strong>Tour de la Provenza,<\/strong> superado \u00fanicamente por su capit\u00e1n <strong>Mads Pedersen.<\/strong> Fue un ganador m\u00faltiple en la categor\u00eda, como en el Giro Next Gen, as\u00ed como en el Tour de Breta\u00f1a y la Flecha del Sur, pero la carrera en la que quiz\u00e1s caus\u00f3 mayor impresi\u00f3n al principio de la temporada fue su actuaci\u00f3n en la Bredene-Koksijde Classic, donde lider\u00f3 el pelot\u00f3n con gran eficacia para lanzar a <strong>Edward Theuns<\/strong> hacia el \u00e9xito.<\/p>\n<p style=\"text-align: justify;\">\u00abUnirme al equipo WorldTour significa empezar un nuevo cap\u00edtulo en mi carrera deportiva y un cap\u00edtulo en el que las posibilidades son infinitas\u00bb, <strong>dice el joven sueco,<\/strong> \u00bbTodos estos son pasos con los que s\u00f3lo he so\u00f1ado hasta ahora. Me di cuenta de que quer\u00eda ver lo bueno que pod\u00eda llegar a ser, as\u00ed que este cap\u00edtulo se trata de cuando tenga estas posibilidades e intentar\u00e9 aprovecharlas al m\u00e1ximo y ver hasta d\u00f3nde podemos llegar\u00bb.<\/p>\n<p><strong>21 marzo<\/strong><\/p>\n<p><a href=\"https:\/\/www.europesays.com\/es\/wp-content\/uploads\/2025\/07\/Gmj7yGjW4AAGL2i.jpg\" target=\"_blank\" rel=\"noopener\"><img loading=\"lazy\" decoding=\"async\" aria-describedby=\"caption-attachment-430498\" class=\"wp-image-430498 lazy\" src=\"data:image\/svg+xml,%3Csvg%20xmlns=\" http:=\"\" data-src=\"https:\/\/www.europesays.com\/es\/wp-content\/uploads\/2025\/07\/Gmj7yGjW4AAGL2i.jpg\" alt=\"\" width=\"750\" height=\"507\" data- data-\/><\/a><\/p>\n<p id=\"caption-attachment-430498\" class=\"wp-caption-text\">Simone Gualdi ascender\u00e1 al primer equipo del Intermarch\u00e9 en 2026<\/p>\n<p style=\"text-align: justify;\"><strong>Simone Gualdi<\/strong>, ciclista de 19 a\u00f1os y actualmente miembro del equipo de desarrollo <strong>Wanty-NIPPO-ReUz<\/strong>, ascender\u00e1 al primer equipo, <strong>Intermarch\u00e9-Wanty<\/strong>, de cara a las <strong>temporadas 2026 y 2027<\/strong>. El <strong>excampe\u00f3n italiano junior<\/strong> ha seguido impresionando desde que se uni\u00f3 a la estructura en 2024.\u00a0 Con los profesionales, ha apoyado a sus l\u00edderes hasta el final de carreras dif\u00edciles como el Circuito de Valonia (10\u00ba), la Famenne Ardenne Classic (11\u00ba), la Volta Limburgo (16\u00ba), la Cl\u00e1sica de Figueira, la Dr\u00f4me Classic, el Trofeo Laigueglia y la Mil\u00e1n-Torino.<\/p>\n<p style=\"text-align: justify;\">El <strong>joven puncheur lombardo<\/strong> est\u00e1 demostrando un estilo de carrera agresivo y est\u00e1 logrando numerosos<strong> puestos destacados<\/strong> en las carreras m\u00e1s importantes de la <strong>categor\u00eda sub-23<\/strong>: segundo en el Tr\u00edptico Arden\u00e9s, cuarto en el campeonato italiano sub-23, noveno en el Giro del Valle de Aosta y 14\u00ba en el Tour del Porvenir. A principios de 2025, Gualdi demostr\u00f3 que hab\u00eda dado un paso m\u00e1s y confirm\u00f3 su capacidad para obtener resultados, con un 10\u00ba puesto en el Trofeo Laigueglia <strong>contra corredores profesionales<\/strong>, su presencia en el grupo de cabeza en la Dr\u00f4me Classic y el Tour de los Alpes Mar\u00edtimos, as\u00ed como un segundo puesto en el GP de Lillers en un recorrido que no le conven\u00eda, demuestran sus cualidades.<\/p>\n<p style=\"text-align: justify;\">Simone Gualdi: \u00abAscender a la categor\u00eda sub-23 con Wanty marc\u00f3 una transici\u00f3n importante para m\u00ed. <strong>Proveniente de un peque\u00f1o club juvenil italiano y<\/strong> <strong>sin experiencia internacional, esto supuso un desaf\u00edo<\/strong>, incluyendo la barrera del idioma, que super\u00e9 r\u00e1pidamente gracias a mi r\u00e1pida integraci\u00f3n. Mi primer a\u00f1o en la estructura ofreci\u00f3 un programa de carreras diverso. Cada carrera fue una valiosa experiencia de aprendizaje. Por ejemplo, <strong>recuerdo lo importante que fue para mi desarrollo mi primer contacto con los abanicos<\/strong> del Youngster Coast Challenge. La oportunidad de competir junto al WorldTeam aceler\u00f3 significativamente mi progreso, brind\u00e1ndome una experiencia crucial en carreras. He visto una mejora considerable <strong>en \u00e1reas como el posicionamiento, entendiendo su importancia crucial antes de las subidas<\/strong> y reconociendo el valor de la conciencia t\u00e1ctica. Tengo plena confianza en los planes de nuestro equipo de rendimiento y estoy muy motivado para seguirlos y trabajar duro para alcanzar mis objetivos. Para mi \u00faltima temporada sub-23, <strong>me centrar\u00e9 en objetivos clave como el Giro de Italia, el Campeonato de Italia<\/strong> -que tiene un significado especial desde mi juventud-, <strong>el Campeonato de Europa y el Campeonato del Mundo<\/strong>. Tras haberme integrado bien con el equipo profesional gracias a los entrenamientos y las carreras, ahora estoy deseando vivir mis primeras carreras del World Tour y ponerme a prueba a ese nivel superior. Finalmente, sue\u00f1o con hacer realidad <strong>mi sue\u00f1o de la infancia: participar en Il Lombardia<\/strong>, mi carrera de casa, y afrontar el Passo Ganda delante de mi familia. Como todo ciclista italiano, el Giro de Italia tambi\u00e9n representa una gran aspiraci\u00f3n\u00bb.<\/p>\n<p style=\"text-align: justify;\"><strong>19 diciembre 2024<\/strong><\/p>\n<p><a href=\"https:\/\/www.europesays.com\/es\/wp-content\/uploads\/2025\/07\/photonews-11080034-049_1734607535.jpg\" target=\"_blank\" rel=\"noopener\"><img loading=\"lazy\" decoding=\"async\" aria-describedby=\"caption-attachment-421543\" class=\"wp-image-421543 lazy\" src=\"data:image\/svg+xml,%3Csvg%20xmlns=\" http:=\"\" data-src=\"https:\/\/www.europesays.com\/es\/wp-content\/uploads\/2025\/07\/photonews-11080034-049_1734607535.jpg\" alt=\"\" width=\"751\" height=\"542\" data- data-\/><\/a><\/p>\n<p id=\"caption-attachment-421543\" class=\"wp-caption-text\">Jarno Widar seguir\u00e1 creciendo en el Lotto Dstny<\/p>\n<p style=\"text-align: justify;\"><strong>Lotto Dstny<\/strong> ha anunciado que <strong>Jarno Widar<\/strong> seguir\u00e1 defendiendo los colores del equipo en 2025. El joven talento <strong>seguir\u00e1 formando parte del<\/strong> <strong>equipo de desarrollo<\/strong> durante la pr\u00f3xima temporada, tras lo cual dar\u00e1 el <strong>salto al primer equipo en 2026<\/strong>, donde competir\u00e1 para el equipo al menos hasta 2027. \u00abEn Lotto tengo todas las oportunidades que necesito para seguir desarrollando mi carrera. En los pr\u00f3ximos tres a\u00f1os podremos seguir desarrollando un gran proyecto juntos, cuyas bases ya se sentaron la temporada pasada. <strong>El Giro de Italia sub-23 y el Tour del Porvenir, as\u00ed como los Campeonatos de Europa y del Mundo, ser\u00e1n objetivos clave<\/strong> para la pr\u00f3xima temporada. Adem\u00e1s, podr\u00e9 vivir algunas carreras importantes a mi propio ritmo. Siento que el equipo est\u00e1 haciendo todo lo posible en t\u00e9rminos de rendimiento para que esto sea un \u00e9xito y espero con ilusi\u00f3n la pr\u00f3xima temporada\u00bb.<\/p>\n<p><strong>22 agosto 2024<\/strong><\/p>\n<p><a href=\"https:\/\/www.europesays.com\/es\/wp-content\/uploads\/2025\/07\/Decomble-1.jpg\"><img loading=\"lazy\" decoding=\"async\" aria-describedby=\"caption-attachment-411336\" class=\"wp-image-411336 lazy\" src=\"data:image\/svg+xml,%3Csvg%20xmlns=\" http:=\"\" data-src=\"https:\/\/www.europesays.com\/es\/wp-content\/uploads\/2025\/07\/Decomble-1.jpg\" alt=\"\" width=\"620\" height=\"620\" data- data-\/><\/a><\/p>\n<p id=\"caption-attachment-411336\" class=\"wp-caption-text\">Maxime Decomble \u00a9 Groupama<\/p>\n<p style=\"text-align: justify;\"><strong>Maxime Decomble<\/strong> se convertir\u00e1 en el primer refuerzo del equipo <strong>Groupama<\/strong> a partir de la temporada 2026. El joven franc\u00e9s de 19 a\u00f1os compite actualmente en el conjunto filial del que tambi\u00e9n formar\u00e1 parte en 2025. Y a partir de 2026 ya lo har\u00e1 en el primer equipo de la escuadra francesa al firmar un contrato de dos a\u00f1os hasta 2027.<\/p>\n<p><a href=\"https:\/\/www.europesays.com\/es\/wp-content\/uploads\/2025\/07\/WhatsApp-Image-2024-02-04-at-17.38.52-e1707127814215.jpeg\"><img loading=\"lazy\" decoding=\"async\" aria-describedby=\"caption-attachment-391939\" class=\"wp-image-391939 lazy\" src=\"data:image\/svg+xml,%3Csvg%20xmlns=\" http:=\"\" data-src=\"https:\/\/www.europesays.com\/es\/wp-content\/uploads\/2025\/07\/WhatsApp-Image-2024-02-04-at-17.38.52-e1707127814215.jpeg\" alt=\"\" width=\"620\" height=\"465\" data- data-\/><\/a><\/p>\n<p id=\"caption-attachment-391939\" class=\"wp-caption-text\">Felix \u00d8rn-Kristoff y su hermano Alexander \u00a9 Intermarch\u00e9<\/p>\n<p><strong>5 febrero 2024<\/strong><\/p>\n<p style=\"text-align: justify;\">El joven talento <strong>noruego de 17 a\u00f1os Felix \u00d8rn-Kristoff<\/strong>, <strong>medallista de bronce del Campeonato del Mundo junior<\/strong>, ha firmado con Intermarch\u00e9-Wanty al menos hasta finales de 2027.\u00a0Durante la temporada 2024, su \u00faltimo a\u00f1o en la <strong>categor\u00eda junior en el equipo Stavanger<\/strong>, contar\u00e1 con el apoyo de la estructura valona para preparar su transici\u00f3n a la categor\u00eda sub-23 <strong>el pr\u00f3ximo a\u00f1o con Wanty-ReUz-Technord<\/strong>, el equipo de desarrollo del WorldTeam belga, y<strong> al primer equipo en 2026.<\/strong><\/p>\n<p style=\"text-align: justify;\">Adem\u00e1s de su medalla de bronce en el \u00faltimo Campeonato del Mundo en Glasgow, \u00d8rn-Kristoff tambi\u00e9n termin\u00f3 <strong>noveno en el Campeonato de Europa en el Col du VAM en Drenthe<\/strong>. Como junior de primer a\u00f1o <strong>gan\u00f3 con autoridad las tres etapas y la clasificaci\u00f3n final de la Copa de Naciones de Hungr\u00eda<\/strong> y obtuvo muchos otros grandes resultados al sprint en competiciones de renombre internacional. Tambi\u00e9n <strong>experto en la pista<\/strong>, donde gan\u00f3 varios t\u00edtulos nacionales y carreras en la <strong>Apeldoorn Next Generation<\/strong>, Felix \u00d8rn-Kristoff <strong>es el hermano menor del excampe\u00f3n europeo Alexander Kristoff<\/strong>, que corri\u00f3 con Intermarch\u00e9-Wanty.<\/p>\n<p style=\"text-align: justify;\">Felix \u00d8rn-Kristoff: \u00abAdmiro a los corredores de Intermarch\u00e9-Wanty desde hace mucho tiempo. Recuerdo las cl\u00e1sicas en 2022, logrando \u00e9xitos contra viento y marea, fue incre\u00edble. <strong>Las cl\u00e1sicas son las carreras que me hacen so\u00f1ar<\/strong> y que forman parte del ADN de Intermarch\u00e9-Wanty. Por eso ten\u00eda muchas ganas de unirme a esta estructura belga. Cuando corr\u00edan para este equipo, <strong>mi hermano Alexander y Sven Erik Bystr\u00f8m me animaron en mi elecci\u00f3n<\/strong> porque en todos los \u00e1mbitos el equipo se adapta bien a mis necesidades. El objetivo es dar los pasos hacia el mundo profesional a mi ritmo. Soy consciente de que<strong> el paso de la categor\u00eda j\u00fanior al World Tour es grande<\/strong>, por lo que seguir\u00e9 un programa de desarrollo para construir una base s\u00f3lida para mi futura carrera, sin presiones y en primera instancia <strong>combinado con la escuela<\/strong>. Estoy muy entusiasmado de comenzar mi carrera dentro de la estructura de Intermarch\u00e9-Wanty. Y tal vez alg\u00fan d\u00eda pueda lograr mi m\u00e1ximo sue\u00f1o con la camiseta del equipo: <strong>ganar el Tour de Flandes, la Par\u00eds-Roubaix o el Campeonato del Mundo<\/strong>\u00ab.<\/p>\n<p style=\"text-align: justify;\"><strong>8 enero 2024<\/strong><\/p>\n<p><a href=\"https:\/\/www.ciclo21.com\/wp-content\/uploads\/2023\/08\/Captura-de-Pantalla-2024-01-08-a-las-20.39.56.png\" target=\"_blank\" rel=\"noopener nofollow\"><img loading=\"lazy\" decoding=\"async\" aria-describedby=\"caption-attachment-389509\" class=\"wp-image-389509 size-large lazy\" src=\"data:image\/svg+xml,%3Csvg%20xmlns=\" http:=\"\" data-src=\"https:\/\/www.europesays.com\/es\/wp-content\/uploads\/2025\/07\/Captura-de-Pantalla-2024-01-08-a-las-20.39.56-1024x611.png\" alt=\"\" width=\"620\" height=\"370\" data- data-\/><\/a><\/p>\n<p id=\"caption-attachment-389509\" class=\"wp-caption-text\">Holmes, en el centro con el oro australiano j\u00fanior contrarreloj 2024 \u00a9 instagram<\/p>\n<p style=\"text-align: justify;\">El equipo <strong>Jayco<\/strong> anuncia que el prometedor talento australiano <strong>Wil Holmes<\/strong> correr\u00e1 para el equipo\u00a0 continental estadounidense <strong>Hagens Berman Axeon en 2025,<\/strong> respectivamente, antes de entrar en el pelot\u00f3n WorldTour con el equipo Jayco en <strong>2026,<\/strong> tras firmar un <strong>contrato de tres a\u00f1os.<\/strong><\/p>\n<p style=\"text-align: justify;\">Hagens Berman Axeon, dirigido por el exciclista <strong>Axel Merckx<\/strong>, est\u00e1 copatrocinado por el equipo Jayco. Se trata de una asociaci\u00f3n importante para crear una v\u00eda s\u00f3lida para que los j\u00f3venes ciclistas aprendan su oficio antes de progresar hacia el WorldTour.<\/p>\n<p style=\"text-align: justify;\">Holmes, de 17 a\u00f1os, ya se ha mostrado prometedor esta temporada, y ha seguido los pasos de su compatriota McKenzie, con una <strong>victoria en la contrarreloj j\u00fanior de los campeonatos nacionales australianos<\/strong> celebrados en Ballarat la semana pasada. Holmes, que actualmente corre para <strong>ARA Skip Capital,<\/strong> se trasladar\u00e1 a Europa para competir con el equipo junior franc\u00e9s <strong>La Pomme Marseille Provence<\/strong> en 2024, antes de dar el salto al equipo Hagens Berman Axeon-Jayco en 2025.<\/p>\n<p><strong>3 agosto 2023<br \/><\/strong><\/p>\n<p>El equipo <strong>Uno-X<\/strong> es el primer equipo UCI en anunciar un fichaje para la <strong>temporada 2026<\/strong>. Se trata del dan\u00e9s <strong>Henrik Pedersen<\/strong> que en 2023 est\u00e1 compitiendo en las filas del <strong>ColoQuick<\/strong>. El corredor de <strong>18 a\u00f1os<\/strong> se unir\u00e1 en 2024 al <strong>equipo de desarrollo<\/strong> de Uno-X y dar\u00e1 el salto a la escuadra <strong>profesional en 2026<\/strong> y 2027. Pedersen ha destacado en el calendario nacional, as\u00ed como en el <strong>Giro de Italia sub-23<\/strong>, donde termin\u00f3 3\u00ba y 7\u00ba en dos etapas que se resolvieron al sprint.<\/p>\n","protected":false},"excerpt":{"rendered":"MERCADO FICHAJES 2024 \/ 2025 Redacci\u00f3n \/ Ciclo 21 30 julio \u00a9 Israel Premier Tech Despu\u00e9s de una&hellip;\n","protected":false},"author":2,"featured_media":15191,"comment_status":"","ping_status":"","sticky":false,"template":"","format":"standard","meta":{"footnotes":""},"categories":[273],"tags":[313,312,168,25,24,285,1239,23,167],"class_list":{"0":"post-15190","1":"post","2":"type-post","3":"status-publish","4":"format-standard","5":"has-post-thumbnail","7":"category-ciclismo","8":"tag-ciclismo","9":"tag-cycling","10":"tag-deportes","11":"tag-es","12":"tag-espana","13":"tag-fichajes","14":"tag-mercado","15":"tag-spain","16":"tag-sports"},"share_on_mastodon":{"url":"","error":""},"_links":{"self":[{"href":"https:\/\/www.europesays.com\/es\/wp-json\/wp\/v2\/posts\/15190","targetHints":{"allow":["GET"]}}],"collection":[{"href":"https:\/\/www.europesays.com\/es\/wp-json\/wp\/v2\/posts"}],"about":[{"href":"https:\/\/www.europesays.com\/es\/wp-json\/wp\/v2\/types\/post"}],"author":[{"embeddable":true,"href":"https:\/\/www.europesays.com\/es\/wp-json\/wp\/v2\/users\/2"}],"replies":[{"embeddable":true,"href":"https:\/\/www.europesays.com\/es\/wp-json\/wp\/v2\/comments?post=15190"}],"version-history":[{"count":0,"href":"https:\/\/www.europesays.com\/es\/wp-json\/wp\/v2\/posts\/15190\/revisions"}],"wp:featuredmedia":[{"embeddable":true,"href":"https:\/\/www.europesays.com\/es\/wp-json\/wp\/v2\/media\/15191"}],"wp:attachment":[{"href":"https:\/\/www.europesays.com\/es\/wp-json\/wp\/v2\/media?parent=15190"}],"wp:term":[{"taxonomy":"category","embeddable":true,"href":"https:\/\/www.europesays.com\/es\/wp-json\/wp\/v2\/categories?post=15190"},{"taxonomy":"post_tag","embeddable":true,"href":"https:\/\/www.europesays.com\/es\/wp-json\/wp\/v2\/tags?post=15190"}],"curies":[{"name":"wp","href":"https:\/\/api.w.org\/{rel}","templated":true}]}}