{"id":151900,"date":"2025-10-02T03:03:08","date_gmt":"2025-10-02T03:03:08","guid":{"rendered":"https:\/\/www.europesays.com\/es\/151900\/"},"modified":"2025-10-02T03:03:08","modified_gmt":"2025-10-02T03:03:08","slug":"luis-enrique-el-barca-es-un-candidato-claro-a-ganar-la-champions","status":"publish","type":"post","link":"https:\/\/www.europesays.com\/es\/151900\/","title":{"rendered":"Luis Enrique: \u00abEl Bar\u00e7a es un candidato claro a ganar la Champions\u00bb"},"content":{"rendered":"<p>Luis Enrique Mart\u00ednez, t\u00e9cnico del PSG, consider\u00f3 al Barcelona \u00abun candidato claro\u00bb a ganar la m\u00e1xima competici\u00f3n continental europea.<\/p>\n<p>BARCELONA.- Pese a haber derrotado a domicilio (1-2) a<a href=\"https:\/\/espndeportes.espn.com\/futbol\/\" rel=\"nofollow noopener\" target=\"_blank\">l Barcelona <\/a>en la segunda jornada de la Liga de Campeones, el t\u00e9cnico del <a href=\"https:\/\/espndeportes.espn.com\/futbol\/\" rel=\"nofollow noopener\" target=\"_blank\">PSG<\/a>,<strong> Luis Enrique Mart\u00ednez<\/strong>, consider\u00f3 al conjunto azulgrana \u00abun candidato claro\u00bb a ganar la m\u00e1xima competici\u00f3n continental.<\/p>\n<p><img class=\" lazyload lazyload\" data-image-container=\".inline-photo\" height=\"320\" width=\"570\"\/>Luis Enrique\u00a0EFE<\/p>\n<p>\u00abEn ning\u00fan caso (est\u00e1n lejos del <strong>PSG<\/strong>, actual campe\u00f3n de Europa) por un resultado. Para m\u00ed el Bar\u00e7a est\u00e1 claramente entre los candidatos a ganar la Champions. Ellos juegan de maravilla, tienen un nivel alt\u00edsimo y esto solo es el inicio de la competici\u00f3n\u00bb, ha afirmado desde la sala de prensa del <strong>Estadio Ol\u00edmpico Llu\u00eds Companys<\/strong>.<\/p>\n<p>En este sentido, <strong>Luis Enrique <\/strong>ha destacado el gran espect\u00e1culo que ofrecieron ambas escuadras: \u00abHoy se ha visto un partido excelente. Cuando ves jugar a dos equipos que no dan patadas e intentan hacerse da\u00f1o con el bal\u00f3n el uno al otro, es una maravilla\u00bb.<\/p>\n<p>De hecho, el expreparador azulgrana subray\u00f3 que \u00abhay pocos equipos con una identidad tan clara\u00bb como su <strong>PSG <\/strong>y el <strong>Barcelona<\/strong>, del que reconoci\u00f3 su superioridad en el partido \u00abhasta que marcaron el gol\u00bb<\/p>\n<p>\u00abDespu\u00e9s de encajar el 1-0, hemos mejorado y hemos hecho una segunda mitad de mucho nivel\u00bb, destac\u00f3 Luis Enrique, feliz por la victoria pese a tener muchas bajas, un resultado que debe servir a su equipo \u00abpara recuperar la confianza\u00bb despu\u00e9s de perder en la Liga francesa contra el Olympique de Marsella (1-0).<\/p>\n<p>\u00abHoy hemos jugado con muchos jugadores j\u00f3venes de la cantera y es una maravilla entrenar un equipo as\u00ed. Da igual qui\u00e9n lleve esta camiseta. Lo importante es que he vuelto a sentir esa mentalidad y ese ADN que tenemos como equipo\u00bb, afirm\u00f3.<\/p>\n<p>El preparador asturiano ha destacado el papel del lateral Nuno Gomes y del central Hakimi &#8211; \u00ablos mejores en su posici\u00f3n\u00bb, dijo- a la hora de superar la presi\u00f3n del Bar\u00e7a \u00abcon pases en profundidad y con la conducci\u00f3n\u00bb.<\/p>\n<p>Y ha agradecido al club catal\u00e1n y a su presidente, Joan Laporta, \u00abel bonito detalle de subastar las camisetas que sus jugadores han llevado hoy para recaudar fondos para la Fundaci\u00f3n Xana\u00bb, que lleva el nombre de su hija fallecida de un osteosarcoma hace seis a\u00f1os y medio.<\/p>\n","protected":false},"excerpt":{"rendered":"Luis Enrique Mart\u00ednez, t\u00e9cnico del PSG, consider\u00f3 al Barcelona \u00abun candidato claro\u00bb a ganar la m\u00e1xima competici\u00f3n continental&hellip;\n","protected":false},"author":2,"featured_media":151901,"comment_status":"","ping_status":"","sticky":false,"template":"","format":"standard","meta":{"footnotes":""},"categories":[93],"tags":[168,25,24,23,167],"class_list":{"0":"post-151900","1":"post","2":"type-post","3":"status-publish","4":"format-standard","5":"has-post-thumbnail","7":"category-deportes","8":"tag-deportes","9":"tag-es","10":"tag-espana","11":"tag-spain","12":"tag-sports"},"share_on_mastodon":{"url":"","error":""},"_links":{"self":[{"href":"https:\/\/www.europesays.com\/es\/wp-json\/wp\/v2\/posts\/151900","targetHints":{"allow":["GET"]}}],"collection":[{"href":"https:\/\/www.europesays.com\/es\/wp-json\/wp\/v2\/posts"}],"about":[{"href":"https:\/\/www.europesays.com\/es\/wp-json\/wp\/v2\/types\/post"}],"author":[{"embeddable":true,"href":"https:\/\/www.europesays.com\/es\/wp-json\/wp\/v2\/users\/2"}],"replies":[{"embeddable":true,"href":"https:\/\/www.europesays.com\/es\/wp-json\/wp\/v2\/comments?post=151900"}],"version-history":[{"count":0,"href":"https:\/\/www.europesays.com\/es\/wp-json\/wp\/v2\/posts\/151900\/revisions"}],"wp:featuredmedia":[{"embeddable":true,"href":"https:\/\/www.europesays.com\/es\/wp-json\/wp\/v2\/media\/151901"}],"wp:attachment":[{"href":"https:\/\/www.europesays.com\/es\/wp-json\/wp\/v2\/media?parent=151900"}],"wp:term":[{"taxonomy":"category","embeddable":true,"href":"https:\/\/www.europesays.com\/es\/wp-json\/wp\/v2\/categories?post=151900"},{"taxonomy":"post_tag","embeddable":true,"href":"https:\/\/www.europesays.com\/es\/wp-json\/wp\/v2\/tags?post=151900"}],"curies":[{"name":"wp","href":"https:\/\/api.w.org\/{rel}","templated":true}]}}