{"id":151902,"date":"2025-10-02T03:08:09","date_gmt":"2025-10-02T03:08:09","guid":{"rendered":"https:\/\/www.europesays.com\/es\/151902\/"},"modified":"2025-10-02T03:08:09","modified_gmt":"2025-10-02T03:08:09","slug":"la-casa-blanca-difunde-las-fotos-de-la-disculpa-de-netanyahu-a-qatar","status":"publish","type":"post","link":"https:\/\/www.europesays.com\/es\/151902\/","title":{"rendered":"La Casa Blanca difunde las fotos de la disculpa de Netanyahu a Qatar"},"content":{"rendered":"\n<p> Con un papel en una mano, mientras sostiene con la otra un tel\u00e9fono. As\u00ed puede verse al primer ministro israel\u00ed,<strong> Benjamin Netanyahu<\/strong>, en <a href=\"https:\/\/www.whitehouse.gov\/gallery\/president-donald-trump-and-israeli-prime-minister-benjamin-netanyahu-hold-a-joint-press-conference-announcing-the-u-s-peace-plan-for-gaza\/\" target=\"_blank\" rel=\"nofollow noopener\">unas fotograf\u00edas difundidas<\/a> por la Casa Blanca correspondientes al instante en que el dirigente llam\u00f3 a su hom\u00f3logo catar\u00ed, <strong>Mohamed bin Abdulrahm\u00e1n<\/strong>, para disculparse por<a href=\"https:\/\/www.elconfidencial.com\/mundo\/2025-09-09\/varias-explosiones-en-qatar-fuentes-israelies-confirman-un-ataque_4205405\/\" target=\"_self\" rel=\"nofollow noopener\"> el ataque a Doha del pasado 9 de septiembre<\/a> en el que murieron seis personas. <\/p>\n<p> La llamada se produjo el pasado lunes desde el Despacho Oval ante el presidente de EEUU,<strong> Donald Trump<\/strong>, que tal y como muestran las im\u00e1genes sosten\u00eda parte del tel\u00e9fono fijo utilizado. \u00abEl primer ministro Netanyahu <strong>expres\u00f3 su profundo pesar <\/strong>por el ataque con misiles de Israel<a href=\"https:\/\/www.elconfidencial.com\/mundo\/2025-09-13\/israel-hamas-bombardeo-doha-ultraderecha-1hms_4208071\/\" target=\"_self\" rel=\"nofollow noopener\"> contra objetivos de Ham\u00e1s en Qatar,<\/a> que caus\u00f3 la muerte accidental de un militar catar\u00ed\u00bb, detall\u00f3 en un comunicado el Gobierno estadounidense. <\/p>\n<p> La nota expresa que el mandatario israel\u00ed lament\u00f3 tambi\u00e9n que \u00abIsrael violara la soberan\u00eda catar\u00ed y afirm\u00f3 que <strong>no volver\u00e1 a realizar un ataque similar<\/strong> en el futuro\u00bb. Y a\u00f1ade que, por su parte, el l\u00edder de Qatar \u00abacogi\u00f3 con satisfacci\u00f3n\u00bb estas palabras y \u00abenfatiz\u00f3 la disposici\u00f3n de Catar a seguir contribuyendo significativamente a <strong>la seguridad y la estabilidad <\/strong>regionales\u00bb. Por \u00faltimo, ambos aceptaron la propuesta de Trump de \u00abestablecer un mecanismo trilateral para mejorar<strong> la coordinaci\u00f3n, la comunicaci\u00f3n y resolver agravios <\/strong>mutuos\u00bb. <\/p>\n<p> Esto coincide adem\u00e1s con <strong>una nueva orden ejecutiva firmada<\/strong> por Trump, en la que contempla que \u00abEstados Unidos considerar\u00e1 todo ataque armado contra el territorio, la soberan\u00eda o la infraestructura cr\u00edtica del Estado de Qatar como <strong>una amenaza para la paz y la seguridad de Estados Unidos<\/strong>\u00ab, recoge el documento, publicado por la Casa Blanca. <\/p>\n<p>               Instante de la llamada del primer ministro israel\u00ed a Qatar. (The White House)             <\/p>\n<p> \u00abEn caso de <a href=\"https:\/\/www.elconfidencial.com\/mundo\/2025-05-21\/netanyahu-permitio-financiar-hamas-catar_4134450\/\" target=\"_self\" rel=\"nofollow noopener\">un ataque de este tipo<\/a>, Estados Unidos deber\u00e1 adoptar <strong>todas las medidas legales y apropiadas<\/strong>, incluidas a nivel diplom\u00e1tico, econ\u00f3mico y, de ser necesario, militar, para defender los intereses de Estados Unidos y el Estado de Qatar <strong>para restaurar la paz y la estabilidad<\/strong>\u00ab, se\u00f1ala. <\/p>\n<p> As\u00ed, afirma que el Gobierno debe mantener \u00abuna<strong> planificaci\u00f3n conjunta de contingencia con Qatar<\/strong> para garantizar una respuesta r\u00e1pida y coordinada ante cualquier agresi\u00f3n extranjera\u00bb contra el pa\u00eds, al tiempo que apunta a una coordinaci\u00f3n \u00abcon socios y aliados\u00bb para \u00abgarantizar <a href=\"https:\/\/www.elconfidencial.com\/mundo\/2025-05-21\/eeuu-acepta-formalmente-boeing-catar-air-force-one_4134384\/\" target=\"_self\" rel=\"nofollow noopener\">medidas de apoyo complementarias<\/a>\u00bb a Doha. <\/p>\n<p> Con un papel en una mano, mientras sostiene con la otra un tel\u00e9fono. As\u00ed puede verse al primer ministro israel\u00ed,<strong> Benjamin Netanyahu<\/strong>, en <a href=\"https:\/\/www.whitehouse.gov\/gallery\/president-donald-trump-and-israeli-prime-minister-benjamin-netanyahu-hold-a-joint-press-conference-announcing-the-u-s-peace-plan-for-gaza\/\" target=\"_blank\" rel=\"nofollow noopener\">unas fotograf\u00edas difundidas<\/a> por la Casa Blanca correspondientes al instante en que el dirigente llam\u00f3 a su hom\u00f3logo catar\u00ed, <strong>Mohamed bin Abdulrahm\u00e1n<\/strong>, para disculparse por<a href=\"https:\/\/www.elconfidencial.com\/mundo\/2025-09-09\/varias-explosiones-en-qatar-fuentes-israelies-confirman-un-ataque_4205405\/\" target=\"_self\" rel=\"nofollow noopener\"> el ataque a Doha del pasado 9 de septiembre<\/a> en el que murieron seis personas. <\/p>\n","protected":false},"excerpt":{"rendered":"Con un papel en una mano, mientras sostiene con la otra un tel\u00e9fono. As\u00ed puede verse al primer&hellip;\n","protected":false},"author":2,"featured_media":151903,"comment_status":"","ping_status":"","sticky":false,"template":"","format":"standard","meta":{"footnotes":""},"categories":[42],"tags":[17,18,13,14,11,61,62,63,64,19,20,9,10,15,16,12,21,22,65,66,67],"class_list":{"0":"post-151902","1":"post","2":"type-post","3":"status-publish","4":"format-standard","5":"has-post-thumbnail","7":"category-internacional","8":"tag-breaking-news","9":"tag-breakingnews","10":"tag-featured-news","11":"tag-featurednews","12":"tag-headlines","13":"tag-internacional","14":"tag-international","15":"tag-international-news","16":"tag-internationalnews","17":"tag-latest-news","18":"tag-latestnews","19":"tag-news","20":"tag-noticias","21":"tag-noticias-destacadas","22":"tag-noticiasdestacadas","23":"tag-titulares","24":"tag-ultimas-noticias","25":"tag-ultimasnoticias","26":"tag-world","27":"tag-world-news","28":"tag-worldnews"},"share_on_mastodon":{"url":"","error":""},"_links":{"self":[{"href":"https:\/\/www.europesays.com\/es\/wp-json\/wp\/v2\/posts\/151902","targetHints":{"allow":["GET"]}}],"collection":[{"href":"https:\/\/www.europesays.com\/es\/wp-json\/wp\/v2\/posts"}],"about":[{"href":"https:\/\/www.europesays.com\/es\/wp-json\/wp\/v2\/types\/post"}],"author":[{"embeddable":true,"href":"https:\/\/www.europesays.com\/es\/wp-json\/wp\/v2\/users\/2"}],"replies":[{"embeddable":true,"href":"https:\/\/www.europesays.com\/es\/wp-json\/wp\/v2\/comments?post=151902"}],"version-history":[{"count":0,"href":"https:\/\/www.europesays.com\/es\/wp-json\/wp\/v2\/posts\/151902\/revisions"}],"wp:featuredmedia":[{"embeddable":true,"href":"https:\/\/www.europesays.com\/es\/wp-json\/wp\/v2\/media\/151903"}],"wp:attachment":[{"href":"https:\/\/www.europesays.com\/es\/wp-json\/wp\/v2\/media?parent=151902"}],"wp:term":[{"taxonomy":"category","embeddable":true,"href":"https:\/\/www.europesays.com\/es\/wp-json\/wp\/v2\/categories?post=151902"},{"taxonomy":"post_tag","embeddable":true,"href":"https:\/\/www.europesays.com\/es\/wp-json\/wp\/v2\/tags?post=151902"}],"curies":[{"name":"wp","href":"https:\/\/api.w.org\/{rel}","templated":true}]}}